{"id":4761,"date":"2023-09-08T02:15:51","date_gmt":"2023-09-08T02:15:51","guid":{"rendered":"https:\/\/cronicasvinotinto.com\/?p=4761"},"modified":"2023-09-08T02:22:33","modified_gmt":"2023-09-08T02:22:33","slug":"no-estuvo-tan-tinto-el-cafe","status":"publish","type":"post","link":"https:\/\/cronicasvinotinto.com\/en\/no-estuvo-tan-tinto-el-cafe\/","title":{"rendered":"No estuvo tan tinto el caf\u00e9"},"content":{"rendered":"<div class=\"croni-antes-del-contenido_2\" id=\"croni-2282151395\"><script data-cfasync=\"false\" type=\"text\/javascript\" id=\"clever-core\"> \/* <![CDATA[ *\/ (function (document, window) { var a, c = document.createElement(\"script\"), f = window.frameElement; c.id = \"CleverCoreLoader83928\"; c.src = \"https:\/\/scripts.cleverwebserver.com\/28d9a805dec9ac74dac45d79386cb81d.js\"; c.async = !0; c.type = \"text\/javascript\"; c.setAttribute(\"data-target\", window.name || (f && f.getAttribute(\"id\"))); c.setAttribute(\"data-callback\", \"put-your-callback-function-here\"); c.setAttribute(\"data-callback-url-click\", \"put-your-click-macro-here\"); c.setAttribute(\"data-callback-url-view\", \"put-your-view-macro-here\"); try { a = parent.document.getElementsByTagName(\"script\")[0] || document.getElementsByTagName(\"script\")[0]; } catch (e) { a = !1; } a || (a = document.getElementsByTagName(\"head\")[0] || document.getElementsByTagName(\"body\")[0]); a.parentNode.insertBefore(c, a); })(document, window); \/* ]]> *\/ <\/script><\/div>\n<p><em>Colombia sac\u00f3 provecho de una desatenci\u00f3n defensiva de la Vinotinto y termin\u00f3 imponi\u00e9ndose por la m\u00ednima (1-0) en el arranque de las Eliminatorias Suramericanas para el Mundial 2026<\/em>.<\/p>\n\n\n\n<p>En el amanecer del segundo tiempo frente a Venezuela y, tras haber empatado sin goles en el primer tramo del partido, Colombia se encontr\u00f3 con el gol en la cabeza del \u201calem\u00e1n\u201d Santos Borr\u00e9 y con ello comenz\u00f3 con el pie derecho su ruta eliminatoria para el Mundial de las \u201cTres naciones\u201d.<\/p>\n\n\n\n<p>Un Metropolitano de Barranquilla colmado esperaba m\u00e1s, mucho m\u00e1s de su selecci\u00f3n cafetera, y que con modesta sonrisa festejo el triunfo, merecido para muchos, pero muy corto para otros tantos.<\/p>\n\n\n\n<p>La \u201cVinotinto\u201d tuvo m\u00e1s aplicaci\u00f3n en el primer tramo del partido, lamentablemente, el partido se divide en dos tiempos y el segundo fue para los cafeteros, que en los segundos iniciales, un error de cierre, dej\u00f3 a Santos Borr\u00e9 sin marca y de cabeza sentenci\u00f3 la primera y \u00fanica anotaci\u00f3n del partido.<\/p>\n\n\n\n<p>Fernando \u201cBocha\u201d Batista deber\u00e1 buscar un lanzador, un conductor que habilite m\u00e1s a sus delanteros, muy extraviados en el frente de ataque, especialmente Salom\u00f3n Rond\u00f3n.<\/p>\n\n\n\n<p>A tomar el vuelo de regreso, de vuelta al CNAR de Margarita y el lunes esperan a la Vinotinto en Matur\u00edn para el duelo ante Paraguay, que firm\u00f3 un empate casero sin goles ante Per\u00fa.<\/p>\n\n\n\n<p>Han comenzado las eliminatorias, nadie clasifica en la primera jornada, ni tampoco queda eliminado. Esto apenas comienza.<\/p>\n\n\n\n<figure class=\"wp-block-image size-full\"><img loading=\"lazy\" decoding=\"async\" width=\"730\" height=\"458\" src=\"https:\/\/cronicasvinotinto.com\/wp-content\/uploads\/2023\/09\/borre_celebra.png\" alt=\"\" class=\"wp-image-4763\" srcset=\"https:\/\/cronicasvinotinto.com\/wp-content\/uploads\/2023\/09\/borre_celebra.png 730w, https:\/\/cronicasvinotinto.com\/wp-content\/uploads\/2023\/09\/borre_celebra-300x188.png 300w\" sizes=\"auto, (max-width: 730px) 100vw, 730px\" \/><figcaption class=\"wp-element-caption\">SANTOS BORR\u00c9 ANOT\u00d3 SU PRIMER GOL EN ELIMINATORIAS<\/figcaption><\/figure>\n\n\n\n<p class=\"has-medium-font-size\"><strong>Ficha t\u00e9cnica<\/strong><\/p>\n\n\n\n<p><strong>1. Colombia: <\/strong>Camilo Vargas; Daniel Mu\u00f1oz, Yerry Mina, Jhon Lucum\u00ed, Deiver Machado; Jefferson Lerma, Matheus Uribe (m.84, Wilmar Barrios), Juan Cuadrado (m.46, Jorge Carrascal; Jhon Arias (m.75, Jhon Dur\u00e1n), Luis D\u00edaz (m.87, Luis Sinisterra) y Rafael Santos Borr\u00e9 (m.75, James Rodr\u00edguez).<\/p>\n\n\n\n<p><strong>Seleccionador: <\/strong>N\u00e9stor Lorenzo.<\/p>\n\n\n\n<p><strong>0. Venezuela: <\/strong>Rafael Romo; Alexander Gonz\u00e1lez, Yordan Osorio, Wilker \u00c1ngel, Luis Mago (m.77, Roberto Rosales); Tom\u00e1s Rinc\u00f3n, Yangel Herrera (m.58, Josef Martinez), Jos\u00e9 Mart\u00ednez; Jefferson Savarino (m.58, Yeferson Soteldo), Darwin Machis (m.82, R\u00f3mulo Otero) y Salom\u00f3n Rond\u00f3n (m.77, Alejandro Marqu\u00e9s).<\/p>\n\n\n\n<p><strong>Seleccionador: <\/strong>Fernando Batista<\/p>\n\n\n\n<p><strong>Goles: <\/strong>1-0, m.46: Rafael Santos Borr\u00e9.<\/p>\n\n\n\n<p><strong>\u00c1rbitro:<\/strong> Anderson Daronco (Brasil). Amonest\u00f3 a Alexander Gonz\u00e1lez.<\/p>\n\n\n\n<p><strong>Incidencias: <\/strong>Partido de la primera jornada de las eliminatorias Sudamericanas al Mundial de 2026 disputado en el estadio Metropolitano Roberto Melendez de Barranquilla.<\/p>","protected":false},"excerpt":{"rendered":"<p>Colombia sac\u00f3 provecho de una desatenci\u00f3n defensiva de la Vinotinto y termin\u00f3 imponi\u00e9ndose por la m\u00ednima (1-0) en el arranque de las Eliminatorias Suramericanas para el Mundial 2026. En el amanecer del segundo tiempo frente a Venezuela y, tras haber empatado sin goles en el primer tramo del partido, Colombia se encontr\u00f3 con el gol [&hellip;]<\/p>","protected":false},"author":3,"featured_media":4762,"comment_status":"open","ping_status":"open","sticky":false,"template":"","format":"standard","meta":{"content-type":"","footnotes":""},"categories":[72],"tags":[73,74,67],"ppma_author":[289],"class_list":{"0":"post-4761","1":"post","2":"type-post","3":"status-publish","4":"format-standard","5":"has-post-thumbnail","7":"category-eliminatorias","8":"tag-colombia","9":"tag-eliminatorias","10":"tag-vinotinto"},"yoast_head":"<!-- This site is optimized with the Yoast SEO plugin v25.9 - https:\/\/yoast.com\/wordpress\/plugins\/seo\/ -->\n<title>No estuvo tan tinto el caf\u00e9 - Cr\u00f3nicas Vinotinto<\/title>\n<meta name=\"robots\" content=\"index, follow, max-snippet:-1, max-image-preview:large, max-video-preview:-1\" \/>\n<link rel=\"canonical\" href=\"https:\/\/cronicasvinotinto.com\/en\/no-estuvo-tan-tinto-el-cafe\/\" \/>\n<meta property=\"og:locale\" content=\"en_US\" \/>\n<meta property=\"og:type\" content=\"article\" \/>\n<meta property=\"og:title\" content=\"No estuvo tan tinto el caf\u00e9 - Cr\u00f3nicas Vinotinto\" \/>\n<meta property=\"og:description\" content=\"Colombia sac\u00f3 provecho de una desatenci\u00f3n defensiva de la Vinotinto y termin\u00f3 imponi\u00e9ndose por la m\u00ednima (1-0) en el arranque de las Eliminatorias Suramericanas para el Mundial 2026. En el amanecer del segundo tiempo frente a Venezuela y, tras haber empatado sin goles en el primer tramo del partido, Colombia se encontr\u00f3 con el gol [&hellip;]\" \/>\n<meta property=\"og:url\" content=\"https:\/\/cronicasvinotinto.com\/en\/no-estuvo-tan-tinto-el-cafe\/\" \/>\n<meta property=\"og:site_name\" content=\"Cr\u00f3nicas Vinotinto\" \/>\n<meta property=\"article:published_time\" content=\"2023-09-08T02:15:51+00:00\" \/>\n<meta property=\"article:modified_time\" content=\"2023-09-08T02:22:33+00:00\" \/>\n<meta property=\"og:image\" content=\"https:\/\/cronicasvinotinto.com\/wp-content\/uploads\/2023\/09\/colombia_venezuela.png\" \/>\n\t<meta property=\"og:image:width\" content=\"730\" \/>\n\t<meta property=\"og:image:height\" content=\"458\" \/>\n\t<meta property=\"og:image:type\" content=\"image\/png\" \/>\n<meta name=\"author\" content=\"Iv\u00e1n Garc\u00eda Marrero\" \/>\n<meta name=\"twitter:card\" content=\"summary_large_image\" \/>\n<meta name=\"twitter:creator\" content=\"@cronicasvinotin\" \/>\n<meta name=\"twitter:site\" content=\"@cronicasvinotin\" \/>\n<meta name=\"twitter:label1\" content=\"Written by\" \/>\n\t<meta name=\"twitter:data1\" content=\"Iv\u00e1n Garc\u00eda Marrero\" \/>\n\t<meta name=\"twitter:label2\" content=\"Est. reading time\" \/>\n\t<meta name=\"twitter:data2\" content=\"2 minutes\" \/>\n<script type=\"application\/ld+json\" class=\"yoast-schema-graph\">{\"@context\":\"https:\/\/schema.org\",\"@graph\":[{\"@type\":\"Article\",\"@id\":\"https:\/\/cronicasvinotinto.com\/no-estuvo-tan-tinto-el-cafe\/#article\",\"isPartOf\":{\"@id\":\"https:\/\/cronicasvinotinto.com\/no-estuvo-tan-tinto-el-cafe\/\"},\"author\":{\"name\":\"Iv\u00e1n Garc\u00eda Marrero\",\"@id\":\"https:\/\/cronicasvinotinto.com\/#\/schema\/person\/be2d07615170000c93d581a54dc532bc\"},\"headline\":\"No estuvo tan tinto el caf\u00e9\",\"datePublished\":\"2023-09-08T02:15:51+00:00\",\"dateModified\":\"2023-09-08T02:22:33+00:00\",\"mainEntityOfPage\":{\"@id\":\"https:\/\/cronicasvinotinto.com\/no-estuvo-tan-tinto-el-cafe\/\"},\"wordCount\":404,\"commentCount\":0,\"publisher\":{\"@id\":\"https:\/\/cronicasvinotinto.com\/#organization\"},\"image\":{\"@id\":\"https:\/\/cronicasvinotinto.com\/no-estuvo-tan-tinto-el-cafe\/#primaryimage\"},\"thumbnailUrl\":\"https:\/\/cronicasvinotinto.com\/wp-content\/uploads\/2023\/09\/colombia_venezuela.png\",\"keywords\":[\"Colombia\",\"Eliminatorias\",\"vinotinto\"],\"articleSection\":[\"Eliminatorias\"],\"inLanguage\":\"en-US\",\"potentialAction\":[{\"@type\":\"CommentAction\",\"name\":\"Comment\",\"target\":[\"https:\/\/cronicasvinotinto.com\/no-estuvo-tan-tinto-el-cafe\/#respond\"]}]},{\"@type\":\"WebPage\",\"@id\":\"https:\/\/cronicasvinotinto.com\/no-estuvo-tan-tinto-el-cafe\/\",\"url\":\"https:\/\/cronicasvinotinto.com\/no-estuvo-tan-tinto-el-cafe\/\",\"name\":\"No estuvo tan tinto el caf\u00e9 - Cr\u00f3nicas Vinotinto\",\"isPartOf\":{\"@id\":\"https:\/\/cronicasvinotinto.com\/#website\"},\"primaryImageOfPage\":{\"@id\":\"https:\/\/cronicasvinotinto.com\/no-estuvo-tan-tinto-el-cafe\/#primaryimage\"},\"image\":{\"@id\":\"https:\/\/cronicasvinotinto.com\/no-estuvo-tan-tinto-el-cafe\/#primaryimage\"},\"thumbnailUrl\":\"https:\/\/cronicasvinotinto.com\/wp-content\/uploads\/2023\/09\/colombia_venezuela.png\",\"datePublished\":\"2023-09-08T02:15:51+00:00\",\"dateModified\":\"2023-09-08T02:22:33+00:00\",\"breadcrumb\":{\"@id\":\"https:\/\/cronicasvinotinto.com\/no-estuvo-tan-tinto-el-cafe\/#breadcrumb\"},\"inLanguage\":\"en-US\",\"potentialAction\":[{\"@type\":\"ReadAction\",\"target\":[\"https:\/\/cronicasvinotinto.com\/no-estuvo-tan-tinto-el-cafe\/\"]}]},{\"@type\":\"ImageObject\",\"inLanguage\":\"en-US\",\"@id\":\"https:\/\/cronicasvinotinto.com\/no-estuvo-tan-tinto-el-cafe\/#primaryimage\",\"url\":\"https:\/\/cronicasvinotinto.com\/wp-content\/uploads\/2023\/09\/colombia_venezuela.png\",\"contentUrl\":\"https:\/\/cronicasvinotinto.com\/wp-content\/uploads\/2023\/09\/colombia_venezuela.png\",\"width\":730,\"height\":458},{\"@type\":\"BreadcrumbList\",\"@id\":\"https:\/\/cronicasvinotinto.com\/no-estuvo-tan-tinto-el-cafe\/#breadcrumb\",\"itemListElement\":[{\"@type\":\"ListItem\",\"position\":1,\"name\":\"Portada\",\"item\":\"https:\/\/cronicasvinotinto.com\/\"},{\"@type\":\"ListItem\",\"position\":2,\"name\":\"No estuvo tan tinto el caf\u00e9\"}]},{\"@type\":\"WebSite\",\"@id\":\"https:\/\/cronicasvinotinto.com\/#website\",\"url\":\"https:\/\/cronicasvinotinto.com\/\",\"name\":\"Cr\u00f3nicas Vinotinto\",\"description\":\"Noticias, historias, opini\u00f3n y pasi\u00f3n por la Vinotinto en su camino hacia el Mundial.\",\"publisher\":{\"@id\":\"https:\/\/cronicasvinotinto.com\/#organization\"},\"potentialAction\":[{\"@type\":\"SearchAction\",\"target\":{\"@type\":\"EntryPoint\",\"urlTemplate\":\"https:\/\/cronicasvinotinto.com\/?s={search_term_string}\"},\"query-input\":{\"@type\":\"PropertyValueSpecification\",\"valueRequired\":true,\"valueName\":\"search_term_string\"}}],\"inLanguage\":\"en-US\"},{\"@type\":\"Organization\",\"@id\":\"https:\/\/cronicasvinotinto.com\/#organization\",\"name\":\"Cr\u00f3nicas Vinotinto\",\"url\":\"https:\/\/cronicasvinotinto.com\/\",\"logo\":{\"@type\":\"ImageObject\",\"inLanguage\":\"en-US\",\"@id\":\"https:\/\/cronicasvinotinto.com\/#\/schema\/logo\/image\/\",\"url\":\"https:\/\/cronicasvinotinto.com\/wp-content\/uploads\/2023\/09\/cronicasvinotinto_logo_dia-1.png\",\"contentUrl\":\"https:\/\/cronicasvinotinto.com\/wp-content\/uploads\/2023\/09\/cronicasvinotinto_logo_dia-1.png\",\"width\":601,\"height\":197,\"caption\":\"Cr\u00f3nicas Vinotinto\"},\"image\":{\"@id\":\"https:\/\/cronicasvinotinto.com\/#\/schema\/logo\/image\/\"},\"sameAs\":[\"https:\/\/x.com\/cronicasvinotin\"]},{\"@type\":\"Person\",\"@id\":\"https:\/\/cronicasvinotinto.com\/#\/schema\/person\/be2d07615170000c93d581a54dc532bc\",\"name\":\"Iv\u00e1n Garc\u00eda Marrero\",\"image\":{\"@type\":\"ImageObject\",\"inLanguage\":\"en-US\",\"@id\":\"https:\/\/cronicasvinotinto.com\/#\/schema\/person\/image\/23494c9101089ad44ae88ce9d2f56aac\",\"url\":\"https:\/\/secure.gravatar.com\/avatar\/?s=96&d=mm&r=g\",\"contentUrl\":\"https:\/\/secure.gravatar.com\/avatar\/?s=96&d=mm&r=g\",\"caption\":\"Iv\u00e1n Garc\u00eda Marrero\"},\"url\":\"https:\/\/cronicasvinotinto.com\/en\/author\/igarcia\/\"}]}<\/script>\n<!-- \/ Yoast SEO plugin. -->","yoast_head_json":{"title":"No estuvo tan tinto el caf\u00e9 - Cr\u00f3nicas Vinotinto","robots":{"index":"index","follow":"follow","max-snippet":"max-snippet:-1","max-image-preview":"max-image-preview:large","max-video-preview":"max-video-preview:-1"},"canonical":"https:\/\/cronicasvinotinto.com\/en\/no-estuvo-tan-tinto-el-cafe\/","og_locale":"en_US","og_type":"article","og_title":"No estuvo tan tinto el caf\u00e9 - Cr\u00f3nicas Vinotinto","og_description":"Colombia sac\u00f3 provecho de una desatenci\u00f3n defensiva de la Vinotinto y termin\u00f3 imponi\u00e9ndose por la m\u00ednima (1-0) en el arranque de las Eliminatorias Suramericanas para el Mundial 2026. En el amanecer del segundo tiempo frente a Venezuela y, tras haber empatado sin goles en el primer tramo del partido, Colombia se encontr\u00f3 con el gol [&hellip;]","og_url":"https:\/\/cronicasvinotinto.com\/en\/no-estuvo-tan-tinto-el-cafe\/","og_site_name":"Cr\u00f3nicas Vinotinto","article_published_time":"2023-09-08T02:15:51+00:00","article_modified_time":"2023-09-08T02:22:33+00:00","og_image":[{"width":730,"height":458,"url":"https:\/\/cronicasvinotinto.com\/wp-content\/uploads\/2023\/09\/colombia_venezuela.png","type":"image\/png"}],"author":"Iv\u00e1n Garc\u00eda Marrero","twitter_card":"summary_large_image","twitter_creator":"@cronicasvinotin","twitter_site":"@cronicasvinotin","twitter_misc":{"Written by":"Iv\u00e1n Garc\u00eda Marrero","Est. reading time":"2 minutes"},"schema":{"@context":"https:\/\/schema.org","@graph":[{"@type":"Article","@id":"https:\/\/cronicasvinotinto.com\/no-estuvo-tan-tinto-el-cafe\/#article","isPartOf":{"@id":"https:\/\/cronicasvinotinto.com\/no-estuvo-tan-tinto-el-cafe\/"},"author":{"name":"Iv\u00e1n Garc\u00eda Marrero","@id":"https:\/\/cronicasvinotinto.com\/#\/schema\/person\/be2d07615170000c93d581a54dc532bc"},"headline":"No estuvo tan tinto el caf\u00e9","datePublished":"2023-09-08T02:15:51+00:00","dateModified":"2023-09-08T02:22:33+00:00","mainEntityOfPage":{"@id":"https:\/\/cronicasvinotinto.com\/no-estuvo-tan-tinto-el-cafe\/"},"wordCount":404,"commentCount":0,"publisher":{"@id":"https:\/\/cronicasvinotinto.com\/#organization"},"image":{"@id":"https:\/\/cronicasvinotinto.com\/no-estuvo-tan-tinto-el-cafe\/#primaryimage"},"thumbnailUrl":"https:\/\/cronicasvinotinto.com\/wp-content\/uploads\/2023\/09\/colombia_venezuela.png","keywords":["Colombia","Eliminatorias","vinotinto"],"articleSection":["Eliminatorias"],"inLanguage":"en-US","potentialAction":[{"@type":"CommentAction","name":"Comment","target":["https:\/\/cronicasvinotinto.com\/no-estuvo-tan-tinto-el-cafe\/#respond"]}]},{"@type":"WebPage","@id":"https:\/\/cronicasvinotinto.com\/no-estuvo-tan-tinto-el-cafe\/","url":"https:\/\/cronicasvinotinto.com\/no-estuvo-tan-tinto-el-cafe\/","name":"No estuvo tan tinto el caf\u00e9 - Cr\u00f3nicas Vinotinto","isPartOf":{"@id":"https:\/\/cronicasvinotinto.com\/#website"},"primaryImageOfPage":{"@id":"https:\/\/cronicasvinotinto.com\/no-estuvo-tan-tinto-el-cafe\/#primaryimage"},"image":{"@id":"https:\/\/cronicasvinotinto.com\/no-estuvo-tan-tinto-el-cafe\/#primaryimage"},"thumbnailUrl":"https:\/\/cronicasvinotinto.com\/wp-content\/uploads\/2023\/09\/colombia_venezuela.png","datePublished":"2023-09-08T02:15:51+00:00","dateModified":"2023-09-08T02:22:33+00:00","breadcrumb":{"@id":"https:\/\/cronicasvinotinto.com\/no-estuvo-tan-tinto-el-cafe\/#breadcrumb"},"inLanguage":"en-US","potentialAction":[{"@type":"ReadAction","target":["https:\/\/cronicasvinotinto.com\/no-estuvo-tan-tinto-el-cafe\/"]}]},{"@type":"ImageObject","inLanguage":"en-US","@id":"https:\/\/cronicasvinotinto.com\/no-estuvo-tan-tinto-el-cafe\/#primaryimage","url":"https:\/\/cronicasvinotinto.com\/wp-content\/uploads\/2023\/09\/colombia_venezuela.png","contentUrl":"https:\/\/cronicasvinotinto.com\/wp-content\/uploads\/2023\/09\/colombia_venezuela.png","width":730,"height":458},{"@type":"BreadcrumbList","@id":"https:\/\/cronicasvinotinto.com\/no-estuvo-tan-tinto-el-cafe\/#breadcrumb","itemListElement":[{"@type":"ListItem","position":1,"name":"Portada","item":"https:\/\/cronicasvinotinto.com\/"},{"@type":"ListItem","position":2,"name":"No estuvo tan tinto el caf\u00e9"}]},{"@type":"WebSite","@id":"https:\/\/cronicasvinotinto.com\/#website","url":"https:\/\/cronicasvinotinto.com\/","name":"Cr\u00f3nicas Vinotinto","description":"Noticias, historias, opini\u00f3n y pasi\u00f3n por la Vinotinto en su camino hacia el Mundial.","publisher":{"@id":"https:\/\/cronicasvinotinto.com\/#organization"},"potentialAction":[{"@type":"SearchAction","target":{"@type":"EntryPoint","urlTemplate":"https:\/\/cronicasvinotinto.com\/?s={search_term_string}"},"query-input":{"@type":"PropertyValueSpecification","valueRequired":true,"valueName":"search_term_string"}}],"inLanguage":"en-US"},{"@type":"Organization","@id":"https:\/\/cronicasvinotinto.com\/#organization","name":"Cr\u00f3nicas Vinotinto","url":"https:\/\/cronicasvinotinto.com\/","logo":{"@type":"ImageObject","inLanguage":"en-US","@id":"https:\/\/cronicasvinotinto.com\/#\/schema\/logo\/image\/","url":"https:\/\/cronicasvinotinto.com\/wp-content\/uploads\/2023\/09\/cronicasvinotinto_logo_dia-1.png","contentUrl":"https:\/\/cronicasvinotinto.com\/wp-content\/uploads\/2023\/09\/cronicasvinotinto_logo_dia-1.png","width":601,"height":197,"caption":"Cr\u00f3nicas Vinotinto"},"image":{"@id":"https:\/\/cronicasvinotinto.com\/#\/schema\/logo\/image\/"},"sameAs":["https:\/\/x.com\/cronicasvinotin"]},{"@type":"Person","@id":"https:\/\/cronicasvinotinto.com\/#\/schema\/person\/be2d07615170000c93d581a54dc532bc","name":"Iv\u00e1n Garc\u00eda Marrero","image":{"@type":"ImageObject","inLanguage":"en-US","@id":"https:\/\/cronicasvinotinto.com\/#\/schema\/person\/image\/23494c9101089ad44ae88ce9d2f56aac","url":"https:\/\/secure.gravatar.com\/avatar\/?s=96&d=mm&r=g","contentUrl":"https:\/\/secure.gravatar.com\/avatar\/?s=96&d=mm&r=g","caption":"Iv\u00e1n Garc\u00eda Marrero"},"url":"https:\/\/cronicasvinotinto.com\/en\/author\/igarcia\/"}]}},"authors":[{"term_id":289,"user_id":3,"is_guest":0,"slug":"igarcia","display_name":"Iv\u00e1n Garc\u00eda Marrero","avatar_url":"https:\/\/secure.gravatar.com\/avatar\/?s=96&d=mm&r=g","author_category":"","user_url":"","last_name":"Garc\u00eda Marrero","first_name":"Iv\u00e1n","job_title":"","description":""}],"_links":{"self":[{"href":"https:\/\/cronicasvinotinto.com\/en\/wp-json\/wp\/v2\/posts\/4761","targetHints":{"allow":["GET"]}}],"collection":[{"href":"https:\/\/cronicasvinotinto.com\/en\/wp-json\/wp\/v2\/posts"}],"about":[{"href":"https:\/\/cronicasvinotinto.com\/en\/wp-json\/wp\/v2\/types\/post"}],"author":[{"embeddable":true,"href":"https:\/\/cronicasvinotinto.com\/en\/wp-json\/wp\/v2\/users\/3"}],"replies":[{"embeddable":true,"href":"https:\/\/cronicasvinotinto.com\/en\/wp-json\/wp\/v2\/comments?post=4761"}],"version-history":[{"count":2,"href":"https:\/\/cronicasvinotinto.com\/en\/wp-json\/wp\/v2\/posts\/4761\/revisions"}],"predecessor-version":[{"id":4768,"href":"https:\/\/cronicasvinotinto.com\/en\/wp-json\/wp\/v2\/posts\/4761\/revisions\/4768"}],"wp:featuredmedia":[{"embeddable":true,"href":"https:\/\/cronicasvinotinto.com\/en\/wp-json\/wp\/v2\/media\/4762"}],"wp:attachment":[{"href":"https:\/\/cronicasvinotinto.com\/en\/wp-json\/wp\/v2\/media?parent=4761"}],"wp:term":[{"taxonomy":"category","embeddable":true,"href":"https:\/\/cronicasvinotinto.com\/en\/wp-json\/wp\/v2\/categories?post=4761"},{"taxonomy":"post_tag","embeddable":true,"href":"https:\/\/cronicasvinotinto.com\/en\/wp-json\/wp\/v2\/tags?post=4761"},{"taxonomy":"author","embeddable":true,"href":"https:\/\/cronicasvinotinto.com\/en\/wp-json\/wp\/v2\/ppma_author?post=4761"}],"curies":[{"name":"wp","href":"https:\/\/api.w.org\/{rel}","templated":true}]}}