{"id":5299,"date":"2023-09-23T21:15:23","date_gmt":"2023-09-23T21:15:23","guid":{"rendered":"https:\/\/cronicasvinotinto.com\/?p=5299"},"modified":"2023-09-24T00:22:06","modified_gmt":"2023-09-24T00:22:06","slug":"brasil-anuncio-su-lista-de-convocados-para-partidos-contra-venezuela-y-uruguay","status":"publish","type":"post","link":"https:\/\/cronicasvinotinto.com\/en\/brasil-anuncio-su-lista-de-convocados-para-partidos-contra-venezuela-y-uruguay\/","title":{"rendered":"Brasil anunci\u00f3 su lista de convocados para partidos contra Venezuela y Uruguay"},"content":{"rendered":"<div class=\"croni-antes-del-contenido_2\" id=\"croni-3020032471\"><script data-cfasync=\"false\" type=\"text\/javascript\" id=\"clever-core\"> \/* <![CDATA[ *\/ (function (document, window) { var a, c = document.createElement(\"script\"), f = window.frameElement; c.id = \"CleverCoreLoader83928\"; c.src = \"https:\/\/scripts.cleverwebserver.com\/28d9a805dec9ac74dac45d79386cb81d.js\"; c.async = !0; c.type = \"text\/javascript\"; c.setAttribute(\"data-target\", window.name || (f && f.getAttribute(\"id\"))); c.setAttribute(\"data-callback\", \"put-your-callback-function-here\"); c.setAttribute(\"data-callback-url-click\", \"put-your-click-macro-here\"); c.setAttribute(\"data-callback-url-view\", \"put-your-view-macro-here\"); try { a = parent.document.getElementsByTagName(\"script\")[0] || document.getElementsByTagName(\"script\")[0]; } catch (e) { a = !1; } a || (a = document.getElementsByTagName(\"head\")[0] || document.getElementsByTagName(\"body\")[0]); a.parentNode.insertBefore(c, a); })(document, window); \/* ]]> *\/ <\/script><\/div>\n<p>La selecci\u00f3n brasile\u00f1a se anticip\u00f3 a todos y anunci\u00f3 su lista de convocados para los partidos de la fecha 3 y 4 de las Eliminatorias 2026 que disputar\u00e1 contra Venezuela y Uruguay. El <em>Scratch, <\/em>dirigido interinamente por Fernando Diniz, llam\u00f3 a 23 futbolistas para la concentraci\u00f3n, entre los que se encuentra el regreso de Vin\u00edcius J\u00fanior, la estrella del Real Madrid que estuvo ausente en la primera fecha doble de las clasificatorias por una lesi\u00f3n que sufri\u00f3 en su club.<\/p>\n\n\n\n<p>A diferencia de &#8216;Vini&#8217;, quienes no vuelven a formar parte de la n\u00f3mina de la Verdeamarela son Antony y Lucas Paquet\u00e1. El jugador del Manchester United figur\u00f3 en la lista para la primera jornada doble, pero fue desafectado por la denuncia de violencia de g\u00e9nero en su contra. Asimismo, el volante del West Ham contin\u00faa apartado de su selecci\u00f3n debido a la investigaci\u00f3n por presuntas infracciones por apuestas.<\/p>\n\n\n\n<p><strong>La Vinotinto<\/strong> se enfrentar\u00e1 a la Canarinha el jueves 12 de octubre de 2023 en el Arena Pantanal de Cuiab\u00e1 a las 8.30 p. m. (hora venezolana) y 7.30 p. m. (hora peruana). El duelo corresponde a la tercera jornada de las Eliminatorias Conmebol 2026.<\/p>\n\n\n\n<h3 class=\"wp-block-heading\"><mark style=\"background-color:rgba(0, 0, 0, 0)\" class=\"has-inline-color has-vivid-red-color\">Convocados de Brasil por Eliminatorias 2026<\/mark><\/h3>\n\n\n\n<p><strong>Arqueros<\/strong><\/p>\n\n\n\n<ul class=\"wp-block-list\">\n<li>Alisson &#8211; Liverpool<\/li>\n\n\n\n<li>Ederson &#8211; Manchester City<\/li>\n\n\n\n<li>Lucas Perri \u2013 Botafogo<\/li>\n<\/ul>\n\n\n\n<p><strong>Defensores<\/strong><\/p>\n\n\n\n<ul class=\"wp-block-list\">\n<li>Bremer &#8211; Juventus<\/li>\n\n\n\n<li>Gabriel Magalhaes &#8211; Arsenal<\/li>\n\n\n\n<li>Marquinhos &#8211; PSG<\/li>\n\n\n\n<li>Nino &#8211; Fluminense<\/li>\n\n\n\n<li>Danilo &#8211; Juventus<\/li>\n\n\n\n<li>Vanderson &#8211; M\u00f3naco<\/li>\n\n\n\n<li>Caio Henrique &#8211; M\u00f3naco<\/li>\n\n\n\n<li>Renan Lodi &#8211; Olympique Marsella.<\/li>\n<\/ul>\n\n\n\n<p><strong>Mediocampistas<\/strong><\/p>\n\n\n\n<ul class=\"wp-block-list\">\n<li>Andr\u00e9 &#8211; Fluminense<\/li>\n\n\n\n<li>Bruno Guimaraes &#8211; Newcastle<\/li>\n\n\n\n<li>Casemiro &#8211; Manchester United<\/li>\n\n\n\n<li>Gerson &#8211; Flamengo<\/li>\n\n\n\n<li>Raphael Veiga &#8211; Palmeiras.<\/li>\n<\/ul>\n\n\n\n<p><strong>Delanteros<\/strong><\/p>\n\n\n\n<ul class=\"wp-block-list\">\n<li>Gabriel Jesus &#8211; Arsenal<\/li>\n\n\n\n<li>Matheus Cunha &#8211; Wolverhampton<\/li>\n\n\n\n<li>Neymar &#8211; Al Hilal<\/li>\n\n\n\n<li>Raphinha &#8211; FC Barcelona<\/li>\n\n\n\n<li>Richarlison &#8211; Tottenham<\/li>\n\n\n\n<li>Rodrygo &#8211; Real Madrid<\/li>\n\n\n\n<li>Vinicius Junior &#8211; Real Madrid<\/li>\n<\/ul>\n\n\n\n<h3 class=\"wp-block-heading\"><strong>Brasil vs. Venezuela: fecha y hora del partido por Eliminatorias<\/strong><\/h3>\n\n\n\n<p><\/p>\n\n\n\n<p class=\"has-small-font-size\"><em>Nota de Carlo Melgarejo publicada en <a href=\"https:\/\/larepublica.pe\/deportes\/2023\/09\/23\/eliminatorias-sudamericanas-2026-brasil-anuncio-su-poderosa-lista-de-convocados-para-partidos-contra-venezuela-y-uruguay-936905\">larepublica.pe<\/a><\/em><\/p>","protected":false},"excerpt":{"rendered":"<p>La selecci\u00f3n brasile\u00f1a se anticip\u00f3 a todos y anunci\u00f3 su lista de convocados para los partidos de la fecha 3 y 4 de las Eliminatorias 2026 que disputar\u00e1 contra Venezuela y Uruguay. El Scratch, dirigido interinamente por Fernando Diniz, llam\u00f3 a 23 futbolistas para la concentraci\u00f3n, entre los que se encuentra el regreso de Vin\u00edcius [&hellip;]<\/p>","protected":false},"author":1,"featured_media":5300,"comment_status":"open","ping_status":"open","sticky":false,"template":"","format":"standard","meta":{"content-type":"","footnotes":""},"categories":[1],"tags":[74,69,67],"ppma_author":[287],"class_list":{"0":"post-5299","1":"post","2":"type-post","3":"status-publish","4":"format-standard","5":"has-post-thumbnail","7":"category-cronicas","8":"tag-eliminatorias","9":"tag-venezuela","10":"tag-vinotinto"},"yoast_head":"<!-- This site is optimized with the Yoast SEO plugin v25.9 - https:\/\/yoast.com\/wordpress\/plugins\/seo\/ -->\n<title>Brasil anunci\u00f3 su lista de convocados para partidos contra Venezuela y Uruguay - Cr\u00f3nicas Vinotinto<\/title>\n<meta name=\"robots\" content=\"index, follow, max-snippet:-1, max-image-preview:large, max-video-preview:-1\" \/>\n<link rel=\"canonical\" href=\"https:\/\/cronicasvinotinto.com\/en\/brasil-anuncio-su-lista-de-convocados-para-partidos-contra-venezuela-y-uruguay\/\" \/>\n<meta property=\"og:locale\" content=\"en_US\" \/>\n<meta property=\"og:type\" content=\"article\" \/>\n<meta property=\"og:title\" content=\"Brasil anunci\u00f3 su lista de convocados para partidos contra Venezuela y Uruguay - Cr\u00f3nicas Vinotinto\" \/>\n<meta property=\"og:description\" content=\"La selecci\u00f3n brasile\u00f1a se anticip\u00f3 a todos y anunci\u00f3 su lista de convocados para los partidos de la fecha 3 y 4 de las Eliminatorias 2026 que disputar\u00e1 contra Venezuela y Uruguay. El Scratch, dirigido interinamente por Fernando Diniz, llam\u00f3 a 23 futbolistas para la concentraci\u00f3n, entre los que se encuentra el regreso de Vin\u00edcius [&hellip;]\" \/>\n<meta property=\"og:url\" content=\"https:\/\/cronicasvinotinto.com\/en\/brasil-anuncio-su-lista-de-convocados-para-partidos-contra-venezuela-y-uruguay\/\" \/>\n<meta property=\"og:site_name\" content=\"Cr\u00f3nicas Vinotinto\" \/>\n<meta property=\"article:published_time\" content=\"2023-09-23T21:15:23+00:00\" \/>\n<meta property=\"article:modified_time\" content=\"2023-09-24T00:22:06+00:00\" \/>\n<meta property=\"og:image\" content=\"https:\/\/cronicasvinotinto.com\/wp-content\/uploads\/2023\/09\/venezuelabrasil.webp\" \/>\n\t<meta property=\"og:image:width\" content=\"640\" \/>\n\t<meta property=\"og:image:height\" content=\"360\" \/>\n\t<meta property=\"og:image:type\" content=\"image\/webp\" \/>\n<meta name=\"author\" content=\"Redacci\u00f3n\" \/>\n<meta name=\"twitter:card\" content=\"summary_large_image\" \/>\n<meta name=\"twitter:creator\" content=\"@cronicasvinotin\" \/>\n<meta name=\"twitter:site\" content=\"@cronicasvinotin\" \/>\n<meta name=\"twitter:label1\" content=\"Written by\" \/>\n\t<meta name=\"twitter:data1\" content=\"Redacci\u00f3n\" \/>\n\t<meta name=\"twitter:label2\" content=\"Est. reading time\" \/>\n\t<meta name=\"twitter:data2\" content=\"2 minutes\" \/>\n<script type=\"application\/ld+json\" class=\"yoast-schema-graph\">{\"@context\":\"https:\/\/schema.org\",\"@graph\":[{\"@type\":\"Article\",\"@id\":\"https:\/\/cronicasvinotinto.com\/brasil-anuncio-su-lista-de-convocados-para-partidos-contra-venezuela-y-uruguay\/#article\",\"isPartOf\":{\"@id\":\"https:\/\/cronicasvinotinto.com\/brasil-anuncio-su-lista-de-convocados-para-partidos-contra-venezuela-y-uruguay\/\"},\"author\":{\"name\":\"Redacci\u00f3n\",\"@id\":\"https:\/\/cronicasvinotinto.com\/#\/schema\/person\/0e8e623396d8724fc2a4b6202252b7b9\"},\"headline\":\"Brasil anunci\u00f3 su lista de convocados para partidos contra Venezuela y Uruguay\",\"datePublished\":\"2023-09-23T21:15:23+00:00\",\"dateModified\":\"2023-09-24T00:22:06+00:00\",\"mainEntityOfPage\":{\"@id\":\"https:\/\/cronicasvinotinto.com\/brasil-anuncio-su-lista-de-convocados-para-partidos-contra-venezuela-y-uruguay\/\"},\"wordCount\":320,\"commentCount\":0,\"publisher\":{\"@id\":\"https:\/\/cronicasvinotinto.com\/#organization\"},\"image\":{\"@id\":\"https:\/\/cronicasvinotinto.com\/brasil-anuncio-su-lista-de-convocados-para-partidos-contra-venezuela-y-uruguay\/#primaryimage\"},\"thumbnailUrl\":\"https:\/\/cronicasvinotinto.com\/wp-content\/uploads\/2023\/09\/venezuelabrasil.webp\",\"keywords\":[\"Eliminatorias\",\"venezuela\",\"vinotinto\"],\"articleSection\":[\"Cr\u00f3nicas\"],\"inLanguage\":\"en-US\",\"potentialAction\":[{\"@type\":\"CommentAction\",\"name\":\"Comment\",\"target\":[\"https:\/\/cronicasvinotinto.com\/brasil-anuncio-su-lista-de-convocados-para-partidos-contra-venezuela-y-uruguay\/#respond\"]}]},{\"@type\":\"WebPage\",\"@id\":\"https:\/\/cronicasvinotinto.com\/brasil-anuncio-su-lista-de-convocados-para-partidos-contra-venezuela-y-uruguay\/\",\"url\":\"https:\/\/cronicasvinotinto.com\/brasil-anuncio-su-lista-de-convocados-para-partidos-contra-venezuela-y-uruguay\/\",\"name\":\"Brasil anunci\u00f3 su lista de convocados para partidos contra Venezuela y Uruguay - Cr\u00f3nicas Vinotinto\",\"isPartOf\":{\"@id\":\"https:\/\/cronicasvinotinto.com\/#website\"},\"primaryImageOfPage\":{\"@id\":\"https:\/\/cronicasvinotinto.com\/brasil-anuncio-su-lista-de-convocados-para-partidos-contra-venezuela-y-uruguay\/#primaryimage\"},\"image\":{\"@id\":\"https:\/\/cronicasvinotinto.com\/brasil-anuncio-su-lista-de-convocados-para-partidos-contra-venezuela-y-uruguay\/#primaryimage\"},\"thumbnailUrl\":\"https:\/\/cronicasvinotinto.com\/wp-content\/uploads\/2023\/09\/venezuelabrasil.webp\",\"datePublished\":\"2023-09-23T21:15:23+00:00\",\"dateModified\":\"2023-09-24T00:22:06+00:00\",\"breadcrumb\":{\"@id\":\"https:\/\/cronicasvinotinto.com\/brasil-anuncio-su-lista-de-convocados-para-partidos-contra-venezuela-y-uruguay\/#breadcrumb\"},\"inLanguage\":\"en-US\",\"potentialAction\":[{\"@type\":\"ReadAction\",\"target\":[\"https:\/\/cronicasvinotinto.com\/brasil-anuncio-su-lista-de-convocados-para-partidos-contra-venezuela-y-uruguay\/\"]}]},{\"@type\":\"ImageObject\",\"inLanguage\":\"en-US\",\"@id\":\"https:\/\/cronicasvinotinto.com\/brasil-anuncio-su-lista-de-convocados-para-partidos-contra-venezuela-y-uruguay\/#primaryimage\",\"url\":\"https:\/\/cronicasvinotinto.com\/wp-content\/uploads\/2023\/09\/venezuelabrasil.webp\",\"contentUrl\":\"https:\/\/cronicasvinotinto.com\/wp-content\/uploads\/2023\/09\/venezuelabrasil.webp\",\"width\":640,\"height\":360,\"caption\":\"Wuilker Angel no ha jugado en su club, Aucas (Ecuador) en cuatro partidos\"},{\"@type\":\"BreadcrumbList\",\"@id\":\"https:\/\/cronicasvinotinto.com\/brasil-anuncio-su-lista-de-convocados-para-partidos-contra-venezuela-y-uruguay\/#breadcrumb\",\"itemListElement\":[{\"@type\":\"ListItem\",\"position\":1,\"name\":\"Portada\",\"item\":\"https:\/\/cronicasvinotinto.com\/\"},{\"@type\":\"ListItem\",\"position\":2,\"name\":\"Brasil anunci\u00f3 su lista de convocados para partidos contra Venezuela y Uruguay\"}]},{\"@type\":\"WebSite\",\"@id\":\"https:\/\/cronicasvinotinto.com\/#website\",\"url\":\"https:\/\/cronicasvinotinto.com\/\",\"name\":\"Cr\u00f3nicas Vinotinto\",\"description\":\"Noticias, historias, opini\u00f3n y pasi\u00f3n por la Vinotinto en su camino hacia el Mundial.\",\"publisher\":{\"@id\":\"https:\/\/cronicasvinotinto.com\/#organization\"},\"potentialAction\":[{\"@type\":\"SearchAction\",\"target\":{\"@type\":\"EntryPoint\",\"urlTemplate\":\"https:\/\/cronicasvinotinto.com\/?s={search_term_string}\"},\"query-input\":{\"@type\":\"PropertyValueSpecification\",\"valueRequired\":true,\"valueName\":\"search_term_string\"}}],\"inLanguage\":\"en-US\"},{\"@type\":\"Organization\",\"@id\":\"https:\/\/cronicasvinotinto.com\/#organization\",\"name\":\"Cr\u00f3nicas Vinotinto\",\"url\":\"https:\/\/cronicasvinotinto.com\/\",\"logo\":{\"@type\":\"ImageObject\",\"inLanguage\":\"en-US\",\"@id\":\"https:\/\/cronicasvinotinto.com\/#\/schema\/logo\/image\/\",\"url\":\"https:\/\/cronicasvinotinto.com\/wp-content\/uploads\/2023\/09\/cronicasvinotinto_logo_dia-1.png\",\"contentUrl\":\"https:\/\/cronicasvinotinto.com\/wp-content\/uploads\/2023\/09\/cronicasvinotinto_logo_dia-1.png\",\"width\":601,\"height\":197,\"caption\":\"Cr\u00f3nicas Vinotinto\"},\"image\":{\"@id\":\"https:\/\/cronicasvinotinto.com\/#\/schema\/logo\/image\/\"},\"sameAs\":[\"https:\/\/x.com\/cronicasvinotin\"]},{\"@type\":\"Person\",\"@id\":\"https:\/\/cronicasvinotinto.com\/#\/schema\/person\/0e8e623396d8724fc2a4b6202252b7b9\",\"name\":\"Redacci\u00f3n\",\"image\":{\"@type\":\"ImageObject\",\"inLanguage\":\"en-US\",\"@id\":\"https:\/\/cronicasvinotinto.com\/#\/schema\/person\/image\/26a26ac99e960ed56db0b1239f5f8aaa\",\"url\":\"https:\/\/secure.gravatar.com\/avatar\/a169766f5f2481bc3829512bd4e4a1727c39501465b2039bab58e1960572040c?s=96&d=mm&r=g\",\"contentUrl\":\"https:\/\/secure.gravatar.com\/avatar\/a169766f5f2481bc3829512bd4e4a1727c39501465b2039bab58e1960572040c?s=96&d=mm&r=g\",\"caption\":\"Redacci\u00f3n\"},\"sameAs\":[\"http:\/\/cronicasvinotinto.com\"],\"url\":\"https:\/\/cronicasvinotinto.com\/en\/author\/cronicasvinotintogmail-com\/\"}]}<\/script>\n<!-- \/ Yoast SEO plugin. -->","yoast_head_json":{"title":"Brasil anunci\u00f3 su lista de convocados para partidos contra Venezuela y Uruguay - Cr\u00f3nicas Vinotinto","robots":{"index":"index","follow":"follow","max-snippet":"max-snippet:-1","max-image-preview":"max-image-preview:large","max-video-preview":"max-video-preview:-1"},"canonical":"https:\/\/cronicasvinotinto.com\/en\/brasil-anuncio-su-lista-de-convocados-para-partidos-contra-venezuela-y-uruguay\/","og_locale":"en_US","og_type":"article","og_title":"Brasil anunci\u00f3 su lista de convocados para partidos contra Venezuela y Uruguay - Cr\u00f3nicas Vinotinto","og_description":"La selecci\u00f3n brasile\u00f1a se anticip\u00f3 a todos y anunci\u00f3 su lista de convocados para los partidos de la fecha 3 y 4 de las Eliminatorias 2026 que disputar\u00e1 contra Venezuela y Uruguay. El Scratch, dirigido interinamente por Fernando Diniz, llam\u00f3 a 23 futbolistas para la concentraci\u00f3n, entre los que se encuentra el regreso de Vin\u00edcius [&hellip;]","og_url":"https:\/\/cronicasvinotinto.com\/en\/brasil-anuncio-su-lista-de-convocados-para-partidos-contra-venezuela-y-uruguay\/","og_site_name":"Cr\u00f3nicas Vinotinto","article_published_time":"2023-09-23T21:15:23+00:00","article_modified_time":"2023-09-24T00:22:06+00:00","og_image":[{"width":640,"height":360,"url":"https:\/\/cronicasvinotinto.com\/wp-content\/uploads\/2023\/09\/venezuelabrasil.webp","type":"image\/webp"}],"author":"Redacci\u00f3n","twitter_card":"summary_large_image","twitter_creator":"@cronicasvinotin","twitter_site":"@cronicasvinotin","twitter_misc":{"Written by":"Redacci\u00f3n","Est. reading time":"2 minutes"},"schema":{"@context":"https:\/\/schema.org","@graph":[{"@type":"Article","@id":"https:\/\/cronicasvinotinto.com\/brasil-anuncio-su-lista-de-convocados-para-partidos-contra-venezuela-y-uruguay\/#article","isPartOf":{"@id":"https:\/\/cronicasvinotinto.com\/brasil-anuncio-su-lista-de-convocados-para-partidos-contra-venezuela-y-uruguay\/"},"author":{"name":"Redacci\u00f3n","@id":"https:\/\/cronicasvinotinto.com\/#\/schema\/person\/0e8e623396d8724fc2a4b6202252b7b9"},"headline":"Brasil anunci\u00f3 su lista de convocados para partidos contra Venezuela y Uruguay","datePublished":"2023-09-23T21:15:23+00:00","dateModified":"2023-09-24T00:22:06+00:00","mainEntityOfPage":{"@id":"https:\/\/cronicasvinotinto.com\/brasil-anuncio-su-lista-de-convocados-para-partidos-contra-venezuela-y-uruguay\/"},"wordCount":320,"commentCount":0,"publisher":{"@id":"https:\/\/cronicasvinotinto.com\/#organization"},"image":{"@id":"https:\/\/cronicasvinotinto.com\/brasil-anuncio-su-lista-de-convocados-para-partidos-contra-venezuela-y-uruguay\/#primaryimage"},"thumbnailUrl":"https:\/\/cronicasvinotinto.com\/wp-content\/uploads\/2023\/09\/venezuelabrasil.webp","keywords":["Eliminatorias","venezuela","vinotinto"],"articleSection":["Cr\u00f3nicas"],"inLanguage":"en-US","potentialAction":[{"@type":"CommentAction","name":"Comment","target":["https:\/\/cronicasvinotinto.com\/brasil-anuncio-su-lista-de-convocados-para-partidos-contra-venezuela-y-uruguay\/#respond"]}]},{"@type":"WebPage","@id":"https:\/\/cronicasvinotinto.com\/brasil-anuncio-su-lista-de-convocados-para-partidos-contra-venezuela-y-uruguay\/","url":"https:\/\/cronicasvinotinto.com\/brasil-anuncio-su-lista-de-convocados-para-partidos-contra-venezuela-y-uruguay\/","name":"Brasil anunci\u00f3 su lista de convocados para partidos contra Venezuela y Uruguay - Cr\u00f3nicas Vinotinto","isPartOf":{"@id":"https:\/\/cronicasvinotinto.com\/#website"},"primaryImageOfPage":{"@id":"https:\/\/cronicasvinotinto.com\/brasil-anuncio-su-lista-de-convocados-para-partidos-contra-venezuela-y-uruguay\/#primaryimage"},"image":{"@id":"https:\/\/cronicasvinotinto.com\/brasil-anuncio-su-lista-de-convocados-para-partidos-contra-venezuela-y-uruguay\/#primaryimage"},"thumbnailUrl":"https:\/\/cronicasvinotinto.com\/wp-content\/uploads\/2023\/09\/venezuelabrasil.webp","datePublished":"2023-09-23T21:15:23+00:00","dateModified":"2023-09-24T00:22:06+00:00","breadcrumb":{"@id":"https:\/\/cronicasvinotinto.com\/brasil-anuncio-su-lista-de-convocados-para-partidos-contra-venezuela-y-uruguay\/#breadcrumb"},"inLanguage":"en-US","potentialAction":[{"@type":"ReadAction","target":["https:\/\/cronicasvinotinto.com\/brasil-anuncio-su-lista-de-convocados-para-partidos-contra-venezuela-y-uruguay\/"]}]},{"@type":"ImageObject","inLanguage":"en-US","@id":"https:\/\/cronicasvinotinto.com\/brasil-anuncio-su-lista-de-convocados-para-partidos-contra-venezuela-y-uruguay\/#primaryimage","url":"https:\/\/cronicasvinotinto.com\/wp-content\/uploads\/2023\/09\/venezuelabrasil.webp","contentUrl":"https:\/\/cronicasvinotinto.com\/wp-content\/uploads\/2023\/09\/venezuelabrasil.webp","width":640,"height":360,"caption":"Wuilker Angel no ha jugado en su club, Aucas (Ecuador) en cuatro partidos"},{"@type":"BreadcrumbList","@id":"https:\/\/cronicasvinotinto.com\/brasil-anuncio-su-lista-de-convocados-para-partidos-contra-venezuela-y-uruguay\/#breadcrumb","itemListElement":[{"@type":"ListItem","position":1,"name":"Portada","item":"https:\/\/cronicasvinotinto.com\/"},{"@type":"ListItem","position":2,"name":"Brasil anunci\u00f3 su lista de convocados para partidos contra Venezuela y Uruguay"}]},{"@type":"WebSite","@id":"https:\/\/cronicasvinotinto.com\/#website","url":"https:\/\/cronicasvinotinto.com\/","name":"Cr\u00f3nicas Vinotinto","description":"Noticias, historias, opini\u00f3n y pasi\u00f3n por la Vinotinto en su camino hacia el Mundial.","publisher":{"@id":"https:\/\/cronicasvinotinto.com\/#organization"},"potentialAction":[{"@type":"SearchAction","target":{"@type":"EntryPoint","urlTemplate":"https:\/\/cronicasvinotinto.com\/?s={search_term_string}"},"query-input":{"@type":"PropertyValueSpecification","valueRequired":true,"valueName":"search_term_string"}}],"inLanguage":"en-US"},{"@type":"Organization","@id":"https:\/\/cronicasvinotinto.com\/#organization","name":"Cr\u00f3nicas Vinotinto","url":"https:\/\/cronicasvinotinto.com\/","logo":{"@type":"ImageObject","inLanguage":"en-US","@id":"https:\/\/cronicasvinotinto.com\/#\/schema\/logo\/image\/","url":"https:\/\/cronicasvinotinto.com\/wp-content\/uploads\/2023\/09\/cronicasvinotinto_logo_dia-1.png","contentUrl":"https:\/\/cronicasvinotinto.com\/wp-content\/uploads\/2023\/09\/cronicasvinotinto_logo_dia-1.png","width":601,"height":197,"caption":"Cr\u00f3nicas Vinotinto"},"image":{"@id":"https:\/\/cronicasvinotinto.com\/#\/schema\/logo\/image\/"},"sameAs":["https:\/\/x.com\/cronicasvinotin"]},{"@type":"Person","@id":"https:\/\/cronicasvinotinto.com\/#\/schema\/person\/0e8e623396d8724fc2a4b6202252b7b9","name":"Redacci\u00f3n","image":{"@type":"ImageObject","inLanguage":"en-US","@id":"https:\/\/cronicasvinotinto.com\/#\/schema\/person\/image\/26a26ac99e960ed56db0b1239f5f8aaa","url":"https:\/\/secure.gravatar.com\/avatar\/a169766f5f2481bc3829512bd4e4a1727c39501465b2039bab58e1960572040c?s=96&d=mm&r=g","contentUrl":"https:\/\/secure.gravatar.com\/avatar\/a169766f5f2481bc3829512bd4e4a1727c39501465b2039bab58e1960572040c?s=96&d=mm&r=g","caption":"Redacci\u00f3n"},"sameAs":["http:\/\/cronicasvinotinto.com"],"url":"https:\/\/cronicasvinotinto.com\/en\/author\/cronicasvinotintogmail-com\/"}]}},"authors":[{"term_id":287,"user_id":1,"is_guest":0,"slug":"cronicasvinotintogmail-com","display_name":"Redacci\u00f3n","avatar_url":"https:\/\/secure.gravatar.com\/avatar\/a169766f5f2481bc3829512bd4e4a1727c39501465b2039bab58e1960572040c?s=96&d=mm&r=g","author_category":"","user_url":"http:\/\/cronicasvinotinto.com","last_name":"","first_name":"","job_title":"","description":""}],"_links":{"self":[{"href":"https:\/\/cronicasvinotinto.com\/en\/wp-json\/wp\/v2\/posts\/5299","targetHints":{"allow":["GET"]}}],"collection":[{"href":"https:\/\/cronicasvinotinto.com\/en\/wp-json\/wp\/v2\/posts"}],"about":[{"href":"https:\/\/cronicasvinotinto.com\/en\/wp-json\/wp\/v2\/types\/post"}],"author":[{"embeddable":true,"href":"https:\/\/cronicasvinotinto.com\/en\/wp-json\/wp\/v2\/users\/1"}],"replies":[{"embeddable":true,"href":"https:\/\/cronicasvinotinto.com\/en\/wp-json\/wp\/v2\/comments?post=5299"}],"version-history":[{"count":2,"href":"https:\/\/cronicasvinotinto.com\/en\/wp-json\/wp\/v2\/posts\/5299\/revisions"}],"predecessor-version":[{"id":5303,"href":"https:\/\/cronicasvinotinto.com\/en\/wp-json\/wp\/v2\/posts\/5299\/revisions\/5303"}],"wp:featuredmedia":[{"embeddable":true,"href":"https:\/\/cronicasvinotinto.com\/en\/wp-json\/wp\/v2\/media\/5300"}],"wp:attachment":[{"href":"https:\/\/cronicasvinotinto.com\/en\/wp-json\/wp\/v2\/media?parent=5299"}],"wp:term":[{"taxonomy":"category","embeddable":true,"href":"https:\/\/cronicasvinotinto.com\/en\/wp-json\/wp\/v2\/categories?post=5299"},{"taxonomy":"post_tag","embeddable":true,"href":"https:\/\/cronicasvinotinto.com\/en\/wp-json\/wp\/v2\/tags?post=5299"},{"taxonomy":"author","embeddable":true,"href":"https:\/\/cronicasvinotinto.com\/en\/wp-json\/wp\/v2\/ppma_author?post=5299"}],"curies":[{"name":"wp","href":"https:\/\/api.w.org\/{rel}","templated":true}]}}