{"id":5322,"date":"2023-09-14T17:11:12","date_gmt":"2023-09-14T17:11:12","guid":{"rendered":"https:\/\/cronicasvinotinto.com\/?p=5322"},"modified":"2023-09-25T20:19:11","modified_gmt":"2023-09-25T20:19:11","slug":"video-asi-convalidaron-en-el-var-el-penal-de-la-victoria-frente-a-paraguay","status":"publish","type":"post","link":"https:\/\/cronicasvinotinto.com\/en\/video-asi-convalidaron-en-el-var-el-penal-de-la-victoria-frente-a-paraguay\/","title":{"rendered":"VIDEO: As\u00ed convalidaron en el VAR el penal de la victoria frente a Paraguay"},"content":{"rendered":"<div class=\"croni-antes-del-contenido_2\" id=\"croni-3634536943\"><script data-cfasync=\"false\" type=\"text\/javascript\" id=\"clever-core\"> \/* <![CDATA[ *\/ (function (document, window) { var a, c = document.createElement(\"script\"), f = window.frameElement; c.id = \"CleverCoreLoader83928\"; c.src = \"https:\/\/scripts.cleverwebserver.com\/28d9a805dec9ac74dac45d79386cb81d.js\"; c.async = !0; c.type = \"text\/javascript\"; c.setAttribute(\"data-target\", window.name || (f && f.getAttribute(\"id\"))); c.setAttribute(\"data-callback\", \"put-your-callback-function-here\"); c.setAttribute(\"data-callback-url-click\", \"put-your-click-macro-here\"); c.setAttribute(\"data-callback-url-view\", \"put-your-view-macro-here\"); try { a = parent.document.getElementsByTagName(\"script\")[0] || document.getElementsByTagName(\"script\")[0]; } catch (e) { a = !1; } a || (a = document.getElementsByTagName(\"head\")[0] || document.getElementsByTagName(\"body\")[0]); a.parentNode.insertBefore(c, a); })(document, window); \/* ]]> *\/ <\/script><\/div>\n<p>La Direcci\u00f3n de \u00c1rbitros de la Conmebol, que est\u00e1 a cargo del paraguayo Enrique C\u00e1ceres, divulg\u00f3 el an\u00e1lisis que se realiz\u00f3 desde el VAR de la jugada que termin\u00f3 con la sanci\u00f3n del penal a favor de&nbsp;<a href=\"https:\/\/onefootball.com\/es\/equipo\/venezuela-591\">Venezuela<\/a>, por una mano del defensor albirrojo, Iv\u00e1n Piris y que determin\u00f3 la victoria Vinotinto en Matur\u00edn por la segunda fecha de las Eliminatorias Sudamericanas camino al Mundial 2026.<\/p>\n\n\n\n<p>Vale destacar que Fernando Acu\u00f1a, quien estuvo encargado desde el VAR, consider\u00f3 una \u00ab<strong>mano antinatural, sancionable<\/strong>\u00bb desde un primer momento por lo que incluso desde la cabina mandaron parar el partido al \u00e1rbitro principal, el colombiano Andr\u00e9s Rojas, quien en principio no hab\u00eda pitado absolutamente nada.<\/p>\n\n\n\n<p><strong>\u00abEn el minuto 90, en un tiro de esquina, en una disputa por el bal\u00f3n, un defensor de rojo y blanco toca el bal\u00f3n con el brazo, que se encuentra en posici\u00f3n antinatural, ampliando su volumen y ocupando un espacio mayor. El VAR, en su chequeo protocolar, usando \u00e1ngulos, velocidades y las consideraciones correctas, logran identificar la mano sancionable del defensor por lo que invitan al \u00e1rbitro a una revisi\u00f3n en campo. El \u00e1rbitro al revisar las im\u00e1genes en el monitor decide cambiar su decisi\u00f3n original y sanciona el penal\u00bb<\/strong>, se escucha decir a la voz en off.<\/p>\n\n\n\n<p>\u00ab<strong>Posible mano, posible mano. Veo una posible mano ah\u00ed arriba<\/strong>\u00ab, indic\u00f3 Acu\u00f1a apenas se percat\u00f3 de la mano de Iv\u00e1n Piris.<\/p>\n\n\n\n<p>El entrenador de&nbsp;<a href=\"https:\/\/onefootball.com\/es\/equipo\/paraguay-47\">Paraguay<\/a>, el argentino Guillermo Barros Schelotto, hab\u00eda indicado que hubo falta previa de un jugador venezolano a la mano de Iv\u00e1n Piris.<\/p>\n\n\n\n<p><strong>\u00abTengo esta disputa, no incide. Est\u00e1 la disputa y no incide en el juego\u00bb,<\/strong>&nbsp;expresaron desde el VAR aunque no queda claro si se refiri\u00f3 a la lucha entre el capit\u00e1n Gustavo G\u00f3mez con un rival o a un empuj\u00f3n al propio Piris.<\/p>\n\n\n\n<p>Lo cierto es que Andr\u00e9s Rojas no tuvo ninguna duda para sancionar la pena m\u00e1xima luego de mirar la jugada en el monitor. Salom\u00f3n Rond\u00f3n, hist\u00f3rico delantero Vinotinto, marc\u00f3 el penal y le dio el triunfo a&nbsp;<a href=\"https:\/\/onefootball.com\/es\/equipo\/venezuela-591\">Venezuela<\/a>&nbsp;en Matur\u00edn.<\/p>\n\n\n\n<figure class=\"wp-block-embed is-type-video is-provider-youtube wp-block-embed-youtube wp-embed-aspect-16-9 wp-has-aspect-ratio\"><div class=\"wp-block-embed__wrapper\">\n<iframe loading=\"lazy\" title=\"ELIMINATORIAS 2026 | REVISI\u00d3N VAR | VENEZUELA vs. PARAGUAY | MINUTO 90\" width=\"1170\" height=\"658\" src=\"https:\/\/www.youtube.com\/embed\/nUt2wrxpllI?feature=oembed\" frameborder=\"0\" allow=\"accelerometer; autoplay; clipboard-write; encrypted-media; gyroscope; picture-in-picture; web-share\" allowfullscreen><\/iframe>\n<\/div><\/figure>\n\n\n\n<p>Nota de <a href=\"https:\/\/www.versus.com.py\/versus\/2023\/09\/13\/asi-analizo-el-var-el-penal-que-determino-la-caida-de-paraguay-en-venezuela\/\">Versus.com.py<\/a><\/p>","protected":false},"excerpt":{"rendered":"<p>La Direcci\u00f3n de \u00c1rbitros de la Conmebol, que est\u00e1 a cargo del paraguayo Enrique C\u00e1ceres, divulg\u00f3 el an\u00e1lisis que se realiz\u00f3 desde el VAR de la jugada que termin\u00f3 con la sanci\u00f3n del penal a favor de&nbsp;Venezuela, por una mano del defensor albirrojo, Iv\u00e1n Piris y que determin\u00f3 la victoria Vinotinto en Matur\u00edn por la [&hellip;]<\/p>","protected":false},"author":1,"featured_media":5323,"comment_status":"open","ping_status":"open","sticky":false,"template":"","format":"standard","meta":{"content-type":"","footnotes":""},"categories":[188],"tags":[191,74,68,76,190,69],"ppma_author":[287],"class_list":{"0":"post-5322","1":"post","2":"type-post","3":"status-publish","4":"format-standard","5":"has-post-thumbnail","7":"category-vinotinto","8":"tag-conmebol","9":"tag-eliminatorias","10":"tag-mundial-2026","11":"tag-paraguay","12":"tag-var","13":"tag-venezuela"},"yoast_head":"<!-- This site is optimized with the Yoast SEO plugin v25.9 - https:\/\/yoast.com\/wordpress\/plugins\/seo\/ -->\n<title>VIDEO: As\u00ed convalidaron en el VAR el penal de la victoria frente a Paraguay - Cr\u00f3nicas Vinotinto<\/title>\n<meta name=\"robots\" content=\"index, follow, max-snippet:-1, max-image-preview:large, max-video-preview:-1\" \/>\n<link rel=\"canonical\" href=\"https:\/\/cronicasvinotinto.com\/en\/video-asi-convalidaron-en-el-var-el-penal-de-la-victoria-frente-a-paraguay\/\" \/>\n<meta property=\"og:locale\" content=\"en_US\" \/>\n<meta property=\"og:type\" content=\"article\" \/>\n<meta property=\"og:title\" content=\"VIDEO: As\u00ed convalidaron en el VAR el penal de la victoria frente a Paraguay - Cr\u00f3nicas Vinotinto\" \/>\n<meta property=\"og:description\" content=\"La Direcci\u00f3n de \u00c1rbitros de la Conmebol, que est\u00e1 a cargo del paraguayo Enrique C\u00e1ceres, divulg\u00f3 el an\u00e1lisis que se realiz\u00f3 desde el VAR de la jugada que termin\u00f3 con la sanci\u00f3n del penal a favor de&nbsp;Venezuela, por una mano del defensor albirrojo, Iv\u00e1n Piris y que determin\u00f3 la victoria Vinotinto en Matur\u00edn por la [&hellip;]\" \/>\n<meta property=\"og:url\" content=\"https:\/\/cronicasvinotinto.com\/en\/video-asi-convalidaron-en-el-var-el-penal-de-la-victoria-frente-a-paraguay\/\" \/>\n<meta property=\"og:site_name\" content=\"Cr\u00f3nicas Vinotinto\" \/>\n<meta property=\"article:published_time\" content=\"2023-09-14T17:11:12+00:00\" \/>\n<meta property=\"article:modified_time\" content=\"2023-09-25T20:19:11+00:00\" \/>\n<meta property=\"og:image\" content=\"https:\/\/cronicasvinotinto.com\/wp-content\/uploads\/2023\/09\/mano_var_paraguay.jpg\" \/>\n\t<meta property=\"og:image:width\" content=\"800\" \/>\n\t<meta property=\"og:image:height\" content=\"600\" \/>\n\t<meta property=\"og:image:type\" content=\"image\/jpeg\" \/>\n<meta name=\"author\" content=\"Redacci\u00f3n\" \/>\n<meta name=\"twitter:card\" content=\"summary_large_image\" \/>\n<meta name=\"twitter:creator\" content=\"@cronicasvinotin\" \/>\n<meta name=\"twitter:site\" content=\"@cronicasvinotin\" \/>\n<meta name=\"twitter:label1\" content=\"Written by\" \/>\n\t<meta name=\"twitter:data1\" content=\"Redacci\u00f3n\" \/>\n\t<meta name=\"twitter:label2\" content=\"Est. reading time\" \/>\n\t<meta name=\"twitter:data2\" content=\"2 minutes\" \/>\n<script type=\"application\/ld+json\" class=\"yoast-schema-graph\">{\"@context\":\"https:\/\/schema.org\",\"@graph\":[{\"@type\":\"Article\",\"@id\":\"https:\/\/cronicasvinotinto.com\/video-asi-convalidaron-en-el-var-el-penal-de-la-victoria-frente-a-paraguay\/#article\",\"isPartOf\":{\"@id\":\"https:\/\/cronicasvinotinto.com\/video-asi-convalidaron-en-el-var-el-penal-de-la-victoria-frente-a-paraguay\/\"},\"author\":{\"name\":\"Redacci\u00f3n\",\"@id\":\"https:\/\/cronicasvinotinto.com\/#\/schema\/person\/0e8e623396d8724fc2a4b6202252b7b9\"},\"headline\":\"VIDEO: As\u00ed convalidaron en el VAR el penal de la victoria frente a Paraguay\",\"datePublished\":\"2023-09-14T17:11:12+00:00\",\"dateModified\":\"2023-09-25T20:19:11+00:00\",\"mainEntityOfPage\":{\"@id\":\"https:\/\/cronicasvinotinto.com\/video-asi-convalidaron-en-el-var-el-penal-de-la-victoria-frente-a-paraguay\/\"},\"wordCount\":397,\"commentCount\":0,\"publisher\":{\"@id\":\"https:\/\/cronicasvinotinto.com\/#organization\"},\"image\":{\"@id\":\"https:\/\/cronicasvinotinto.com\/video-asi-convalidaron-en-el-var-el-penal-de-la-victoria-frente-a-paraguay\/#primaryimage\"},\"thumbnailUrl\":\"https:\/\/cronicasvinotinto.com\/wp-content\/uploads\/2023\/09\/mano_var_paraguay.jpg\",\"keywords\":[\"CONMEBOL\",\"Eliminatorias\",\"mundial 2026\",\"Paraguay\",\"VAR\",\"venezuela\"],\"articleSection\":[\"Vinotinto\"],\"inLanguage\":\"en-US\",\"potentialAction\":[{\"@type\":\"CommentAction\",\"name\":\"Comment\",\"target\":[\"https:\/\/cronicasvinotinto.com\/video-asi-convalidaron-en-el-var-el-penal-de-la-victoria-frente-a-paraguay\/#respond\"]}]},{\"@type\":\"WebPage\",\"@id\":\"https:\/\/cronicasvinotinto.com\/video-asi-convalidaron-en-el-var-el-penal-de-la-victoria-frente-a-paraguay\/\",\"url\":\"https:\/\/cronicasvinotinto.com\/video-asi-convalidaron-en-el-var-el-penal-de-la-victoria-frente-a-paraguay\/\",\"name\":\"VIDEO: As\u00ed convalidaron en el VAR el penal de la victoria frente a Paraguay - Cr\u00f3nicas Vinotinto\",\"isPartOf\":{\"@id\":\"https:\/\/cronicasvinotinto.com\/#website\"},\"primaryImageOfPage\":{\"@id\":\"https:\/\/cronicasvinotinto.com\/video-asi-convalidaron-en-el-var-el-penal-de-la-victoria-frente-a-paraguay\/#primaryimage\"},\"image\":{\"@id\":\"https:\/\/cronicasvinotinto.com\/video-asi-convalidaron-en-el-var-el-penal-de-la-victoria-frente-a-paraguay\/#primaryimage\"},\"thumbnailUrl\":\"https:\/\/cronicasvinotinto.com\/wp-content\/uploads\/2023\/09\/mano_var_paraguay.jpg\",\"datePublished\":\"2023-09-14T17:11:12+00:00\",\"dateModified\":\"2023-09-25T20:19:11+00:00\",\"breadcrumb\":{\"@id\":\"https:\/\/cronicasvinotinto.com\/video-asi-convalidaron-en-el-var-el-penal-de-la-victoria-frente-a-paraguay\/#breadcrumb\"},\"inLanguage\":\"en-US\",\"potentialAction\":[{\"@type\":\"ReadAction\",\"target\":[\"https:\/\/cronicasvinotinto.com\/video-asi-convalidaron-en-el-var-el-penal-de-la-victoria-frente-a-paraguay\/\"]}]},{\"@type\":\"ImageObject\",\"inLanguage\":\"en-US\",\"@id\":\"https:\/\/cronicasvinotinto.com\/video-asi-convalidaron-en-el-var-el-penal-de-la-victoria-frente-a-paraguay\/#primaryimage\",\"url\":\"https:\/\/cronicasvinotinto.com\/wp-content\/uploads\/2023\/09\/mano_var_paraguay.jpg\",\"contentUrl\":\"https:\/\/cronicasvinotinto.com\/wp-content\/uploads\/2023\/09\/mano_var_paraguay.jpg\",\"width\":800,\"height\":600},{\"@type\":\"BreadcrumbList\",\"@id\":\"https:\/\/cronicasvinotinto.com\/video-asi-convalidaron-en-el-var-el-penal-de-la-victoria-frente-a-paraguay\/#breadcrumb\",\"itemListElement\":[{\"@type\":\"ListItem\",\"position\":1,\"name\":\"Portada\",\"item\":\"https:\/\/cronicasvinotinto.com\/\"},{\"@type\":\"ListItem\",\"position\":2,\"name\":\"VIDEO: As\u00ed convalidaron en el VAR el penal de la victoria frente a Paraguay\"}]},{\"@type\":\"WebSite\",\"@id\":\"https:\/\/cronicasvinotinto.com\/#website\",\"url\":\"https:\/\/cronicasvinotinto.com\/\",\"name\":\"Cr\u00f3nicas Vinotinto\",\"description\":\"Noticias, historias, opini\u00f3n y pasi\u00f3n por la Vinotinto en su camino hacia el Mundial.\",\"publisher\":{\"@id\":\"https:\/\/cronicasvinotinto.com\/#organization\"},\"potentialAction\":[{\"@type\":\"SearchAction\",\"target\":{\"@type\":\"EntryPoint\",\"urlTemplate\":\"https:\/\/cronicasvinotinto.com\/?s={search_term_string}\"},\"query-input\":{\"@type\":\"PropertyValueSpecification\",\"valueRequired\":true,\"valueName\":\"search_term_string\"}}],\"inLanguage\":\"en-US\"},{\"@type\":\"Organization\",\"@id\":\"https:\/\/cronicasvinotinto.com\/#organization\",\"name\":\"Cr\u00f3nicas Vinotinto\",\"url\":\"https:\/\/cronicasvinotinto.com\/\",\"logo\":{\"@type\":\"ImageObject\",\"inLanguage\":\"en-US\",\"@id\":\"https:\/\/cronicasvinotinto.com\/#\/schema\/logo\/image\/\",\"url\":\"https:\/\/cronicasvinotinto.com\/wp-content\/uploads\/2023\/09\/cronicasvinotinto_logo_dia-1.png\",\"contentUrl\":\"https:\/\/cronicasvinotinto.com\/wp-content\/uploads\/2023\/09\/cronicasvinotinto_logo_dia-1.png\",\"width\":601,\"height\":197,\"caption\":\"Cr\u00f3nicas Vinotinto\"},\"image\":{\"@id\":\"https:\/\/cronicasvinotinto.com\/#\/schema\/logo\/image\/\"},\"sameAs\":[\"https:\/\/x.com\/cronicasvinotin\"]},{\"@type\":\"Person\",\"@id\":\"https:\/\/cronicasvinotinto.com\/#\/schema\/person\/0e8e623396d8724fc2a4b6202252b7b9\",\"name\":\"Redacci\u00f3n\",\"image\":{\"@type\":\"ImageObject\",\"inLanguage\":\"en-US\",\"@id\":\"https:\/\/cronicasvinotinto.com\/#\/schema\/person\/image\/26a26ac99e960ed56db0b1239f5f8aaa\",\"url\":\"https:\/\/secure.gravatar.com\/avatar\/a169766f5f2481bc3829512bd4e4a1727c39501465b2039bab58e1960572040c?s=96&d=mm&r=g\",\"contentUrl\":\"https:\/\/secure.gravatar.com\/avatar\/a169766f5f2481bc3829512bd4e4a1727c39501465b2039bab58e1960572040c?s=96&d=mm&r=g\",\"caption\":\"Redacci\u00f3n\"},\"sameAs\":[\"http:\/\/cronicasvinotinto.com\"],\"url\":\"https:\/\/cronicasvinotinto.com\/en\/author\/cronicasvinotintogmail-com\/\"}]}<\/script>\n<!-- \/ Yoast SEO plugin. -->","yoast_head_json":{"title":"VIDEO: As\u00ed convalidaron en el VAR el penal de la victoria frente a Paraguay - Cr\u00f3nicas Vinotinto","robots":{"index":"index","follow":"follow","max-snippet":"max-snippet:-1","max-image-preview":"max-image-preview:large","max-video-preview":"max-video-preview:-1"},"canonical":"https:\/\/cronicasvinotinto.com\/en\/video-asi-convalidaron-en-el-var-el-penal-de-la-victoria-frente-a-paraguay\/","og_locale":"en_US","og_type":"article","og_title":"VIDEO: As\u00ed convalidaron en el VAR el penal de la victoria frente a Paraguay - Cr\u00f3nicas Vinotinto","og_description":"La Direcci\u00f3n de \u00c1rbitros de la Conmebol, que est\u00e1 a cargo del paraguayo Enrique C\u00e1ceres, divulg\u00f3 el an\u00e1lisis que se realiz\u00f3 desde el VAR de la jugada que termin\u00f3 con la sanci\u00f3n del penal a favor de&nbsp;Venezuela, por una mano del defensor albirrojo, Iv\u00e1n Piris y que determin\u00f3 la victoria Vinotinto en Matur\u00edn por la [&hellip;]","og_url":"https:\/\/cronicasvinotinto.com\/en\/video-asi-convalidaron-en-el-var-el-penal-de-la-victoria-frente-a-paraguay\/","og_site_name":"Cr\u00f3nicas Vinotinto","article_published_time":"2023-09-14T17:11:12+00:00","article_modified_time":"2023-09-25T20:19:11+00:00","og_image":[{"width":800,"height":600,"url":"https:\/\/cronicasvinotinto.com\/wp-content\/uploads\/2023\/09\/mano_var_paraguay.jpg","type":"image\/jpeg"}],"author":"Redacci\u00f3n","twitter_card":"summary_large_image","twitter_creator":"@cronicasvinotin","twitter_site":"@cronicasvinotin","twitter_misc":{"Written by":"Redacci\u00f3n","Est. reading time":"2 minutes"},"schema":{"@context":"https:\/\/schema.org","@graph":[{"@type":"Article","@id":"https:\/\/cronicasvinotinto.com\/video-asi-convalidaron-en-el-var-el-penal-de-la-victoria-frente-a-paraguay\/#article","isPartOf":{"@id":"https:\/\/cronicasvinotinto.com\/video-asi-convalidaron-en-el-var-el-penal-de-la-victoria-frente-a-paraguay\/"},"author":{"name":"Redacci\u00f3n","@id":"https:\/\/cronicasvinotinto.com\/#\/schema\/person\/0e8e623396d8724fc2a4b6202252b7b9"},"headline":"VIDEO: As\u00ed convalidaron en el VAR el penal de la victoria frente a Paraguay","datePublished":"2023-09-14T17:11:12+00:00","dateModified":"2023-09-25T20:19:11+00:00","mainEntityOfPage":{"@id":"https:\/\/cronicasvinotinto.com\/video-asi-convalidaron-en-el-var-el-penal-de-la-victoria-frente-a-paraguay\/"},"wordCount":397,"commentCount":0,"publisher":{"@id":"https:\/\/cronicasvinotinto.com\/#organization"},"image":{"@id":"https:\/\/cronicasvinotinto.com\/video-asi-convalidaron-en-el-var-el-penal-de-la-victoria-frente-a-paraguay\/#primaryimage"},"thumbnailUrl":"https:\/\/cronicasvinotinto.com\/wp-content\/uploads\/2023\/09\/mano_var_paraguay.jpg","keywords":["CONMEBOL","Eliminatorias","mundial 2026","Paraguay","VAR","venezuela"],"articleSection":["Vinotinto"],"inLanguage":"en-US","potentialAction":[{"@type":"CommentAction","name":"Comment","target":["https:\/\/cronicasvinotinto.com\/video-asi-convalidaron-en-el-var-el-penal-de-la-victoria-frente-a-paraguay\/#respond"]}]},{"@type":"WebPage","@id":"https:\/\/cronicasvinotinto.com\/video-asi-convalidaron-en-el-var-el-penal-de-la-victoria-frente-a-paraguay\/","url":"https:\/\/cronicasvinotinto.com\/video-asi-convalidaron-en-el-var-el-penal-de-la-victoria-frente-a-paraguay\/","name":"VIDEO: As\u00ed convalidaron en el VAR el penal de la victoria frente a Paraguay - Cr\u00f3nicas Vinotinto","isPartOf":{"@id":"https:\/\/cronicasvinotinto.com\/#website"},"primaryImageOfPage":{"@id":"https:\/\/cronicasvinotinto.com\/video-asi-convalidaron-en-el-var-el-penal-de-la-victoria-frente-a-paraguay\/#primaryimage"},"image":{"@id":"https:\/\/cronicasvinotinto.com\/video-asi-convalidaron-en-el-var-el-penal-de-la-victoria-frente-a-paraguay\/#primaryimage"},"thumbnailUrl":"https:\/\/cronicasvinotinto.com\/wp-content\/uploads\/2023\/09\/mano_var_paraguay.jpg","datePublished":"2023-09-14T17:11:12+00:00","dateModified":"2023-09-25T20:19:11+00:00","breadcrumb":{"@id":"https:\/\/cronicasvinotinto.com\/video-asi-convalidaron-en-el-var-el-penal-de-la-victoria-frente-a-paraguay\/#breadcrumb"},"inLanguage":"en-US","potentialAction":[{"@type":"ReadAction","target":["https:\/\/cronicasvinotinto.com\/video-asi-convalidaron-en-el-var-el-penal-de-la-victoria-frente-a-paraguay\/"]}]},{"@type":"ImageObject","inLanguage":"en-US","@id":"https:\/\/cronicasvinotinto.com\/video-asi-convalidaron-en-el-var-el-penal-de-la-victoria-frente-a-paraguay\/#primaryimage","url":"https:\/\/cronicasvinotinto.com\/wp-content\/uploads\/2023\/09\/mano_var_paraguay.jpg","contentUrl":"https:\/\/cronicasvinotinto.com\/wp-content\/uploads\/2023\/09\/mano_var_paraguay.jpg","width":800,"height":600},{"@type":"BreadcrumbList","@id":"https:\/\/cronicasvinotinto.com\/video-asi-convalidaron-en-el-var-el-penal-de-la-victoria-frente-a-paraguay\/#breadcrumb","itemListElement":[{"@type":"ListItem","position":1,"name":"Portada","item":"https:\/\/cronicasvinotinto.com\/"},{"@type":"ListItem","position":2,"name":"VIDEO: As\u00ed convalidaron en el VAR el penal de la victoria frente a Paraguay"}]},{"@type":"WebSite","@id":"https:\/\/cronicasvinotinto.com\/#website","url":"https:\/\/cronicasvinotinto.com\/","name":"Cr\u00f3nicas Vinotinto","description":"Noticias, historias, opini\u00f3n y pasi\u00f3n por la Vinotinto en su camino hacia el Mundial.","publisher":{"@id":"https:\/\/cronicasvinotinto.com\/#organization"},"potentialAction":[{"@type":"SearchAction","target":{"@type":"EntryPoint","urlTemplate":"https:\/\/cronicasvinotinto.com\/?s={search_term_string}"},"query-input":{"@type":"PropertyValueSpecification","valueRequired":true,"valueName":"search_term_string"}}],"inLanguage":"en-US"},{"@type":"Organization","@id":"https:\/\/cronicasvinotinto.com\/#organization","name":"Cr\u00f3nicas Vinotinto","url":"https:\/\/cronicasvinotinto.com\/","logo":{"@type":"ImageObject","inLanguage":"en-US","@id":"https:\/\/cronicasvinotinto.com\/#\/schema\/logo\/image\/","url":"https:\/\/cronicasvinotinto.com\/wp-content\/uploads\/2023\/09\/cronicasvinotinto_logo_dia-1.png","contentUrl":"https:\/\/cronicasvinotinto.com\/wp-content\/uploads\/2023\/09\/cronicasvinotinto_logo_dia-1.png","width":601,"height":197,"caption":"Cr\u00f3nicas Vinotinto"},"image":{"@id":"https:\/\/cronicasvinotinto.com\/#\/schema\/logo\/image\/"},"sameAs":["https:\/\/x.com\/cronicasvinotin"]},{"@type":"Person","@id":"https:\/\/cronicasvinotinto.com\/#\/schema\/person\/0e8e623396d8724fc2a4b6202252b7b9","name":"Redacci\u00f3n","image":{"@type":"ImageObject","inLanguage":"en-US","@id":"https:\/\/cronicasvinotinto.com\/#\/schema\/person\/image\/26a26ac99e960ed56db0b1239f5f8aaa","url":"https:\/\/secure.gravatar.com\/avatar\/a169766f5f2481bc3829512bd4e4a1727c39501465b2039bab58e1960572040c?s=96&d=mm&r=g","contentUrl":"https:\/\/secure.gravatar.com\/avatar\/a169766f5f2481bc3829512bd4e4a1727c39501465b2039bab58e1960572040c?s=96&d=mm&r=g","caption":"Redacci\u00f3n"},"sameAs":["http:\/\/cronicasvinotinto.com"],"url":"https:\/\/cronicasvinotinto.com\/en\/author\/cronicasvinotintogmail-com\/"}]}},"authors":[{"term_id":287,"user_id":1,"is_guest":0,"slug":"cronicasvinotintogmail-com","display_name":"Redacci\u00f3n","avatar_url":"https:\/\/secure.gravatar.com\/avatar\/a169766f5f2481bc3829512bd4e4a1727c39501465b2039bab58e1960572040c?s=96&d=mm&r=g","author_category":"","user_url":"http:\/\/cronicasvinotinto.com","last_name":"","first_name":"","job_title":"","description":""}],"_links":{"self":[{"href":"https:\/\/cronicasvinotinto.com\/en\/wp-json\/wp\/v2\/posts\/5322","targetHints":{"allow":["GET"]}}],"collection":[{"href":"https:\/\/cronicasvinotinto.com\/en\/wp-json\/wp\/v2\/posts"}],"about":[{"href":"https:\/\/cronicasvinotinto.com\/en\/wp-json\/wp\/v2\/types\/post"}],"author":[{"embeddable":true,"href":"https:\/\/cronicasvinotinto.com\/en\/wp-json\/wp\/v2\/users\/1"}],"replies":[{"embeddable":true,"href":"https:\/\/cronicasvinotinto.com\/en\/wp-json\/wp\/v2\/comments?post=5322"}],"version-history":[{"count":3,"href":"https:\/\/cronicasvinotinto.com\/en\/wp-json\/wp\/v2\/posts\/5322\/revisions"}],"predecessor-version":[{"id":5327,"href":"https:\/\/cronicasvinotinto.com\/en\/wp-json\/wp\/v2\/posts\/5322\/revisions\/5327"}],"wp:featuredmedia":[{"embeddable":true,"href":"https:\/\/cronicasvinotinto.com\/en\/wp-json\/wp\/v2\/media\/5323"}],"wp:attachment":[{"href":"https:\/\/cronicasvinotinto.com\/en\/wp-json\/wp\/v2\/media?parent=5322"}],"wp:term":[{"taxonomy":"category","embeddable":true,"href":"https:\/\/cronicasvinotinto.com\/en\/wp-json\/wp\/v2\/categories?post=5322"},{"taxonomy":"post_tag","embeddable":true,"href":"https:\/\/cronicasvinotinto.com\/en\/wp-json\/wp\/v2\/tags?post=5322"},{"taxonomy":"author","embeddable":true,"href":"https:\/\/cronicasvinotinto.com\/en\/wp-json\/wp\/v2\/ppma_author?post=5322"}],"curies":[{"name":"wp","href":"https:\/\/api.w.org\/{rel}","templated":true}]}}