{"id":5358,"date":"2023-09-26T14:03:54","date_gmt":"2023-09-26T14:03:54","guid":{"rendered":"https:\/\/cronicasvinotinto.com\/?p=5358"},"modified":"2023-09-26T14:04:15","modified_gmt":"2023-09-26T14:04:15","slug":"fernando-petrocelli-en-las-cuentas-logicas-esta-perder-en-brasil","status":"publish","type":"post","link":"https:\/\/cronicasvinotinto.com\/en\/fernando-petrocelli-en-las-cuentas-logicas-esta-perder-en-brasil\/","title":{"rendered":"Fernando Petrocelli: \u201cEn las cuentas l\u00f3gicas, est\u00e1 perder en Brasil\u201d"},"content":{"rendered":"<div class=\"croni-antes-del-contenido_2\" id=\"croni-3768402598\"><script data-cfasync=\"false\" type=\"text\/javascript\" id=\"clever-core\"> \/* <![CDATA[ *\/ (function (document, window) { var a, c = document.createElement(\"script\"), f = window.frameElement; c.id = \"CleverCoreLoader83928\"; c.src = \"https:\/\/scripts.cleverwebserver.com\/28d9a805dec9ac74dac45d79386cb81d.js\"; c.async = !0; c.type = \"text\/javascript\"; c.setAttribute(\"data-target\", window.name || (f && f.getAttribute(\"id\"))); c.setAttribute(\"data-callback\", \"put-your-callback-function-here\"); c.setAttribute(\"data-callback-url-click\", \"put-your-click-macro-here\"); c.setAttribute(\"data-callback-url-view\", \"put-your-view-macro-here\"); try { a = parent.document.getElementsByTagName(\"script\")[0] || document.getElementsByTagName(\"script\")[0]; } catch (e) { a = !1; } a || (a = document.getElementsByTagName(\"head\")[0] || document.getElementsByTagName(\"body\")[0]); a.parentNode.insertBefore(c, a); })(document, window); \/* ]]> *\/ <\/script><\/div>\n<p>El reconocido periodista venezolano, Fernando Petrocelli,\u00a0en su canal de Youtube, <strong>Ruta Vinotinto<\/strong>, analiz\u00f3 el panorama que se le viene a Venezuela en la fecha 3 de las Eliminatorias Sudamericanas Rumbo al Mundial 2026.\u00a0<\/p>\n\n\n\n<p>Para \u00abPetro\u00bb, la derrota est\u00e1 en las \u201ccuentas l\u00f3gicas\u201d. Lo que no es un secreto es que la Selecci\u00f3n Nacional, que solo pudo empatar en dos ocasiones contra Brasil. El \u00faltimo fue en la Copa Am\u00e9rica 2019, donde <strong><em>la Vinotinto<\/em><\/strong> igual\u00f3 0-0 con el anfitri\u00f3n en territorio amaz\u00f3nico.\u00a0<\/p>\n\n\n\n<p>En el mismo encuentro, se gener\u00f3 una pregunta con la que se pudo abrir un debate: \u00bfCon los pies en la tierra, Venezuela puede sacar un punto en Brasil? Ante esto, Petro respondi\u00f3:\u00a0<\/p>\n\n\n\n<blockquote class=\"wp-block-quote is-layout-flow wp-block-quote-is-layout-flow\">\n<p>Muy dif\u00edcil, no voy a decir que es imposible pero en las cuentas l\u00f3gicas, no en las pesimistas, est\u00e1 perder en Brasil. Para sumar en Brasil hay que hacer un ejercicio defensivo impecable, hay que rezar que ellos no est\u00e9n finos y debemos contar con unos reflejos felinos del portero esa noche\u00bb<\/p>\n<cite>Fernando Petrocelli<\/cite><\/blockquote>\n\n\n\n<p>El \u00faltimo duelo entre ambos por Eliminatorias, en Brasil, termin\u00f3 1-0 a favor de la Canarinha, pero el tanto fue en el minuto 67. La Vinotinto se mantuvo s\u00f3lida en defensa pero un desparpajo marc\u00f3 la diferencia.&nbsp;<\/p>\n\n\n\n<p>El conductor de Ruta Vinotinto especul\u00f3 con alguna posibilidad:\u00a0\u201c<strong>Yo creo que Bocha va a jugar con tres volantes en Brasil. Nos estamos anticipando, pero puede ser un cinco y dos interiores en Brasil<\/strong>\u201d, se\u00f1al\u00f3.\u00a0<\/p>\n\n\n\n<p>A su vez, dej\u00f3 una frase contundente:\u00a0 \u201c<strong>Soy muy Vinotinto pero con los pies en la tierra, no creo en el empate. Si se nos da un punto en Brasil es una maravilla<\/strong>\u201d, puntualiz\u00f3.\u00a0\u00a0<\/p>\n\n\n\n<h2 class=\"wp-block-heading\"><strong>Vinotintos y su actuaci\u00f3n el fin de semana.&nbsp;<\/strong><\/h2>\n\n\n\n<p>El periodista habl\u00f3 de los futbolistas que formaron parte de la \u00faltima convocatoria. En el caso de los porteros, Joel Graterol, no tiene mucha continuidad en Grecia, le ha costado ganarse un puesto.&nbsp;<\/p>\n\n\n\n<p>Rafael Romo es el que se mantiene en forma. Este fin de semana sum\u00f3 otro arco en 0, es el s\u00e9ptimo con los colores de la Cat\u00f3lica. Petro se refiri\u00f3 a la actuaci\u00f3n de Romo y acot\u00f3 que deber\u00eda ser titular:&nbsp;<\/p>\n\n\n\n<p>\u201cSe perfila para ser titular en la doble fecha\u201d, continu\u00f3.<\/p>\n\n\n\n<p>Baroja, como es de costumbre, estuvo en el arco del Caracas en el duelo contra Hermanos Colmenarez. El partido qued\u00f3 0-0.&nbsp;<\/p>\n\n\n\n<p>Con respecto a los defensas, Yordan Osorio es el que ocupa todas las c\u00e1maras. Titular y capit\u00e1n en el Parma. Estuvo en el empate a uno contra la Sampdoria. Su equipo se mantiene en puestos de vanguardia para el ascenso.&nbsp;<\/p>\n\n\n\n<p>Air Yordan complet\u00f3 el mayor n\u00famero de pases en todo el juego. Recibi\u00f3 una calificaci\u00f3n de 7.3 seg\u00fan FotMob. Para Petrocelli, \u201csigue siendo nuestro central bandera y emblema\u201d.&nbsp;<\/p>\n\n\n\n<p>Miguel Navarro, otro partido completo para el lateral izquierdo. Estuvo en el empate 2-2 contra New England.&nbsp;<\/p>\n\n\n\n<p>\u201c<strong>Ruteros, junto con Yangel, Yordan, Romo, Miguel Navarro deber\u00eda ser titular en Brasil. Lo de Navarro es excelente\u201d, asegur\u00f3 el periodista sobre el nivel del lateral izquierdo<\/strong>.\u00a0<\/p>\n\n\n\n<p>En el medio, Rinc\u00f3n particip\u00f3 con el Santos en la victoria sobre Bah\u00eda. El mismo Fernando asegur\u00f3 que Tom\u00e1s deber\u00eda salir como titular ante la Canarinha.&nbsp;<\/p>\n\n\n\n<p><strong>Yangel<\/strong>, un distinto en la cancha. Sacudi\u00f3 las redes contra Mallorca. Anot\u00f3 su tercer tanto en LaLiga. Ya igual\u00f3 su mejor marca en el balompi\u00e9 espa\u00f1ol. De manera progresiva alcanza su mejor nivel y con confianza lo har\u00e1 m\u00e1s r\u00e1pido. Para Petro, \u201ces un jugador distinto\u201d.\u00a0<\/p>\n\n\n\n<p><strong>C\u00e1sseres<\/strong>, pelea por su puesto en Francia. Lleg\u00f3 para ser titular, jug\u00f3 Europa League en la semana y el fin repiti\u00f3 otra titularidad y disput\u00f3 todo el encuentro. Fue uno de los jugadores m\u00e1s destacados del Toulouse.\u00a0<\/p>\n\n\n\n<p>En el ataque, destacar lo de <strong>Salom\u00f3n Rond\u00f3n<\/strong>, el \u00abGladiador\u00bb estuvo desde el inicio en el duelo contra Banfield. Se le vio muy activo, participativo y buscando asociarse. No pudo marcar, pero el tanto del Millonario se gener\u00f3 tras un remate de Salo.\u00a0<\/p>\n\n\n\n<p>Busca ganarse su puesto para el Supercl\u00e1sico contra Boca y por supuesto llegar con de la mejor manera para la doble fecha FIFA, donde seguro tendr\u00e1 mucho sacrificio.&nbsp;<\/p>\n\n\n\n<p><strong>Si quieres escuchar todo el cap\u00edtulo y lo que piensa \u00abPetro\u00bb del resto de los jugadores, te dejamos el link aqu\u00ed:\u00a0<\/strong><\/p>\n\n\n\n<figure class=\"wp-block-embed is-type-video is-provider-youtube wp-block-embed-youtube wp-embed-aspect-16-9 wp-has-aspect-ratio\"><div class=\"wp-block-embed__wrapper\">\n<iframe loading=\"lazy\" title=\"TODO LISTO PARA EL BRASIL VS. VENEZUELA |\u00a0\u00bfCONVOCATORIAS? |\u00a0YANGEL IMPARABLE | ROND\u00d3N TITULAR\" width=\"1170\" height=\"658\" src=\"https:\/\/www.youtube.com\/embed\/Dpit0A0ueLI?start=847&#038;feature=oembed\" frameborder=\"0\" allow=\"accelerometer; autoplay; clipboard-write; encrypted-media; gyroscope; picture-in-picture; web-share\" allowfullscreen><\/iframe>\n<\/div><\/figure>","protected":false},"excerpt":{"rendered":"<p>El reconocido periodista venezolano, Fernando Petrocelli,\u00a0en su canal de Youtube, Ruta Vinotinto, analiz\u00f3 el panorama que se le viene a Venezuela en la fecha 3 de las Eliminatorias Sudamericanas Rumbo al Mundial 2026.\u00a0 Para \u00abPetro\u00bb, la derrota est\u00e1 en las \u201ccuentas l\u00f3gicas\u201d. Lo que no es un secreto es que la Selecci\u00f3n Nacional, que solo [&hellip;]<\/p>","protected":false},"author":4,"featured_media":5359,"comment_status":"open","ping_status":"open","sticky":false,"template":"","format":"standard","meta":{"content-type":"","footnotes":""},"categories":[92,187],"tags":[81,74,68,80,69,67,91],"ppma_author":[290],"class_list":{"0":"post-5358","1":"post","2":"type-post","3":"status-publish","4":"format-standard","5":"has-post-thumbnail","7":"category-medios","8":"category-cronicas-youtube","9":"tag-brasil","10":"tag-eliminatorias","11":"tag-mundial-2026","12":"tag-previa","13":"tag-venezuela","14":"tag-vinotinto","15":"tag-youtube"},"yoast_head":"<!-- This site is optimized with the Yoast SEO plugin v25.9 - https:\/\/yoast.com\/wordpress\/plugins\/seo\/ -->\n<title>Fernando Petrocelli: \u201cEn las cuentas l\u00f3gicas, est\u00e1 perder en Brasil\u201d - Cr\u00f3nicas Vinotinto<\/title>\n<meta name=\"robots\" content=\"index, follow, max-snippet:-1, max-image-preview:large, max-video-preview:-1\" \/>\n<link rel=\"canonical\" href=\"https:\/\/cronicasvinotinto.com\/en\/fernando-petrocelli-en-las-cuentas-logicas-esta-perder-en-brasil\/\" \/>\n<meta property=\"og:locale\" content=\"en_US\" \/>\n<meta property=\"og:type\" content=\"article\" \/>\n<meta property=\"og:title\" content=\"Fernando Petrocelli: \u201cEn las cuentas l\u00f3gicas, est\u00e1 perder en Brasil\u201d - Cr\u00f3nicas Vinotinto\" \/>\n<meta property=\"og:description\" content=\"El reconocido periodista venezolano, Fernando Petrocelli,\u00a0en su canal de Youtube, Ruta Vinotinto, analiz\u00f3 el panorama que se le viene a Venezuela en la fecha 3 de las Eliminatorias Sudamericanas Rumbo al Mundial 2026.\u00a0 Para \u00abPetro\u00bb, la derrota est\u00e1 en las \u201ccuentas l\u00f3gicas\u201d. Lo que no es un secreto es que la Selecci\u00f3n Nacional, que solo [&hellip;]\" \/>\n<meta property=\"og:url\" content=\"https:\/\/cronicasvinotinto.com\/en\/fernando-petrocelli-en-las-cuentas-logicas-esta-perder-en-brasil\/\" \/>\n<meta property=\"og:site_name\" content=\"Cr\u00f3nicas Vinotinto\" \/>\n<meta property=\"article:published_time\" content=\"2023-09-26T14:03:54+00:00\" \/>\n<meta property=\"article:modified_time\" content=\"2023-09-26T14:04:15+00:00\" \/>\n<meta property=\"og:image\" content=\"https:\/\/cronicasvinotinto.com\/wp-content\/uploads\/2023\/09\/rutavinotinto2.jpg\" \/>\n\t<meta property=\"og:image:width\" content=\"800\" \/>\n\t<meta property=\"og:image:height\" content=\"600\" \/>\n\t<meta property=\"og:image:type\" content=\"image\/jpeg\" \/>\n<meta name=\"author\" content=\"Carlos Magallanes\" \/>\n<meta name=\"twitter:card\" content=\"summary_large_image\" \/>\n<meta name=\"twitter:creator\" content=\"@cronicasvinotin\" \/>\n<meta name=\"twitter:site\" content=\"@cronicasvinotin\" \/>\n<meta name=\"twitter:label1\" content=\"Written by\" \/>\n\t<meta name=\"twitter:data1\" content=\"Carlos Magallanes\" \/>\n\t<meta name=\"twitter:label2\" content=\"Est. reading time\" \/>\n\t<meta name=\"twitter:data2\" content=\"4 minutes\" \/>\n<script type=\"application\/ld+json\" class=\"yoast-schema-graph\">{\"@context\":\"https:\/\/schema.org\",\"@graph\":[{\"@type\":\"Article\",\"@id\":\"https:\/\/cronicasvinotinto.com\/fernando-petrocelli-en-las-cuentas-logicas-esta-perder-en-brasil\/#article\",\"isPartOf\":{\"@id\":\"https:\/\/cronicasvinotinto.com\/fernando-petrocelli-en-las-cuentas-logicas-esta-perder-en-brasil\/\"},\"author\":{\"name\":\"Carlos Magallanes\",\"@id\":\"https:\/\/cronicasvinotinto.com\/#\/schema\/person\/a123042bb971c36b61868c746c125eea\"},\"headline\":\"Fernando Petrocelli: \u201cEn las cuentas l\u00f3gicas, est\u00e1 perder en Brasil\u201d\",\"datePublished\":\"2023-09-26T14:03:54+00:00\",\"dateModified\":\"2023-09-26T14:04:15+00:00\",\"mainEntityOfPage\":{\"@id\":\"https:\/\/cronicasvinotinto.com\/fernando-petrocelli-en-las-cuentas-logicas-esta-perder-en-brasil\/\"},\"wordCount\":762,\"commentCount\":0,\"publisher\":{\"@id\":\"https:\/\/cronicasvinotinto.com\/#organization\"},\"image\":{\"@id\":\"https:\/\/cronicasvinotinto.com\/fernando-petrocelli-en-las-cuentas-logicas-esta-perder-en-brasil\/#primaryimage\"},\"thumbnailUrl\":\"https:\/\/cronicasvinotinto.com\/wp-content\/uploads\/2023\/09\/rutavinotinto2.jpg\",\"keywords\":[\"brasil\",\"Eliminatorias\",\"mundial 2026\",\"previa\",\"venezuela\",\"vinotinto\",\"Youtube\"],\"articleSection\":[\"Medios\",\"Youtube\"],\"inLanguage\":\"en-US\",\"potentialAction\":[{\"@type\":\"CommentAction\",\"name\":\"Comment\",\"target\":[\"https:\/\/cronicasvinotinto.com\/fernando-petrocelli-en-las-cuentas-logicas-esta-perder-en-brasil\/#respond\"]}]},{\"@type\":\"WebPage\",\"@id\":\"https:\/\/cronicasvinotinto.com\/fernando-petrocelli-en-las-cuentas-logicas-esta-perder-en-brasil\/\",\"url\":\"https:\/\/cronicasvinotinto.com\/fernando-petrocelli-en-las-cuentas-logicas-esta-perder-en-brasil\/\",\"name\":\"Fernando Petrocelli: \u201cEn las cuentas l\u00f3gicas, est\u00e1 perder en Brasil\u201d - Cr\u00f3nicas Vinotinto\",\"isPartOf\":{\"@id\":\"https:\/\/cronicasvinotinto.com\/#website\"},\"primaryImageOfPage\":{\"@id\":\"https:\/\/cronicasvinotinto.com\/fernando-petrocelli-en-las-cuentas-logicas-esta-perder-en-brasil\/#primaryimage\"},\"image\":{\"@id\":\"https:\/\/cronicasvinotinto.com\/fernando-petrocelli-en-las-cuentas-logicas-esta-perder-en-brasil\/#primaryimage\"},\"thumbnailUrl\":\"https:\/\/cronicasvinotinto.com\/wp-content\/uploads\/2023\/09\/rutavinotinto2.jpg\",\"datePublished\":\"2023-09-26T14:03:54+00:00\",\"dateModified\":\"2023-09-26T14:04:15+00:00\",\"breadcrumb\":{\"@id\":\"https:\/\/cronicasvinotinto.com\/fernando-petrocelli-en-las-cuentas-logicas-esta-perder-en-brasil\/#breadcrumb\"},\"inLanguage\":\"en-US\",\"potentialAction\":[{\"@type\":\"ReadAction\",\"target\":[\"https:\/\/cronicasvinotinto.com\/fernando-petrocelli-en-las-cuentas-logicas-esta-perder-en-brasil\/\"]}]},{\"@type\":\"ImageObject\",\"inLanguage\":\"en-US\",\"@id\":\"https:\/\/cronicasvinotinto.com\/fernando-petrocelli-en-las-cuentas-logicas-esta-perder-en-brasil\/#primaryimage\",\"url\":\"https:\/\/cronicasvinotinto.com\/wp-content\/uploads\/2023\/09\/rutavinotinto2.jpg\",\"contentUrl\":\"https:\/\/cronicasvinotinto.com\/wp-content\/uploads\/2023\/09\/rutavinotinto2.jpg\",\"width\":800,\"height\":600},{\"@type\":\"BreadcrumbList\",\"@id\":\"https:\/\/cronicasvinotinto.com\/fernando-petrocelli-en-las-cuentas-logicas-esta-perder-en-brasil\/#breadcrumb\",\"itemListElement\":[{\"@type\":\"ListItem\",\"position\":1,\"name\":\"Portada\",\"item\":\"https:\/\/cronicasvinotinto.com\/\"},{\"@type\":\"ListItem\",\"position\":2,\"name\":\"Fernando Petrocelli: \u201cEn las cuentas l\u00f3gicas, est\u00e1 perder en Brasil\u201d\"}]},{\"@type\":\"WebSite\",\"@id\":\"https:\/\/cronicasvinotinto.com\/#website\",\"url\":\"https:\/\/cronicasvinotinto.com\/\",\"name\":\"Cr\u00f3nicas Vinotinto\",\"description\":\"Noticias, historias, opini\u00f3n y pasi\u00f3n por la Vinotinto en su camino hacia el Mundial.\",\"publisher\":{\"@id\":\"https:\/\/cronicasvinotinto.com\/#organization\"},\"potentialAction\":[{\"@type\":\"SearchAction\",\"target\":{\"@type\":\"EntryPoint\",\"urlTemplate\":\"https:\/\/cronicasvinotinto.com\/?s={search_term_string}\"},\"query-input\":{\"@type\":\"PropertyValueSpecification\",\"valueRequired\":true,\"valueName\":\"search_term_string\"}}],\"inLanguage\":\"en-US\"},{\"@type\":\"Organization\",\"@id\":\"https:\/\/cronicasvinotinto.com\/#organization\",\"name\":\"Cr\u00f3nicas Vinotinto\",\"url\":\"https:\/\/cronicasvinotinto.com\/\",\"logo\":{\"@type\":\"ImageObject\",\"inLanguage\":\"en-US\",\"@id\":\"https:\/\/cronicasvinotinto.com\/#\/schema\/logo\/image\/\",\"url\":\"https:\/\/cronicasvinotinto.com\/wp-content\/uploads\/2023\/09\/cronicasvinotinto_logo_dia-1.png\",\"contentUrl\":\"https:\/\/cronicasvinotinto.com\/wp-content\/uploads\/2023\/09\/cronicasvinotinto_logo_dia-1.png\",\"width\":601,\"height\":197,\"caption\":\"Cr\u00f3nicas Vinotinto\"},\"image\":{\"@id\":\"https:\/\/cronicasvinotinto.com\/#\/schema\/logo\/image\/\"},\"sameAs\":[\"https:\/\/x.com\/cronicasvinotin\"]},{\"@type\":\"Person\",\"@id\":\"https:\/\/cronicasvinotinto.com\/#\/schema\/person\/a123042bb971c36b61868c746c125eea\",\"name\":\"Carlos Magallanes\",\"image\":{\"@type\":\"ImageObject\",\"inLanguage\":\"en-US\",\"@id\":\"https:\/\/cronicasvinotinto.com\/#\/schema\/person\/image\/897b3a81ceabd9731c5bbb3ce19acb00\",\"url\":\"https:\/\/secure.gravatar.com\/avatar\/8077c05ae2f348abff0b9a33b6373512294b70d7433bd8789a451225918dc986?s=96&d=mm&r=g\",\"contentUrl\":\"https:\/\/secure.gravatar.com\/avatar\/8077c05ae2f348abff0b9a33b6373512294b70d7433bd8789a451225918dc986?s=96&d=mm&r=g\",\"caption\":\"Carlos Magallanes\"},\"url\":\"https:\/\/cronicasvinotinto.com\/en\/author\/magallanesc\/\"}]}<\/script>\n<!-- \/ Yoast SEO plugin. -->","yoast_head_json":{"title":"Fernando Petrocelli: \u201cEn las cuentas l\u00f3gicas, est\u00e1 perder en Brasil\u201d - Cr\u00f3nicas Vinotinto","robots":{"index":"index","follow":"follow","max-snippet":"max-snippet:-1","max-image-preview":"max-image-preview:large","max-video-preview":"max-video-preview:-1"},"canonical":"https:\/\/cronicasvinotinto.com\/en\/fernando-petrocelli-en-las-cuentas-logicas-esta-perder-en-brasil\/","og_locale":"en_US","og_type":"article","og_title":"Fernando Petrocelli: \u201cEn las cuentas l\u00f3gicas, est\u00e1 perder en Brasil\u201d - Cr\u00f3nicas Vinotinto","og_description":"El reconocido periodista venezolano, Fernando Petrocelli,\u00a0en su canal de Youtube, Ruta Vinotinto, analiz\u00f3 el panorama que se le viene a Venezuela en la fecha 3 de las Eliminatorias Sudamericanas Rumbo al Mundial 2026.\u00a0 Para \u00abPetro\u00bb, la derrota est\u00e1 en las \u201ccuentas l\u00f3gicas\u201d. Lo que no es un secreto es que la Selecci\u00f3n Nacional, que solo [&hellip;]","og_url":"https:\/\/cronicasvinotinto.com\/en\/fernando-petrocelli-en-las-cuentas-logicas-esta-perder-en-brasil\/","og_site_name":"Cr\u00f3nicas Vinotinto","article_published_time":"2023-09-26T14:03:54+00:00","article_modified_time":"2023-09-26T14:04:15+00:00","og_image":[{"width":800,"height":600,"url":"https:\/\/cronicasvinotinto.com\/wp-content\/uploads\/2023\/09\/rutavinotinto2.jpg","type":"image\/jpeg"}],"author":"Carlos Magallanes","twitter_card":"summary_large_image","twitter_creator":"@cronicasvinotin","twitter_site":"@cronicasvinotin","twitter_misc":{"Written by":"Carlos Magallanes","Est. reading time":"4 minutes"},"schema":{"@context":"https:\/\/schema.org","@graph":[{"@type":"Article","@id":"https:\/\/cronicasvinotinto.com\/fernando-petrocelli-en-las-cuentas-logicas-esta-perder-en-brasil\/#article","isPartOf":{"@id":"https:\/\/cronicasvinotinto.com\/fernando-petrocelli-en-las-cuentas-logicas-esta-perder-en-brasil\/"},"author":{"name":"Carlos Magallanes","@id":"https:\/\/cronicasvinotinto.com\/#\/schema\/person\/a123042bb971c36b61868c746c125eea"},"headline":"Fernando Petrocelli: \u201cEn las cuentas l\u00f3gicas, est\u00e1 perder en Brasil\u201d","datePublished":"2023-09-26T14:03:54+00:00","dateModified":"2023-09-26T14:04:15+00:00","mainEntityOfPage":{"@id":"https:\/\/cronicasvinotinto.com\/fernando-petrocelli-en-las-cuentas-logicas-esta-perder-en-brasil\/"},"wordCount":762,"commentCount":0,"publisher":{"@id":"https:\/\/cronicasvinotinto.com\/#organization"},"image":{"@id":"https:\/\/cronicasvinotinto.com\/fernando-petrocelli-en-las-cuentas-logicas-esta-perder-en-brasil\/#primaryimage"},"thumbnailUrl":"https:\/\/cronicasvinotinto.com\/wp-content\/uploads\/2023\/09\/rutavinotinto2.jpg","keywords":["brasil","Eliminatorias","mundial 2026","previa","venezuela","vinotinto","Youtube"],"articleSection":["Medios","Youtube"],"inLanguage":"en-US","potentialAction":[{"@type":"CommentAction","name":"Comment","target":["https:\/\/cronicasvinotinto.com\/fernando-petrocelli-en-las-cuentas-logicas-esta-perder-en-brasil\/#respond"]}]},{"@type":"WebPage","@id":"https:\/\/cronicasvinotinto.com\/fernando-petrocelli-en-las-cuentas-logicas-esta-perder-en-brasil\/","url":"https:\/\/cronicasvinotinto.com\/fernando-petrocelli-en-las-cuentas-logicas-esta-perder-en-brasil\/","name":"Fernando Petrocelli: \u201cEn las cuentas l\u00f3gicas, est\u00e1 perder en Brasil\u201d - Cr\u00f3nicas Vinotinto","isPartOf":{"@id":"https:\/\/cronicasvinotinto.com\/#website"},"primaryImageOfPage":{"@id":"https:\/\/cronicasvinotinto.com\/fernando-petrocelli-en-las-cuentas-logicas-esta-perder-en-brasil\/#primaryimage"},"image":{"@id":"https:\/\/cronicasvinotinto.com\/fernando-petrocelli-en-las-cuentas-logicas-esta-perder-en-brasil\/#primaryimage"},"thumbnailUrl":"https:\/\/cronicasvinotinto.com\/wp-content\/uploads\/2023\/09\/rutavinotinto2.jpg","datePublished":"2023-09-26T14:03:54+00:00","dateModified":"2023-09-26T14:04:15+00:00","breadcrumb":{"@id":"https:\/\/cronicasvinotinto.com\/fernando-petrocelli-en-las-cuentas-logicas-esta-perder-en-brasil\/#breadcrumb"},"inLanguage":"en-US","potentialAction":[{"@type":"ReadAction","target":["https:\/\/cronicasvinotinto.com\/fernando-petrocelli-en-las-cuentas-logicas-esta-perder-en-brasil\/"]}]},{"@type":"ImageObject","inLanguage":"en-US","@id":"https:\/\/cronicasvinotinto.com\/fernando-petrocelli-en-las-cuentas-logicas-esta-perder-en-brasil\/#primaryimage","url":"https:\/\/cronicasvinotinto.com\/wp-content\/uploads\/2023\/09\/rutavinotinto2.jpg","contentUrl":"https:\/\/cronicasvinotinto.com\/wp-content\/uploads\/2023\/09\/rutavinotinto2.jpg","width":800,"height":600},{"@type":"BreadcrumbList","@id":"https:\/\/cronicasvinotinto.com\/fernando-petrocelli-en-las-cuentas-logicas-esta-perder-en-brasil\/#breadcrumb","itemListElement":[{"@type":"ListItem","position":1,"name":"Portada","item":"https:\/\/cronicasvinotinto.com\/"},{"@type":"ListItem","position":2,"name":"Fernando Petrocelli: \u201cEn las cuentas l\u00f3gicas, est\u00e1 perder en Brasil\u201d"}]},{"@type":"WebSite","@id":"https:\/\/cronicasvinotinto.com\/#website","url":"https:\/\/cronicasvinotinto.com\/","name":"Cr\u00f3nicas Vinotinto","description":"Noticias, historias, opini\u00f3n y pasi\u00f3n por la Vinotinto en su camino hacia el Mundial.","publisher":{"@id":"https:\/\/cronicasvinotinto.com\/#organization"},"potentialAction":[{"@type":"SearchAction","target":{"@type":"EntryPoint","urlTemplate":"https:\/\/cronicasvinotinto.com\/?s={search_term_string}"},"query-input":{"@type":"PropertyValueSpecification","valueRequired":true,"valueName":"search_term_string"}}],"inLanguage":"en-US"},{"@type":"Organization","@id":"https:\/\/cronicasvinotinto.com\/#organization","name":"Cr\u00f3nicas Vinotinto","url":"https:\/\/cronicasvinotinto.com\/","logo":{"@type":"ImageObject","inLanguage":"en-US","@id":"https:\/\/cronicasvinotinto.com\/#\/schema\/logo\/image\/","url":"https:\/\/cronicasvinotinto.com\/wp-content\/uploads\/2023\/09\/cronicasvinotinto_logo_dia-1.png","contentUrl":"https:\/\/cronicasvinotinto.com\/wp-content\/uploads\/2023\/09\/cronicasvinotinto_logo_dia-1.png","width":601,"height":197,"caption":"Cr\u00f3nicas Vinotinto"},"image":{"@id":"https:\/\/cronicasvinotinto.com\/#\/schema\/logo\/image\/"},"sameAs":["https:\/\/x.com\/cronicasvinotin"]},{"@type":"Person","@id":"https:\/\/cronicasvinotinto.com\/#\/schema\/person\/a123042bb971c36b61868c746c125eea","name":"Carlos Magallanes","image":{"@type":"ImageObject","inLanguage":"en-US","@id":"https:\/\/cronicasvinotinto.com\/#\/schema\/person\/image\/897b3a81ceabd9731c5bbb3ce19acb00","url":"https:\/\/secure.gravatar.com\/avatar\/8077c05ae2f348abff0b9a33b6373512294b70d7433bd8789a451225918dc986?s=96&d=mm&r=g","contentUrl":"https:\/\/secure.gravatar.com\/avatar\/8077c05ae2f348abff0b9a33b6373512294b70d7433bd8789a451225918dc986?s=96&d=mm&r=g","caption":"Carlos Magallanes"},"url":"https:\/\/cronicasvinotinto.com\/en\/author\/magallanesc\/"}]}},"authors":[{"term_id":290,"user_id":4,"is_guest":0,"slug":"magallanesc","display_name":"Carlos Magallanes","avatar_url":"https:\/\/secure.gravatar.com\/avatar\/8077c05ae2f348abff0b9a33b6373512294b70d7433bd8789a451225918dc986?s=96&d=mm&r=g","author_category":"","user_url":"","last_name":"Magallanes","first_name":"Carlos","job_title":"","description":""}],"_links":{"self":[{"href":"https:\/\/cronicasvinotinto.com\/en\/wp-json\/wp\/v2\/posts\/5358","targetHints":{"allow":["GET"]}}],"collection":[{"href":"https:\/\/cronicasvinotinto.com\/en\/wp-json\/wp\/v2\/posts"}],"about":[{"href":"https:\/\/cronicasvinotinto.com\/en\/wp-json\/wp\/v2\/types\/post"}],"author":[{"embeddable":true,"href":"https:\/\/cronicasvinotinto.com\/en\/wp-json\/wp\/v2\/users\/4"}],"replies":[{"embeddable":true,"href":"https:\/\/cronicasvinotinto.com\/en\/wp-json\/wp\/v2\/comments?post=5358"}],"version-history":[{"count":1,"href":"https:\/\/cronicasvinotinto.com\/en\/wp-json\/wp\/v2\/posts\/5358\/revisions"}],"predecessor-version":[{"id":5360,"href":"https:\/\/cronicasvinotinto.com\/en\/wp-json\/wp\/v2\/posts\/5358\/revisions\/5360"}],"wp:featuredmedia":[{"embeddable":true,"href":"https:\/\/cronicasvinotinto.com\/en\/wp-json\/wp\/v2\/media\/5359"}],"wp:attachment":[{"href":"https:\/\/cronicasvinotinto.com\/en\/wp-json\/wp\/v2\/media?parent=5358"}],"wp:term":[{"taxonomy":"category","embeddable":true,"href":"https:\/\/cronicasvinotinto.com\/en\/wp-json\/wp\/v2\/categories?post=5358"},{"taxonomy":"post_tag","embeddable":true,"href":"https:\/\/cronicasvinotinto.com\/en\/wp-json\/wp\/v2\/tags?post=5358"},{"taxonomy":"author","embeddable":true,"href":"https:\/\/cronicasvinotinto.com\/en\/wp-json\/wp\/v2\/ppma_author?post=5358"}],"curies":[{"name":"wp","href":"https:\/\/api.w.org\/{rel}","templated":true}]}}