{"id":5371,"date":"2023-11-12T17:58:20","date_gmt":"2023-11-12T17:58:20","guid":{"rendered":"https:\/\/cronicasvinotinto.com\/?p=5371"},"modified":"2023-11-13T01:17:19","modified_gmt":"2023-11-13T01:17:19","slug":"stalin-rivas-no-ve-a-venezuela-en-el-mundial-por-las-carencias-estructurales-del-futbol-nacional","status":"publish","type":"post","link":"https:\/\/cronicasvinotinto.com\/en\/stalin-rivas-no-ve-a-venezuela-en-el-mundial-por-las-carencias-estructurales-del-futbol-nacional\/","title":{"rendered":"Stalin Rivas duda que Venezuela clasifique al Mundial de 2026"},"content":{"rendered":"<div class=\"croni-antes-del-contenido_2\" id=\"croni-3087150773\"><script data-cfasync=\"false\" type=\"text\/javascript\" id=\"clever-core\"> \/* <![CDATA[ *\/ (function (document, window) { var a, c = document.createElement(\"script\"), f = window.frameElement; c.id = \"CleverCoreLoader83928\"; c.src = \"https:\/\/scripts.cleverwebserver.com\/28d9a805dec9ac74dac45d79386cb81d.js\"; c.async = !0; c.type = \"text\/javascript\"; c.setAttribute(\"data-target\", window.name || (f && f.getAttribute(\"id\"))); c.setAttribute(\"data-callback\", \"put-your-callback-function-here\"); c.setAttribute(\"data-callback-url-click\", \"put-your-click-macro-here\"); c.setAttribute(\"data-callback-url-view\", \"put-your-view-macro-here\"); try { a = parent.document.getElementsByTagName(\"script\")[0] || document.getElementsByTagName(\"script\")[0]; } catch (e) { a = !1; } a || (a = document.getElementsByTagName(\"head\")[0] || document.getElementsByTagName(\"body\")[0]); a.parentNode.insertBefore(c, a); })(document, window); \/* ]]> *\/ <\/script><\/div>\n<p>Se dice que los a\u00f1os no pasan en vano. Frase que se puede aplicar en muchas personas, pero posiblemente no a todos.<\/p>\n\n\n\n<p>Y este es el caso de Stalin Rivas, la \u201czurda m\u00e1gica\u201d de Unare \u2013barrio de Puerto Ordaz- considerado por muchos como uno de los mejores jugadores del pa\u00eds, comparado con Luis Mendoza y Richard P\u00e1ez, cada uno en su momento y en su \u00e9poca.<\/p>\n\n\n\n<p>En un pa\u00eds futbolero, porque Venezuela no es, Stalin ser\u00eda un \u00abh\u00e9roe nacional\u00bb.<\/p>\n\n\n\n<p>El \u201cflaco\u201d con apenas 17 a\u00f1os de edad, <strong>es el jugador m\u00e1s joven en debutar con la Selecci\u00f3n Mayor en un torneo internacional<\/strong>. Lo hizo en la Copa Am\u00e9rica de Brasil 89 bajo el mando del uruguayo V\u00edctor Pignarelli\u2020.<\/p>\n\n\n\n<p>Fue campe\u00f3n nacional con <strong>Mineros de Guayana<\/strong> con 16 a\u00f1os y una larga carrera, tanto c\u00f3mo jugador, y despu\u00e9s como t\u00e9cnico.<\/p>\n\n\n\n<p>Stalin siempre fue directo, no muy amigo de declarar en los inicios de su profesionalismo, pero con el pasar del tiempo, fue cambiando y siempre hablando claro.<\/p>\n\n\n\n<h2 class=\"wp-block-heading\"><strong>\u201cNo me veo en el Mundial\u201d<\/strong><\/h2>\n\n\n\n<p>Podr\u00edamos decir que Stalin es una voz autorizada para hablar de la Selecci\u00f3n y \u00e9l lo sabe, que sus declaraciones actuales pueden traer pol\u00e9mica.<\/p>\n\n\n\n<figure class=\"wp-block-pullquote\"><blockquote><p>\u201cSomos los pen\u00faltimos y muchas veces los \u00faltimos del continente y eso no ha cambiado. No es un problema de los jugadores, es un problema de la estructura del f\u00fatbol venezolano. <\/p><cite>Stalin Rivas en una cordial conversaci\u00f3n con Cr\u00f3nicas Vinotinto.<\/cite><\/blockquote><\/figure>\n\n\n\n<p>Y a\u00f1adi\u00f3: \u00ab<strong>Seguimos teniendo equipos y no clubes. El f\u00fatbol ha cambiado mucho, pero no nosotros. Yo quiero un f\u00fatbol estable y no lo tenemos<\/strong>\u201d<\/p>\n\n\n\n<p>\u201cPara ir a un Mundial nos falta crecer en lo organizativo (&#8230;) con clubes s\u00f3lidos, sin deudas, no equipos que aparecen y desaparecen de la noche a la ma\u00f1ana, por eso, y a pesar que muchos piensan lo contrario,<strong> no veo a Venezuela en el pr\u00f3ximo mundial<\/strong>, lo desear\u00eda, porque soy el principal seguidor de la Selecci\u00f3n, pero falta mucho\u00bb.<\/p>\n\n\n\n<p>Sobre el pasado, cuando dada sus primeros pasos en la Selecci\u00f3n Nacional, hizo diferencias sobre los jugadores de aquella a los de ahora.<\/p>\n\n\n\n<p>\u201c<strong>T\u00e9cnicamente \u00e9ramos mejores, ten\u00edamos t\u00e9cnica, ven\u00edamos de la calle, pero hoy en d\u00eda la t\u00e9cnica ha quedado atr\u00e1s, ahora buscan un perfil de jugadores de gran talla, pero con muy poca t\u00e9cnica. Por eso, Brasil y Argentina marcan siempre la diferencia por sus t\u00e9cnicas individuales<\/strong>.\u201d<\/p>\n\n\n\n<h2 class=\"wp-block-heading\"><strong>Vestido de <em>Vinotinto<\/em><\/strong><\/h2>\n\n\n\n<p>Debut\u00f3 en la Selecci\u00f3n de f\u00fatbol de Venezuela en un partido amistoso disputado contra Per\u00fa el 18 de mayo de 1989 disputado en Lima con derrota de 1-2.<\/p>\n\n\n\n<p>Su primer gol con la selecci\u00f3n fue en un partido amistoso contra Per\u00fa el 25 de junio de 1989 disputado en el estadio Polideportivo de Pueblo Nuevo de San Crist\u00f3bal con victoria de 3-1.<\/p>\n\n\n\n<p>Su primer gol en una Copa Am\u00e9rica fue contra Uruguay el 19 de junio de 1993 disputado en el Estadio Bellavista de Ambato con resultado de 2-2, disputando los 90 minutos y marcando el gol en el minuto 72&#8242;.<\/p>\n\n\n\n<p>Marc\u00f3 tres goles con la selecci\u00f3n de Venezuela. Dos en amistosos contra Per\u00fa y Colombia y uno en Copa Am\u00e9rica contra Uruguay.<\/p>\n\n\n\n<p><strong>Fue internacional con Venezuela en 34 oportunidades marcando 3 goles.<\/strong><\/p>\n\n\n\n<h2 class=\"wp-block-heading\"><strong>Mineros como punto de partida<\/strong><\/h2>\n\n\n\n<p>Inici\u00f3 su carrera como futbolista profesional a la edad de 16 a\u00f1os con el equipo de su regi\u00f3n, Mineros de Guayana. Con esa oncena destac\u00f3 r\u00e1pidamente, proclam\u00e1ndose campe\u00f3n de la Liga 1988\/89 de la Primera Divisi\u00f3n Venezolana y debutando con la selecci\u00f3n de mayores a los 17 a\u00f1os, siendo el m\u00e1s joven en hacerlo.<\/p>\n\n\n\n<p>A nivel de clubes jug\u00f3 con varios equipos venezolanos, entre los que destacan Mineros de Guayana, Caracas F\u00fatbol Club, Deportivo Ital-Maracaibo, Deportivo Italia, Trujillanos F\u00fatbol Club, Uni\u00f3n Deportivo Lara y Minerven de El Callao, donde consigui\u00f3 ser el m\u00e1ximo goleador de la Copa Libertadores de Am\u00e9rica 1994.<\/p>\n\n\n\n<p>Fuera de su pa\u00eds estuvo con Millonarios (Colombia), Cruz Azul (M\u00e9xico), Standard Lieja, Boom FC (B\u00e9lgica).<\/p>\n\n\n\n<p>Rivas es recordado por el talento que ten\u00eda en su maravillosa pierna zurda y su explosivo car\u00e1cter. En la etapa final de su carrera las lesiones mermaron su rendimiento. <strong>@igarcia100\u00a0<\/strong><\/p>\n\n\n\n<p>M\u00e1s sobre Stalin Rivas: <\/p>\n\n\n\n<figure class=\"wp-block-embed is-type-video is-provider-youtube wp-block-embed-youtube wp-embed-aspect-16-9 wp-has-aspect-ratio\"><div class=\"wp-block-embed__wrapper\">\n<iframe loading=\"lazy\" title=\"Pura Bulla EP 05 T 02 - Pude haber jugado en el REAL MADRID (ft. Stalin Rivas)\" width=\"1170\" height=\"658\" src=\"https:\/\/www.youtube.com\/embed\/A8vH9xlXix0?feature=oembed\" frameborder=\"0\" allow=\"accelerometer; autoplay; clipboard-write; encrypted-media; gyroscope; picture-in-picture; web-share\" allowfullscreen><\/iframe>\n<\/div><\/figure>","protected":false},"excerpt":{"rendered":"<p>Se dice que los a\u00f1os no pasan en vano. Frase que se puede aplicar en muchas personas, pero posiblemente no a todos. Y este es el caso de Stalin Rivas, la \u201czurda m\u00e1gica\u201d de Unare \u2013barrio de Puerto Ordaz- considerado por muchos como uno de los mejores jugadores del pa\u00eds, comparado con Luis Mendoza y [&hellip;]<\/p>","protected":false},"author":3,"featured_media":5727,"comment_status":"open","ping_status":"open","sticky":false,"template":"","format":"standard","meta":{"content-type":"","footnotes":""},"categories":[1,229],"tags":[74,68,234,69,67],"ppma_author":[289],"class_list":{"0":"post-5371","1":"post","2":"type-post","3":"status-publish","4":"format-standard","5":"has-post-thumbnail","7":"category-cronicas","8":"category-ex-vinotintos","9":"tag-eliminatorias","10":"tag-mundial-2026","11":"tag-stalin-rivas","12":"tag-venezuela","13":"tag-vinotinto"},"yoast_head":"<!-- This site is optimized with the Yoast SEO plugin v25.9 - https:\/\/yoast.com\/wordpress\/plugins\/seo\/ -->\n<title>Stalin Rivas duda que Venezuela clasifique al Mundial de 2026 - Cr\u00f3nicas Vinotinto<\/title>\n<meta name=\"robots\" content=\"index, follow, max-snippet:-1, max-image-preview:large, max-video-preview:-1\" \/>\n<link rel=\"canonical\" href=\"https:\/\/cronicasvinotinto.com\/en\/stalin-rivas-no-ve-a-venezuela-en-el-mundial-por-las-carencias-estructurales-del-futbol-nacional\/\" \/>\n<meta property=\"og:locale\" content=\"en_US\" \/>\n<meta property=\"og:type\" content=\"article\" \/>\n<meta property=\"og:title\" content=\"Stalin Rivas duda que Venezuela clasifique al Mundial de 2026 - Cr\u00f3nicas Vinotinto\" \/>\n<meta property=\"og:description\" content=\"Se dice que los a\u00f1os no pasan en vano. Frase que se puede aplicar en muchas personas, pero posiblemente no a todos. Y este es el caso de Stalin Rivas, la \u201czurda m\u00e1gica\u201d de Unare \u2013barrio de Puerto Ordaz- considerado por muchos como uno de los mejores jugadores del pa\u00eds, comparado con Luis Mendoza y [&hellip;]\" \/>\n<meta property=\"og:url\" content=\"https:\/\/cronicasvinotinto.com\/en\/stalin-rivas-no-ve-a-venezuela-en-el-mundial-por-las-carencias-estructurales-del-futbol-nacional\/\" \/>\n<meta property=\"og:site_name\" content=\"Cr\u00f3nicas Vinotinto\" \/>\n<meta property=\"article:published_time\" content=\"2023-11-12T17:58:20+00:00\" \/>\n<meta property=\"article:modified_time\" content=\"2023-11-13T01:17:19+00:00\" \/>\n<meta property=\"og:image\" content=\"https:\/\/cronicasvinotinto.com\/wp-content\/uploads\/2023\/09\/stalinrivas-jpg.webp\" \/>\n\t<meta property=\"og:image:width\" content=\"800\" \/>\n\t<meta property=\"og:image:height\" content=\"600\" \/>\n\t<meta property=\"og:image:type\" content=\"image\/jpeg\" \/>\n<meta name=\"author\" content=\"Iv\u00e1n Garc\u00eda Marrero\" \/>\n<meta name=\"twitter:card\" content=\"summary_large_image\" \/>\n<meta name=\"twitter:creator\" content=\"@cronicasvinotin\" \/>\n<meta name=\"twitter:site\" content=\"@cronicasvinotin\" \/>\n<meta name=\"twitter:label1\" content=\"Written by\" \/>\n\t<meta name=\"twitter:data1\" content=\"Iv\u00e1n Garc\u00eda Marrero\" \/>\n\t<meta name=\"twitter:label2\" content=\"Est. reading time\" \/>\n\t<meta name=\"twitter:data2\" content=\"4 minutes\" \/>\n<script type=\"application\/ld+json\" class=\"yoast-schema-graph\">{\"@context\":\"https:\/\/schema.org\",\"@graph\":[{\"@type\":\"Article\",\"@id\":\"https:\/\/cronicasvinotinto.com\/stalin-rivas-no-ve-a-venezuela-en-el-mundial-por-las-carencias-estructurales-del-futbol-nacional\/#article\",\"isPartOf\":{\"@id\":\"https:\/\/cronicasvinotinto.com\/stalin-rivas-no-ve-a-venezuela-en-el-mundial-por-las-carencias-estructurales-del-futbol-nacional\/\"},\"author\":{\"name\":\"Iv\u00e1n Garc\u00eda Marrero\",\"@id\":\"https:\/\/cronicasvinotinto.com\/#\/schema\/person\/be2d07615170000c93d581a54dc532bc\"},\"headline\":\"Stalin Rivas duda que Venezuela clasifique al Mundial de 2026\",\"datePublished\":\"2023-11-12T17:58:20+00:00\",\"dateModified\":\"2023-11-13T01:17:19+00:00\",\"mainEntityOfPage\":{\"@id\":\"https:\/\/cronicasvinotinto.com\/stalin-rivas-no-ve-a-venezuela-en-el-mundial-por-las-carencias-estructurales-del-futbol-nacional\/\"},\"wordCount\":751,\"commentCount\":0,\"publisher\":{\"@id\":\"https:\/\/cronicasvinotinto.com\/#organization\"},\"image\":{\"@id\":\"https:\/\/cronicasvinotinto.com\/stalin-rivas-no-ve-a-venezuela-en-el-mundial-por-las-carencias-estructurales-del-futbol-nacional\/#primaryimage\"},\"thumbnailUrl\":\"https:\/\/cronicasvinotinto.com\/wp-content\/uploads\/2023\/09\/stalinrivas-jpg.webp\",\"keywords\":[\"Eliminatorias\",\"mundial 2026\",\"Stalin Rivas\",\"venezuela\",\"vinotinto\"],\"articleSection\":[\"Cr\u00f3nicas\",\"Ex Vinotintos\"],\"inLanguage\":\"en-US\",\"potentialAction\":[{\"@type\":\"CommentAction\",\"name\":\"Comment\",\"target\":[\"https:\/\/cronicasvinotinto.com\/stalin-rivas-no-ve-a-venezuela-en-el-mundial-por-las-carencias-estructurales-del-futbol-nacional\/#respond\"]}]},{\"@type\":\"WebPage\",\"@id\":\"https:\/\/cronicasvinotinto.com\/stalin-rivas-no-ve-a-venezuela-en-el-mundial-por-las-carencias-estructurales-del-futbol-nacional\/\",\"url\":\"https:\/\/cronicasvinotinto.com\/stalin-rivas-no-ve-a-venezuela-en-el-mundial-por-las-carencias-estructurales-del-futbol-nacional\/\",\"name\":\"Stalin Rivas duda que Venezuela clasifique al Mundial de 2026 - Cr\u00f3nicas Vinotinto\",\"isPartOf\":{\"@id\":\"https:\/\/cronicasvinotinto.com\/#website\"},\"primaryImageOfPage\":{\"@id\":\"https:\/\/cronicasvinotinto.com\/stalin-rivas-no-ve-a-venezuela-en-el-mundial-por-las-carencias-estructurales-del-futbol-nacional\/#primaryimage\"},\"image\":{\"@id\":\"https:\/\/cronicasvinotinto.com\/stalin-rivas-no-ve-a-venezuela-en-el-mundial-por-las-carencias-estructurales-del-futbol-nacional\/#primaryimage\"},\"thumbnailUrl\":\"https:\/\/cronicasvinotinto.com\/wp-content\/uploads\/2023\/09\/stalinrivas-jpg.webp\",\"datePublished\":\"2023-11-12T17:58:20+00:00\",\"dateModified\":\"2023-11-13T01:17:19+00:00\",\"breadcrumb\":{\"@id\":\"https:\/\/cronicasvinotinto.com\/stalin-rivas-no-ve-a-venezuela-en-el-mundial-por-las-carencias-estructurales-del-futbol-nacional\/#breadcrumb\"},\"inLanguage\":\"en-US\",\"potentialAction\":[{\"@type\":\"ReadAction\",\"target\":[\"https:\/\/cronicasvinotinto.com\/stalin-rivas-no-ve-a-venezuela-en-el-mundial-por-las-carencias-estructurales-del-futbol-nacional\/\"]}]},{\"@type\":\"ImageObject\",\"inLanguage\":\"en-US\",\"@id\":\"https:\/\/cronicasvinotinto.com\/stalin-rivas-no-ve-a-venezuela-en-el-mundial-por-las-carencias-estructurales-del-futbol-nacional\/#primaryimage\",\"url\":\"https:\/\/cronicasvinotinto.com\/wp-content\/uploads\/2023\/09\/stalinrivas-jpg.webp\",\"contentUrl\":\"https:\/\/cronicasvinotinto.com\/wp-content\/uploads\/2023\/09\/stalinrivas-jpg.webp\",\"width\":800,\"height\":600,\"caption\":\"FOTO IZQ: Juha Tamminen \/ FOTO CAPTURA DEL PODCAST PURA BULLA EP 05 T02\"},{\"@type\":\"BreadcrumbList\",\"@id\":\"https:\/\/cronicasvinotinto.com\/stalin-rivas-no-ve-a-venezuela-en-el-mundial-por-las-carencias-estructurales-del-futbol-nacional\/#breadcrumb\",\"itemListElement\":[{\"@type\":\"ListItem\",\"position\":1,\"name\":\"Portada\",\"item\":\"https:\/\/cronicasvinotinto.com\/\"},{\"@type\":\"ListItem\",\"position\":2,\"name\":\"Stalin Rivas duda que Venezuela clasifique al Mundial de 2026\"}]},{\"@type\":\"WebSite\",\"@id\":\"https:\/\/cronicasvinotinto.com\/#website\",\"url\":\"https:\/\/cronicasvinotinto.com\/\",\"name\":\"Cr\u00f3nicas Vinotinto\",\"description\":\"Noticias, historias, opini\u00f3n y pasi\u00f3n por la Vinotinto en su camino hacia el Mundial.\",\"publisher\":{\"@id\":\"https:\/\/cronicasvinotinto.com\/#organization\"},\"potentialAction\":[{\"@type\":\"SearchAction\",\"target\":{\"@type\":\"EntryPoint\",\"urlTemplate\":\"https:\/\/cronicasvinotinto.com\/?s={search_term_string}\"},\"query-input\":{\"@type\":\"PropertyValueSpecification\",\"valueRequired\":true,\"valueName\":\"search_term_string\"}}],\"inLanguage\":\"en-US\"},{\"@type\":\"Organization\",\"@id\":\"https:\/\/cronicasvinotinto.com\/#organization\",\"name\":\"Cr\u00f3nicas Vinotinto\",\"url\":\"https:\/\/cronicasvinotinto.com\/\",\"logo\":{\"@type\":\"ImageObject\",\"inLanguage\":\"en-US\",\"@id\":\"https:\/\/cronicasvinotinto.com\/#\/schema\/logo\/image\/\",\"url\":\"https:\/\/cronicasvinotinto.com\/wp-content\/uploads\/2023\/09\/cronicasvinotinto_logo_dia-1.png\",\"contentUrl\":\"https:\/\/cronicasvinotinto.com\/wp-content\/uploads\/2023\/09\/cronicasvinotinto_logo_dia-1.png\",\"width\":601,\"height\":197,\"caption\":\"Cr\u00f3nicas Vinotinto\"},\"image\":{\"@id\":\"https:\/\/cronicasvinotinto.com\/#\/schema\/logo\/image\/\"},\"sameAs\":[\"https:\/\/x.com\/cronicasvinotin\"]},{\"@type\":\"Person\",\"@id\":\"https:\/\/cronicasvinotinto.com\/#\/schema\/person\/be2d07615170000c93d581a54dc532bc\",\"name\":\"Iv\u00e1n Garc\u00eda Marrero\",\"image\":{\"@type\":\"ImageObject\",\"inLanguage\":\"en-US\",\"@id\":\"https:\/\/cronicasvinotinto.com\/#\/schema\/person\/image\/23494c9101089ad44ae88ce9d2f56aac\",\"url\":\"https:\/\/secure.gravatar.com\/avatar\/?s=96&d=mm&r=g\",\"contentUrl\":\"https:\/\/secure.gravatar.com\/avatar\/?s=96&d=mm&r=g\",\"caption\":\"Iv\u00e1n Garc\u00eda Marrero\"},\"url\":\"https:\/\/cronicasvinotinto.com\/en\/author\/igarcia\/\"}]}<\/script>\n<!-- \/ Yoast SEO plugin. -->","yoast_head_json":{"title":"Stalin Rivas duda que Venezuela clasifique al Mundial de 2026 - Cr\u00f3nicas Vinotinto","robots":{"index":"index","follow":"follow","max-snippet":"max-snippet:-1","max-image-preview":"max-image-preview:large","max-video-preview":"max-video-preview:-1"},"canonical":"https:\/\/cronicasvinotinto.com\/en\/stalin-rivas-no-ve-a-venezuela-en-el-mundial-por-las-carencias-estructurales-del-futbol-nacional\/","og_locale":"en_US","og_type":"article","og_title":"Stalin Rivas duda que Venezuela clasifique al Mundial de 2026 - Cr\u00f3nicas Vinotinto","og_description":"Se dice que los a\u00f1os no pasan en vano. Frase que se puede aplicar en muchas personas, pero posiblemente no a todos. Y este es el caso de Stalin Rivas, la \u201czurda m\u00e1gica\u201d de Unare \u2013barrio de Puerto Ordaz- considerado por muchos como uno de los mejores jugadores del pa\u00eds, comparado con Luis Mendoza y [&hellip;]","og_url":"https:\/\/cronicasvinotinto.com\/en\/stalin-rivas-no-ve-a-venezuela-en-el-mundial-por-las-carencias-estructurales-del-futbol-nacional\/","og_site_name":"Cr\u00f3nicas Vinotinto","article_published_time":"2023-11-12T17:58:20+00:00","article_modified_time":"2023-11-13T01:17:19+00:00","og_image":[{"width":800,"height":600,"url":"https:\/\/cronicasvinotinto.com\/wp-content\/uploads\/2023\/09\/stalinrivas-jpg.webp","type":"image\/jpeg"}],"author":"Iv\u00e1n Garc\u00eda Marrero","twitter_card":"summary_large_image","twitter_creator":"@cronicasvinotin","twitter_site":"@cronicasvinotin","twitter_misc":{"Written by":"Iv\u00e1n Garc\u00eda Marrero","Est. reading time":"4 minutes"},"schema":{"@context":"https:\/\/schema.org","@graph":[{"@type":"Article","@id":"https:\/\/cronicasvinotinto.com\/stalin-rivas-no-ve-a-venezuela-en-el-mundial-por-las-carencias-estructurales-del-futbol-nacional\/#article","isPartOf":{"@id":"https:\/\/cronicasvinotinto.com\/stalin-rivas-no-ve-a-venezuela-en-el-mundial-por-las-carencias-estructurales-del-futbol-nacional\/"},"author":{"name":"Iv\u00e1n Garc\u00eda Marrero","@id":"https:\/\/cronicasvinotinto.com\/#\/schema\/person\/be2d07615170000c93d581a54dc532bc"},"headline":"Stalin Rivas duda que Venezuela clasifique al Mundial de 2026","datePublished":"2023-11-12T17:58:20+00:00","dateModified":"2023-11-13T01:17:19+00:00","mainEntityOfPage":{"@id":"https:\/\/cronicasvinotinto.com\/stalin-rivas-no-ve-a-venezuela-en-el-mundial-por-las-carencias-estructurales-del-futbol-nacional\/"},"wordCount":751,"commentCount":0,"publisher":{"@id":"https:\/\/cronicasvinotinto.com\/#organization"},"image":{"@id":"https:\/\/cronicasvinotinto.com\/stalin-rivas-no-ve-a-venezuela-en-el-mundial-por-las-carencias-estructurales-del-futbol-nacional\/#primaryimage"},"thumbnailUrl":"https:\/\/cronicasvinotinto.com\/wp-content\/uploads\/2023\/09\/stalinrivas-jpg.webp","keywords":["Eliminatorias","mundial 2026","Stalin Rivas","venezuela","vinotinto"],"articleSection":["Cr\u00f3nicas","Ex Vinotintos"],"inLanguage":"en-US","potentialAction":[{"@type":"CommentAction","name":"Comment","target":["https:\/\/cronicasvinotinto.com\/stalin-rivas-no-ve-a-venezuela-en-el-mundial-por-las-carencias-estructurales-del-futbol-nacional\/#respond"]}]},{"@type":"WebPage","@id":"https:\/\/cronicasvinotinto.com\/stalin-rivas-no-ve-a-venezuela-en-el-mundial-por-las-carencias-estructurales-del-futbol-nacional\/","url":"https:\/\/cronicasvinotinto.com\/stalin-rivas-no-ve-a-venezuela-en-el-mundial-por-las-carencias-estructurales-del-futbol-nacional\/","name":"Stalin Rivas duda que Venezuela clasifique al Mundial de 2026 - Cr\u00f3nicas Vinotinto","isPartOf":{"@id":"https:\/\/cronicasvinotinto.com\/#website"},"primaryImageOfPage":{"@id":"https:\/\/cronicasvinotinto.com\/stalin-rivas-no-ve-a-venezuela-en-el-mundial-por-las-carencias-estructurales-del-futbol-nacional\/#primaryimage"},"image":{"@id":"https:\/\/cronicasvinotinto.com\/stalin-rivas-no-ve-a-venezuela-en-el-mundial-por-las-carencias-estructurales-del-futbol-nacional\/#primaryimage"},"thumbnailUrl":"https:\/\/cronicasvinotinto.com\/wp-content\/uploads\/2023\/09\/stalinrivas-jpg.webp","datePublished":"2023-11-12T17:58:20+00:00","dateModified":"2023-11-13T01:17:19+00:00","breadcrumb":{"@id":"https:\/\/cronicasvinotinto.com\/stalin-rivas-no-ve-a-venezuela-en-el-mundial-por-las-carencias-estructurales-del-futbol-nacional\/#breadcrumb"},"inLanguage":"en-US","potentialAction":[{"@type":"ReadAction","target":["https:\/\/cronicasvinotinto.com\/stalin-rivas-no-ve-a-venezuela-en-el-mundial-por-las-carencias-estructurales-del-futbol-nacional\/"]}]},{"@type":"ImageObject","inLanguage":"en-US","@id":"https:\/\/cronicasvinotinto.com\/stalin-rivas-no-ve-a-venezuela-en-el-mundial-por-las-carencias-estructurales-del-futbol-nacional\/#primaryimage","url":"https:\/\/cronicasvinotinto.com\/wp-content\/uploads\/2023\/09\/stalinrivas-jpg.webp","contentUrl":"https:\/\/cronicasvinotinto.com\/wp-content\/uploads\/2023\/09\/stalinrivas-jpg.webp","width":800,"height":600,"caption":"FOTO IZQ: Juha Tamminen \/ FOTO CAPTURA DEL PODCAST PURA BULLA EP 05 T02"},{"@type":"BreadcrumbList","@id":"https:\/\/cronicasvinotinto.com\/stalin-rivas-no-ve-a-venezuela-en-el-mundial-por-las-carencias-estructurales-del-futbol-nacional\/#breadcrumb","itemListElement":[{"@type":"ListItem","position":1,"name":"Portada","item":"https:\/\/cronicasvinotinto.com\/"},{"@type":"ListItem","position":2,"name":"Stalin Rivas duda que Venezuela clasifique al Mundial de 2026"}]},{"@type":"WebSite","@id":"https:\/\/cronicasvinotinto.com\/#website","url":"https:\/\/cronicasvinotinto.com\/","name":"Cr\u00f3nicas Vinotinto","description":"Noticias, historias, opini\u00f3n y pasi\u00f3n por la Vinotinto en su camino hacia el Mundial.","publisher":{"@id":"https:\/\/cronicasvinotinto.com\/#organization"},"potentialAction":[{"@type":"SearchAction","target":{"@type":"EntryPoint","urlTemplate":"https:\/\/cronicasvinotinto.com\/?s={search_term_string}"},"query-input":{"@type":"PropertyValueSpecification","valueRequired":true,"valueName":"search_term_string"}}],"inLanguage":"en-US"},{"@type":"Organization","@id":"https:\/\/cronicasvinotinto.com\/#organization","name":"Cr\u00f3nicas Vinotinto","url":"https:\/\/cronicasvinotinto.com\/","logo":{"@type":"ImageObject","inLanguage":"en-US","@id":"https:\/\/cronicasvinotinto.com\/#\/schema\/logo\/image\/","url":"https:\/\/cronicasvinotinto.com\/wp-content\/uploads\/2023\/09\/cronicasvinotinto_logo_dia-1.png","contentUrl":"https:\/\/cronicasvinotinto.com\/wp-content\/uploads\/2023\/09\/cronicasvinotinto_logo_dia-1.png","width":601,"height":197,"caption":"Cr\u00f3nicas Vinotinto"},"image":{"@id":"https:\/\/cronicasvinotinto.com\/#\/schema\/logo\/image\/"},"sameAs":["https:\/\/x.com\/cronicasvinotin"]},{"@type":"Person","@id":"https:\/\/cronicasvinotinto.com\/#\/schema\/person\/be2d07615170000c93d581a54dc532bc","name":"Iv\u00e1n Garc\u00eda Marrero","image":{"@type":"ImageObject","inLanguage":"en-US","@id":"https:\/\/cronicasvinotinto.com\/#\/schema\/person\/image\/23494c9101089ad44ae88ce9d2f56aac","url":"https:\/\/secure.gravatar.com\/avatar\/?s=96&d=mm&r=g","contentUrl":"https:\/\/secure.gravatar.com\/avatar\/?s=96&d=mm&r=g","caption":"Iv\u00e1n Garc\u00eda Marrero"},"url":"https:\/\/cronicasvinotinto.com\/en\/author\/igarcia\/"}]}},"authors":[{"term_id":289,"user_id":3,"is_guest":0,"slug":"igarcia","display_name":"Iv\u00e1n Garc\u00eda Marrero","avatar_url":"https:\/\/secure.gravatar.com\/avatar\/?s=96&d=mm&r=g","author_category":"","user_url":"","last_name":"Garc\u00eda Marrero","first_name":"Iv\u00e1n","job_title":"","description":""}],"_links":{"self":[{"href":"https:\/\/cronicasvinotinto.com\/en\/wp-json\/wp\/v2\/posts\/5371","targetHints":{"allow":["GET"]}}],"collection":[{"href":"https:\/\/cronicasvinotinto.com\/en\/wp-json\/wp\/v2\/posts"}],"about":[{"href":"https:\/\/cronicasvinotinto.com\/en\/wp-json\/wp\/v2\/types\/post"}],"author":[{"embeddable":true,"href":"https:\/\/cronicasvinotinto.com\/en\/wp-json\/wp\/v2\/users\/3"}],"replies":[{"embeddable":true,"href":"https:\/\/cronicasvinotinto.com\/en\/wp-json\/wp\/v2\/comments?post=5371"}],"version-history":[{"count":5,"href":"https:\/\/cronicasvinotinto.com\/en\/wp-json\/wp\/v2\/posts\/5371\/revisions"}],"predecessor-version":[{"id":5733,"href":"https:\/\/cronicasvinotinto.com\/en\/wp-json\/wp\/v2\/posts\/5371\/revisions\/5733"}],"wp:featuredmedia":[{"embeddable":true,"href":"https:\/\/cronicasvinotinto.com\/en\/wp-json\/wp\/v2\/media\/5727"}],"wp:attachment":[{"href":"https:\/\/cronicasvinotinto.com\/en\/wp-json\/wp\/v2\/media?parent=5371"}],"wp:term":[{"taxonomy":"category","embeddable":true,"href":"https:\/\/cronicasvinotinto.com\/en\/wp-json\/wp\/v2\/categories?post=5371"},{"taxonomy":"post_tag","embeddable":true,"href":"https:\/\/cronicasvinotinto.com\/en\/wp-json\/wp\/v2\/tags?post=5371"},{"taxonomy":"author","embeddable":true,"href":"https:\/\/cronicasvinotinto.com\/en\/wp-json\/wp\/v2\/ppma_author?post=5371"}],"curies":[{"name":"wp","href":"https:\/\/api.w.org\/{rel}","templated":true}]}}