{"id":5424,"date":"2023-09-30T14:33:50","date_gmt":"2023-09-30T14:33:50","guid":{"rendered":"https:\/\/cronicasvinotinto.com\/?p=5424"},"modified":"2023-09-30T14:37:17","modified_gmt":"2023-09-30T14:37:17","slug":"arturo-vidal-arma-su-roja-para-la-segunda-fecha-de-eliminatorias","status":"publish","type":"post","link":"https:\/\/cronicasvinotinto.com\/en\/arturo-vidal-arma-su-roja-para-la-segunda-fecha-de-eliminatorias\/","title":{"rendered":"Arturo Vidal arma su \u201cRoja\u201d para la segunda fecha de Eliminatorias"},"content":{"rendered":"<div class=\"croni-antes-del-contenido_2\" id=\"croni-1634326550\"><script data-cfasync=\"false\" type=\"text\/javascript\" id=\"clever-core\"> \/* <![CDATA[ *\/ (function (document, window) { var a, c = document.createElement(\"script\"), f = window.frameElement; c.id = \"CleverCoreLoader83928\"; c.src = \"https:\/\/scripts.cleverwebserver.com\/28d9a805dec9ac74dac45d79386cb81d.js\"; c.async = !0; c.type = \"text\/javascript\"; c.setAttribute(\"data-target\", window.name || (f && f.getAttribute(\"id\"))); c.setAttribute(\"data-callback\", \"put-your-callback-function-here\"); c.setAttribute(\"data-callback-url-click\", \"put-your-click-macro-here\"); c.setAttribute(\"data-callback-url-view\", \"put-your-view-macro-here\"); try { a = parent.document.getElementsByTagName(\"script\")[0] || document.getElementsByTagName(\"script\")[0]; } catch (e) { a = !1; } a || (a = document.getElementsByTagName(\"head\")[0] || document.getElementsByTagName(\"body\")[0]); a.parentNode.insertBefore(c, a); })(document, window); \/* ]]> *\/ <\/script><\/div>\n<p>El jugador chileno, Arturo Vidal,\u00a0ha estado muy visible en las redes sociales. Sobre todo, en su\u00a0canal de Twitch, instancia en la que aprovecha para comentar diferentes t\u00f3picos del acontecer del f\u00fatbol chileno.<\/p>\n\n\n\n<p>Su \u00faltimo tema fue la renovaci\u00f3n de la selecci\u00f3n chilena. Ante las preguntas de sus seguidores el volante, quien se encuentra convaleciente de una operaci\u00f3n de meniscos en la rodilla derecha, repas\u00f3 l\u00ednea por l\u00ednea qui\u00e9nes debieran ser los protagonistas de la selecci\u00f3n chilena del futuro.<\/p>\n\n\n\n<p>\u201c<strong>A m\u00ed me gustar\u00eda jugar con un 4-3-3, siempre llegando con mucha gente, presionado arriba, para que el otro equipo no salga jugando. Recuperar r\u00e1pido, atacar y defender con mucha gente. Lo importante es el f\u00edsico, es lo que tengo lo planificado con el gran\u00a0profe Juan Ram\u00edrez, quien espero me ayude\u201d<\/strong>, comenz\u00f3 su discurso el mediocampista de Paranaense.<\/p>\n\n\n\n<p>Despu\u00e9s de esa primera aclaraci\u00f3n comenz\u00f3 a dar su equipo, donde el meta Brayan Cort\u00e9s fue el primero en aparecer. Una escuadra en la que\u00a0obvi\u00f3 de manera palmaria al zaguero del M\u00f3naco\u00a0Guillermo Marip\u00e1n, quien fue su compa\u00f1ero en los \u00faltimos partidos eliminatorios.<\/p>\n\n\n\n<p>&nbsp;\u201cEntre los centrales, me gusta Kuscevic por derecha. Marip\u00e1n para afuera nom\u00e1s. Sierralta tambi\u00e9n me gusta, pero ahora va al mediocampo. Al uruguayo Saldivia de Colo Colo lo nacionalizo\u201d,&nbsp;afirm\u00f3 sin tapujos.<\/p>\n\n\n\n<p>Sobre los laterales, argument\u00f3 que \u201cest\u00e1 Mat\u00edas Catal\u00e1n, pero es mayor, Paulo D\u00edaz igual. A Sierralta le he dado mil consejos, igual lo pongo\u2026 \u00bfCu\u00e1ntos a\u00f1os tiene Guillermo Soto? Maduran muy tarde los jugadores.&nbsp;Suazo es mayor. Me gusta mucho Thomas Galdames y por derecha Bruno Guti\u00e9rrez, hay que mirarlo mucho porque tiene calidad, porte y tiene que madurar un poco\u201d.<\/p>\n\n\n\n<h2 class=\"wp-block-heading\"><strong>Assadi en el medio<\/strong><\/h2>\n\n\n\n<p>En la l\u00ednea de volantes, Vidal no dud\u00f3 poner como fijo a una figura emergente de Universidad de Chile.\u00a0\u201cPondr\u00eda al de la U,\u00a0Lucas Assadi,\u00a0tambi\u00e9n a Javier Altamirano. Est\u00e1 (V\u00edctor) M\u00e9ndez y Marcelino N\u00fa\u00f1ez que no pueden estar fuera\u201d, coment\u00f3 el King.<\/p>\n\n\n\n<p>En la delantera escogi\u00f3 a Bruno Barticciotto. A\u00fan as\u00ed, reconoci\u00f3 que\u00a0\u201cAlexander Aravena tambi\u00e9n est\u00e1 para titular. Por la derecha pondr\u00eda a\u00a0Dar\u00edo Osorio\u00a0y como 9 a\u00a0Dami\u00e1n Pizarro\u201d.<\/p>\n\n\n\n<p>Sobre este \u00faltimo jugador, asegur\u00f3 que&nbsp;\u201cser\u00e1 m\u00e1s que Chupete Suazo. Es m\u00e1s, ser\u00e1 el mejor delantero, es mejor que todos. Tiene todo, velocidad, potencia, le falta lo \u00faltimo para definir\u201d.<\/p>\n\n\n\n<p>En resumen, el equipo de Vidal ser\u00eda el siguiente: Brayan Cort\u00e9s; Bruno Guti\u00e9rrez, Benjam\u00edn Kuscevic, Francisco Sierralta y Thomas Galdames; Marcelino N\u00fa\u00f1ez, Lucas Assadi y V\u00edctor M\u00e9ndez; Dar\u00edo Osorio, Dami\u00e1n Pizarro y Alexander Aravena. <\/p>\n\n\n\n<p><strong><a href=\"http:\/\/LaTercera.com\" data-type=\"link\" data-id=\"LaTercera.com\">LaTercera.com<\/a><\/strong><\/p>","protected":false},"excerpt":{"rendered":"<p>El jugador chileno, Arturo Vidal,\u00a0ha estado muy visible en las redes sociales. Sobre todo, en su\u00a0canal de Twitch, instancia en la que aprovecha para comentar diferentes t\u00f3picos del acontecer del f\u00fatbol chileno. Su \u00faltimo tema fue la renovaci\u00f3n de la selecci\u00f3n chilena. Ante las preguntas de sus seguidores el volante, quien se encuentra convaleciente de [&hellip;]<\/p>","protected":false},"author":1,"featured_media":5425,"comment_status":"open","ping_status":"open","sticky":false,"template":"","format":"standard","meta":{"content-type":"","footnotes":""},"categories":[189],"tags":[196,194,74,68],"ppma_author":[287],"class_list":{"0":"post-5424","1":"post","2":"type-post","3":"status-publish","4":"format-standard","5":"has-post-thumbnail","7":"category-rivales-vinotinto","8":"tag-arturo-vidal","9":"tag-chile","10":"tag-eliminatorias","11":"tag-mundial-2026"},"yoast_head":"<!-- This site is optimized with the Yoast SEO plugin v25.9 - https:\/\/yoast.com\/wordpress\/plugins\/seo\/ -->\n<title>Arturo Vidal arma su \u201cRoja\u201d para la segunda fecha de Eliminatorias - Cr\u00f3nicas Vinotinto<\/title>\n<meta name=\"robots\" content=\"index, follow, max-snippet:-1, max-image-preview:large, max-video-preview:-1\" \/>\n<link rel=\"canonical\" href=\"https:\/\/cronicasvinotinto.com\/en\/arturo-vidal-arma-su-roja-para-la-segunda-fecha-de-eliminatorias\/\" \/>\n<meta property=\"og:locale\" content=\"en_US\" \/>\n<meta property=\"og:type\" content=\"article\" \/>\n<meta property=\"og:title\" content=\"Arturo Vidal arma su \u201cRoja\u201d para la segunda fecha de Eliminatorias - Cr\u00f3nicas Vinotinto\" \/>\n<meta property=\"og:description\" content=\"El jugador chileno, Arturo Vidal,\u00a0ha estado muy visible en las redes sociales. Sobre todo, en su\u00a0canal de Twitch, instancia en la que aprovecha para comentar diferentes t\u00f3picos del acontecer del f\u00fatbol chileno. Su \u00faltimo tema fue la renovaci\u00f3n de la selecci\u00f3n chilena. Ante las preguntas de sus seguidores el volante, quien se encuentra convaleciente de [&hellip;]\" \/>\n<meta property=\"og:url\" content=\"https:\/\/cronicasvinotinto.com\/en\/arturo-vidal-arma-su-roja-para-la-segunda-fecha-de-eliminatorias\/\" \/>\n<meta property=\"og:site_name\" content=\"Cr\u00f3nicas Vinotinto\" \/>\n<meta property=\"article:published_time\" content=\"2023-09-30T14:33:50+00:00\" \/>\n<meta property=\"article:modified_time\" content=\"2023-09-30T14:37:17+00:00\" \/>\n<meta property=\"og:image\" content=\"https:\/\/cronicasvinotinto.com\/wp-content\/uploads\/2023\/09\/vidal_twich.png\" \/>\n\t<meta property=\"og:image:width\" content=\"649\" \/>\n\t<meta property=\"og:image:height\" content=\"365\" \/>\n\t<meta property=\"og:image:type\" content=\"image\/png\" \/>\n<meta name=\"author\" content=\"Redacci\u00f3n\" \/>\n<meta name=\"twitter:card\" content=\"summary_large_image\" \/>\n<meta name=\"twitter:creator\" content=\"@cronicasvinotin\" \/>\n<meta name=\"twitter:site\" content=\"@cronicasvinotin\" \/>\n<meta name=\"twitter:label1\" content=\"Written by\" \/>\n\t<meta name=\"twitter:data1\" content=\"Redacci\u00f3n\" \/>\n\t<meta name=\"twitter:label2\" content=\"Est. reading time\" \/>\n\t<meta name=\"twitter:data2\" content=\"2 minutes\" \/>\n<script type=\"application\/ld+json\" class=\"yoast-schema-graph\">{\"@context\":\"https:\/\/schema.org\",\"@graph\":[{\"@type\":\"Article\",\"@id\":\"https:\/\/cronicasvinotinto.com\/arturo-vidal-arma-su-roja-para-la-segunda-fecha-de-eliminatorias\/#article\",\"isPartOf\":{\"@id\":\"https:\/\/cronicasvinotinto.com\/arturo-vidal-arma-su-roja-para-la-segunda-fecha-de-eliminatorias\/\"},\"author\":{\"name\":\"Redacci\u00f3n\",\"@id\":\"https:\/\/cronicasvinotinto.com\/#\/schema\/person\/0e8e623396d8724fc2a4b6202252b7b9\"},\"headline\":\"Arturo Vidal arma su \u201cRoja\u201d para la segunda fecha de Eliminatorias\",\"datePublished\":\"2023-09-30T14:33:50+00:00\",\"dateModified\":\"2023-09-30T14:37:17+00:00\",\"mainEntityOfPage\":{\"@id\":\"https:\/\/cronicasvinotinto.com\/arturo-vidal-arma-su-roja-para-la-segunda-fecha-de-eliminatorias\/\"},\"wordCount\":486,\"commentCount\":0,\"publisher\":{\"@id\":\"https:\/\/cronicasvinotinto.com\/#organization\"},\"image\":{\"@id\":\"https:\/\/cronicasvinotinto.com\/arturo-vidal-arma-su-roja-para-la-segunda-fecha-de-eliminatorias\/#primaryimage\"},\"thumbnailUrl\":\"https:\/\/cronicasvinotinto.com\/wp-content\/uploads\/2023\/09\/vidal_twich.png\",\"keywords\":[\"Arturo Vidal\",\"Chile\",\"Eliminatorias\",\"mundial 2026\"],\"articleSection\":[\"Rivales Vinotinto\"],\"inLanguage\":\"en-US\",\"potentialAction\":[{\"@type\":\"CommentAction\",\"name\":\"Comment\",\"target\":[\"https:\/\/cronicasvinotinto.com\/arturo-vidal-arma-su-roja-para-la-segunda-fecha-de-eliminatorias\/#respond\"]}]},{\"@type\":\"WebPage\",\"@id\":\"https:\/\/cronicasvinotinto.com\/arturo-vidal-arma-su-roja-para-la-segunda-fecha-de-eliminatorias\/\",\"url\":\"https:\/\/cronicasvinotinto.com\/arturo-vidal-arma-su-roja-para-la-segunda-fecha-de-eliminatorias\/\",\"name\":\"Arturo Vidal arma su \u201cRoja\u201d para la segunda fecha de Eliminatorias - Cr\u00f3nicas Vinotinto\",\"isPartOf\":{\"@id\":\"https:\/\/cronicasvinotinto.com\/#website\"},\"primaryImageOfPage\":{\"@id\":\"https:\/\/cronicasvinotinto.com\/arturo-vidal-arma-su-roja-para-la-segunda-fecha-de-eliminatorias\/#primaryimage\"},\"image\":{\"@id\":\"https:\/\/cronicasvinotinto.com\/arturo-vidal-arma-su-roja-para-la-segunda-fecha-de-eliminatorias\/#primaryimage\"},\"thumbnailUrl\":\"https:\/\/cronicasvinotinto.com\/wp-content\/uploads\/2023\/09\/vidal_twich.png\",\"datePublished\":\"2023-09-30T14:33:50+00:00\",\"dateModified\":\"2023-09-30T14:37:17+00:00\",\"breadcrumb\":{\"@id\":\"https:\/\/cronicasvinotinto.com\/arturo-vidal-arma-su-roja-para-la-segunda-fecha-de-eliminatorias\/#breadcrumb\"},\"inLanguage\":\"en-US\",\"potentialAction\":[{\"@type\":\"ReadAction\",\"target\":[\"https:\/\/cronicasvinotinto.com\/arturo-vidal-arma-su-roja-para-la-segunda-fecha-de-eliminatorias\/\"]}]},{\"@type\":\"ImageObject\",\"inLanguage\":\"en-US\",\"@id\":\"https:\/\/cronicasvinotinto.com\/arturo-vidal-arma-su-roja-para-la-segunda-fecha-de-eliminatorias\/#primaryimage\",\"url\":\"https:\/\/cronicasvinotinto.com\/wp-content\/uploads\/2023\/09\/vidal_twich.png\",\"contentUrl\":\"https:\/\/cronicasvinotinto.com\/wp-content\/uploads\/2023\/09\/vidal_twich.png\",\"width\":649,\"height\":365,\"caption\":\"Foto: @Kingarturo23\"},{\"@type\":\"BreadcrumbList\",\"@id\":\"https:\/\/cronicasvinotinto.com\/arturo-vidal-arma-su-roja-para-la-segunda-fecha-de-eliminatorias\/#breadcrumb\",\"itemListElement\":[{\"@type\":\"ListItem\",\"position\":1,\"name\":\"Portada\",\"item\":\"https:\/\/cronicasvinotinto.com\/\"},{\"@type\":\"ListItem\",\"position\":2,\"name\":\"Arturo Vidal arma su \u201cRoja\u201d para la segunda fecha de Eliminatorias\"}]},{\"@type\":\"WebSite\",\"@id\":\"https:\/\/cronicasvinotinto.com\/#website\",\"url\":\"https:\/\/cronicasvinotinto.com\/\",\"name\":\"Cr\u00f3nicas Vinotinto\",\"description\":\"Noticias, historias, opini\u00f3n y pasi\u00f3n por la Vinotinto en su camino hacia el Mundial.\",\"publisher\":{\"@id\":\"https:\/\/cronicasvinotinto.com\/#organization\"},\"potentialAction\":[{\"@type\":\"SearchAction\",\"target\":{\"@type\":\"EntryPoint\",\"urlTemplate\":\"https:\/\/cronicasvinotinto.com\/?s={search_term_string}\"},\"query-input\":{\"@type\":\"PropertyValueSpecification\",\"valueRequired\":true,\"valueName\":\"search_term_string\"}}],\"inLanguage\":\"en-US\"},{\"@type\":\"Organization\",\"@id\":\"https:\/\/cronicasvinotinto.com\/#organization\",\"name\":\"Cr\u00f3nicas Vinotinto\",\"url\":\"https:\/\/cronicasvinotinto.com\/\",\"logo\":{\"@type\":\"ImageObject\",\"inLanguage\":\"en-US\",\"@id\":\"https:\/\/cronicasvinotinto.com\/#\/schema\/logo\/image\/\",\"url\":\"https:\/\/cronicasvinotinto.com\/wp-content\/uploads\/2023\/09\/cronicasvinotinto_logo_dia-1.png\",\"contentUrl\":\"https:\/\/cronicasvinotinto.com\/wp-content\/uploads\/2023\/09\/cronicasvinotinto_logo_dia-1.png\",\"width\":601,\"height\":197,\"caption\":\"Cr\u00f3nicas Vinotinto\"},\"image\":{\"@id\":\"https:\/\/cronicasvinotinto.com\/#\/schema\/logo\/image\/\"},\"sameAs\":[\"https:\/\/x.com\/cronicasvinotin\"]},{\"@type\":\"Person\",\"@id\":\"https:\/\/cronicasvinotinto.com\/#\/schema\/person\/0e8e623396d8724fc2a4b6202252b7b9\",\"name\":\"Redacci\u00f3n\",\"image\":{\"@type\":\"ImageObject\",\"inLanguage\":\"en-US\",\"@id\":\"https:\/\/cronicasvinotinto.com\/#\/schema\/person\/image\/26a26ac99e960ed56db0b1239f5f8aaa\",\"url\":\"https:\/\/secure.gravatar.com\/avatar\/a169766f5f2481bc3829512bd4e4a1727c39501465b2039bab58e1960572040c?s=96&d=mm&r=g\",\"contentUrl\":\"https:\/\/secure.gravatar.com\/avatar\/a169766f5f2481bc3829512bd4e4a1727c39501465b2039bab58e1960572040c?s=96&d=mm&r=g\",\"caption\":\"Redacci\u00f3n\"},\"sameAs\":[\"http:\/\/cronicasvinotinto.com\"],\"url\":\"https:\/\/cronicasvinotinto.com\/en\/author\/cronicasvinotintogmail-com\/\"}]}<\/script>\n<!-- \/ Yoast SEO plugin. -->","yoast_head_json":{"title":"Arturo Vidal arma su \u201cRoja\u201d para la segunda fecha de Eliminatorias - Cr\u00f3nicas Vinotinto","robots":{"index":"index","follow":"follow","max-snippet":"max-snippet:-1","max-image-preview":"max-image-preview:large","max-video-preview":"max-video-preview:-1"},"canonical":"https:\/\/cronicasvinotinto.com\/en\/arturo-vidal-arma-su-roja-para-la-segunda-fecha-de-eliminatorias\/","og_locale":"en_US","og_type":"article","og_title":"Arturo Vidal arma su \u201cRoja\u201d para la segunda fecha de Eliminatorias - Cr\u00f3nicas Vinotinto","og_description":"El jugador chileno, Arturo Vidal,\u00a0ha estado muy visible en las redes sociales. Sobre todo, en su\u00a0canal de Twitch, instancia en la que aprovecha para comentar diferentes t\u00f3picos del acontecer del f\u00fatbol chileno. Su \u00faltimo tema fue la renovaci\u00f3n de la selecci\u00f3n chilena. Ante las preguntas de sus seguidores el volante, quien se encuentra convaleciente de [&hellip;]","og_url":"https:\/\/cronicasvinotinto.com\/en\/arturo-vidal-arma-su-roja-para-la-segunda-fecha-de-eliminatorias\/","og_site_name":"Cr\u00f3nicas Vinotinto","article_published_time":"2023-09-30T14:33:50+00:00","article_modified_time":"2023-09-30T14:37:17+00:00","og_image":[{"width":649,"height":365,"url":"https:\/\/cronicasvinotinto.com\/wp-content\/uploads\/2023\/09\/vidal_twich.png","type":"image\/png"}],"author":"Redacci\u00f3n","twitter_card":"summary_large_image","twitter_creator":"@cronicasvinotin","twitter_site":"@cronicasvinotin","twitter_misc":{"Written by":"Redacci\u00f3n","Est. reading time":"2 minutes"},"schema":{"@context":"https:\/\/schema.org","@graph":[{"@type":"Article","@id":"https:\/\/cronicasvinotinto.com\/arturo-vidal-arma-su-roja-para-la-segunda-fecha-de-eliminatorias\/#article","isPartOf":{"@id":"https:\/\/cronicasvinotinto.com\/arturo-vidal-arma-su-roja-para-la-segunda-fecha-de-eliminatorias\/"},"author":{"name":"Redacci\u00f3n","@id":"https:\/\/cronicasvinotinto.com\/#\/schema\/person\/0e8e623396d8724fc2a4b6202252b7b9"},"headline":"Arturo Vidal arma su \u201cRoja\u201d para la segunda fecha de Eliminatorias","datePublished":"2023-09-30T14:33:50+00:00","dateModified":"2023-09-30T14:37:17+00:00","mainEntityOfPage":{"@id":"https:\/\/cronicasvinotinto.com\/arturo-vidal-arma-su-roja-para-la-segunda-fecha-de-eliminatorias\/"},"wordCount":486,"commentCount":0,"publisher":{"@id":"https:\/\/cronicasvinotinto.com\/#organization"},"image":{"@id":"https:\/\/cronicasvinotinto.com\/arturo-vidal-arma-su-roja-para-la-segunda-fecha-de-eliminatorias\/#primaryimage"},"thumbnailUrl":"https:\/\/cronicasvinotinto.com\/wp-content\/uploads\/2023\/09\/vidal_twich.png","keywords":["Arturo Vidal","Chile","Eliminatorias","mundial 2026"],"articleSection":["Rivales Vinotinto"],"inLanguage":"en-US","potentialAction":[{"@type":"CommentAction","name":"Comment","target":["https:\/\/cronicasvinotinto.com\/arturo-vidal-arma-su-roja-para-la-segunda-fecha-de-eliminatorias\/#respond"]}]},{"@type":"WebPage","@id":"https:\/\/cronicasvinotinto.com\/arturo-vidal-arma-su-roja-para-la-segunda-fecha-de-eliminatorias\/","url":"https:\/\/cronicasvinotinto.com\/arturo-vidal-arma-su-roja-para-la-segunda-fecha-de-eliminatorias\/","name":"Arturo Vidal arma su \u201cRoja\u201d para la segunda fecha de Eliminatorias - Cr\u00f3nicas Vinotinto","isPartOf":{"@id":"https:\/\/cronicasvinotinto.com\/#website"},"primaryImageOfPage":{"@id":"https:\/\/cronicasvinotinto.com\/arturo-vidal-arma-su-roja-para-la-segunda-fecha-de-eliminatorias\/#primaryimage"},"image":{"@id":"https:\/\/cronicasvinotinto.com\/arturo-vidal-arma-su-roja-para-la-segunda-fecha-de-eliminatorias\/#primaryimage"},"thumbnailUrl":"https:\/\/cronicasvinotinto.com\/wp-content\/uploads\/2023\/09\/vidal_twich.png","datePublished":"2023-09-30T14:33:50+00:00","dateModified":"2023-09-30T14:37:17+00:00","breadcrumb":{"@id":"https:\/\/cronicasvinotinto.com\/arturo-vidal-arma-su-roja-para-la-segunda-fecha-de-eliminatorias\/#breadcrumb"},"inLanguage":"en-US","potentialAction":[{"@type":"ReadAction","target":["https:\/\/cronicasvinotinto.com\/arturo-vidal-arma-su-roja-para-la-segunda-fecha-de-eliminatorias\/"]}]},{"@type":"ImageObject","inLanguage":"en-US","@id":"https:\/\/cronicasvinotinto.com\/arturo-vidal-arma-su-roja-para-la-segunda-fecha-de-eliminatorias\/#primaryimage","url":"https:\/\/cronicasvinotinto.com\/wp-content\/uploads\/2023\/09\/vidal_twich.png","contentUrl":"https:\/\/cronicasvinotinto.com\/wp-content\/uploads\/2023\/09\/vidal_twich.png","width":649,"height":365,"caption":"Foto: @Kingarturo23"},{"@type":"BreadcrumbList","@id":"https:\/\/cronicasvinotinto.com\/arturo-vidal-arma-su-roja-para-la-segunda-fecha-de-eliminatorias\/#breadcrumb","itemListElement":[{"@type":"ListItem","position":1,"name":"Portada","item":"https:\/\/cronicasvinotinto.com\/"},{"@type":"ListItem","position":2,"name":"Arturo Vidal arma su \u201cRoja\u201d para la segunda fecha de Eliminatorias"}]},{"@type":"WebSite","@id":"https:\/\/cronicasvinotinto.com\/#website","url":"https:\/\/cronicasvinotinto.com\/","name":"Cr\u00f3nicas Vinotinto","description":"Noticias, historias, opini\u00f3n y pasi\u00f3n por la Vinotinto en su camino hacia el Mundial.","publisher":{"@id":"https:\/\/cronicasvinotinto.com\/#organization"},"potentialAction":[{"@type":"SearchAction","target":{"@type":"EntryPoint","urlTemplate":"https:\/\/cronicasvinotinto.com\/?s={search_term_string}"},"query-input":{"@type":"PropertyValueSpecification","valueRequired":true,"valueName":"search_term_string"}}],"inLanguage":"en-US"},{"@type":"Organization","@id":"https:\/\/cronicasvinotinto.com\/#organization","name":"Cr\u00f3nicas Vinotinto","url":"https:\/\/cronicasvinotinto.com\/","logo":{"@type":"ImageObject","inLanguage":"en-US","@id":"https:\/\/cronicasvinotinto.com\/#\/schema\/logo\/image\/","url":"https:\/\/cronicasvinotinto.com\/wp-content\/uploads\/2023\/09\/cronicasvinotinto_logo_dia-1.png","contentUrl":"https:\/\/cronicasvinotinto.com\/wp-content\/uploads\/2023\/09\/cronicasvinotinto_logo_dia-1.png","width":601,"height":197,"caption":"Cr\u00f3nicas Vinotinto"},"image":{"@id":"https:\/\/cronicasvinotinto.com\/#\/schema\/logo\/image\/"},"sameAs":["https:\/\/x.com\/cronicasvinotin"]},{"@type":"Person","@id":"https:\/\/cronicasvinotinto.com\/#\/schema\/person\/0e8e623396d8724fc2a4b6202252b7b9","name":"Redacci\u00f3n","image":{"@type":"ImageObject","inLanguage":"en-US","@id":"https:\/\/cronicasvinotinto.com\/#\/schema\/person\/image\/26a26ac99e960ed56db0b1239f5f8aaa","url":"https:\/\/secure.gravatar.com\/avatar\/a169766f5f2481bc3829512bd4e4a1727c39501465b2039bab58e1960572040c?s=96&d=mm&r=g","contentUrl":"https:\/\/secure.gravatar.com\/avatar\/a169766f5f2481bc3829512bd4e4a1727c39501465b2039bab58e1960572040c?s=96&d=mm&r=g","caption":"Redacci\u00f3n"},"sameAs":["http:\/\/cronicasvinotinto.com"],"url":"https:\/\/cronicasvinotinto.com\/en\/author\/cronicasvinotintogmail-com\/"}]}},"authors":[{"term_id":287,"user_id":1,"is_guest":0,"slug":"cronicasvinotintogmail-com","display_name":"Redacci\u00f3n","avatar_url":"https:\/\/secure.gravatar.com\/avatar\/a169766f5f2481bc3829512bd4e4a1727c39501465b2039bab58e1960572040c?s=96&d=mm&r=g","author_category":"","user_url":"http:\/\/cronicasvinotinto.com","last_name":"","first_name":"","job_title":"","description":""}],"_links":{"self":[{"href":"https:\/\/cronicasvinotinto.com\/en\/wp-json\/wp\/v2\/posts\/5424","targetHints":{"allow":["GET"]}}],"collection":[{"href":"https:\/\/cronicasvinotinto.com\/en\/wp-json\/wp\/v2\/posts"}],"about":[{"href":"https:\/\/cronicasvinotinto.com\/en\/wp-json\/wp\/v2\/types\/post"}],"author":[{"embeddable":true,"href":"https:\/\/cronicasvinotinto.com\/en\/wp-json\/wp\/v2\/users\/1"}],"replies":[{"embeddable":true,"href":"https:\/\/cronicasvinotinto.com\/en\/wp-json\/wp\/v2\/comments?post=5424"}],"version-history":[{"count":2,"href":"https:\/\/cronicasvinotinto.com\/en\/wp-json\/wp\/v2\/posts\/5424\/revisions"}],"predecessor-version":[{"id":5428,"href":"https:\/\/cronicasvinotinto.com\/en\/wp-json\/wp\/v2\/posts\/5424\/revisions\/5428"}],"wp:featuredmedia":[{"embeddable":true,"href":"https:\/\/cronicasvinotinto.com\/en\/wp-json\/wp\/v2\/media\/5425"}],"wp:attachment":[{"href":"https:\/\/cronicasvinotinto.com\/en\/wp-json\/wp\/v2\/media?parent=5424"}],"wp:term":[{"taxonomy":"category","embeddable":true,"href":"https:\/\/cronicasvinotinto.com\/en\/wp-json\/wp\/v2\/categories?post=5424"},{"taxonomy":"post_tag","embeddable":true,"href":"https:\/\/cronicasvinotinto.com\/en\/wp-json\/wp\/v2\/tags?post=5424"},{"taxonomy":"author","embeddable":true,"href":"https:\/\/cronicasvinotinto.com\/en\/wp-json\/wp\/v2\/ppma_author?post=5424"}],"curies":[{"name":"wp","href":"https:\/\/api.w.org\/{rel}","templated":true}]}}