{"id":5431,"date":"2023-09-30T14:51:35","date_gmt":"2023-09-30T14:51:35","guid":{"rendered":"https:\/\/cronicasvinotinto.com\/?p=5431"},"modified":"2023-09-30T14:54:09","modified_gmt":"2023-09-30T14:54:09","slug":"raphinha-se-lesiona-en-barcelona-y-es-baja-para-enfrentar-a-venezuela-y-uruguay","status":"publish","type":"post","link":"https:\/\/cronicasvinotinto.com\/en\/raphinha-se-lesiona-en-barcelona-y-es-baja-para-enfrentar-a-venezuela-y-uruguay\/","title":{"rendered":"Raphinha se pierde los duelos contra Venezuela y Uruguay por lesi\u00f3n"},"content":{"rendered":"<div class=\"croni-antes-del-contenido_2\" id=\"croni-868078270\"><script data-cfasync=\"false\" type=\"text\/javascript\" id=\"clever-core\"> \/* <![CDATA[ *\/ (function (document, window) { var a, c = document.createElement(\"script\"), f = window.frameElement; c.id = \"CleverCoreLoader83928\"; c.src = \"https:\/\/scripts.cleverwebserver.com\/28d9a805dec9ac74dac45d79386cb81d.js\"; c.async = !0; c.type = \"text\/javascript\"; c.setAttribute(\"data-target\", window.name || (f && f.getAttribute(\"id\"))); c.setAttribute(\"data-callback\", \"put-your-callback-function-here\"); c.setAttribute(\"data-callback-url-click\", \"put-your-click-macro-here\"); c.setAttribute(\"data-callback-url-view\", \"put-your-view-macro-here\"); try { a = parent.document.getElementsByTagName(\"script\")[0] || document.getElementsByTagName(\"script\")[0]; } catch (e) { a = !1; } a || (a = document.getElementsByTagName(\"head\")[0] || document.getElementsByTagName(\"body\")[0]); a.parentNode.insertBefore(c, a); })(document, window); \/* ]]> *\/ <\/script><\/div>\n<p>Su club, Barcelona FC, de la liga espa\u00f1ola, inform\u00f3 a trav\u00e9s de un comunicado m\u00e9dico en X (Twitter) que seg\u00fan las pruebas realizadas al brasile\u00f1o Raphinha sufre una lesi\u00f3n \u00aben el b\u00edceps femoral del muslo derecho\u00bb. <\/p>\n\n\n\n<p>El extremo brasile\u00f1o fue sustituido por el joven&nbsp;Ferm\u00edn L\u00f3pez&nbsp;en el primer tiempo del triunfo 1-0 del&nbsp;Barcelona&nbsp;sobre el Sevilla, el viernes en la apertura de la octava jornada de la Liga, tras llevarse la mano en la parte posterior de la pierna. Raphinha se lesion\u00f3 al intentar rematar un bal\u00f3n tras un desmarque en profundidad.&nbsp;<\/p>\n\n\n\n<figure class=\"wp-block-embed is-type-rich is-provider-twitter wp-block-embed-twitter\"><div class=\"wp-block-embed__wrapper\">\n<blockquote class=\"twitter-tweet\" data-width=\"550\" data-dnt=\"true\"><p lang=\"es\" dir=\"ltr\">\ud835\uddd6\ud835\uddfc\ud835\uddfa\ud835\ude02\ud835\uddfb\ud835\uddf6\ud835\uddf0\ud835\uddee\ud835\uddf1\ud835\uddfc \ud835\uddfa\ud835\uddf2\u0301\ud835\uddf1\ud835\uddf6\ud835\uddf0\ud835\uddfc<br><br>Las pruebas realizadas han mostrado que \ud835\udde5\ud835\uddee\ud835\uddfd\ud835\uddf5\ud835\uddf6\ud835\uddfb\ud835\uddf5\ud835\uddee sufre una lesi\u00f3n en el b\u00edceps femoral del muslo derecho. Es baja y su evoluci\u00f3n marcar\u00e1 su disponibilidad. <a href=\"https:\/\/t.co\/7vi6UbjrMY\">pic.twitter.com\/7vi6UbjrMY<\/a><\/p>&mdash; FC Barcelona (@FCBarcelona_es) <a href=\"https:\/\/twitter.com\/FCBarcelona_es\/status\/1708036577371329020?ref_src=twsrc%5Etfw\">September 30, 2023<\/a><\/blockquote><script async src=\"https:\/\/platform.twitter.com\/widgets.js\" charset=\"utf-8\"><\/script>\n<\/div><\/figure>\n\n\n\n<p>Seg\u00fan las primeras exploraciones,&nbsp;Raphinha estar\u00eda m\u00ednimo un mes de baja, por lo que podr\u00eda recuperarse alrededor del&nbsp;primer cl\u00e1sico de la temporada ante el Real Madrid, que es el pr\u00f3ximo 28 de octubre. <\/p>\n\n\n\n<p>Lo que est\u00e1 claro que<strong> no viajar\u00e1 a Brasil con su selecci\u00f3n<\/strong> que enfrentar\u00e1 a Venezuela y Uruguay por la segunda jornada de Eliminatorias Sudamericanas. <\/p>\n\n\n\n<p>Con informaci\u00f3n de: as.com \/ <\/p>\n\n\n\n<p><\/p>","protected":false},"excerpt":{"rendered":"<p>Su club, Barcelona FC, de la liga espa\u00f1ola, inform\u00f3 a trav\u00e9s de un comunicado m\u00e9dico en X (Twitter) que seg\u00fan las pruebas realizadas al brasile\u00f1o Raphinha sufre una lesi\u00f3n \u00aben el b\u00edceps femoral del muslo derecho\u00bb. El extremo brasile\u00f1o fue sustituido por el joven&nbsp;Ferm\u00edn L\u00f3pez&nbsp;en el primer tiempo del triunfo 1-0 del&nbsp;Barcelona&nbsp;sobre el Sevilla, el [&hellip;]<\/p>","protected":false},"author":1,"featured_media":5432,"comment_status":"open","ping_status":"open","sticky":false,"template":"","format":"standard","meta":{"content-type":"","footnotes":""},"categories":[189],"tags":[81,74,69],"ppma_author":[287],"class_list":{"0":"post-5431","1":"post","2":"type-post","3":"status-publish","4":"format-standard","5":"has-post-thumbnail","7":"category-rivales-vinotinto","8":"tag-brasil","9":"tag-eliminatorias","10":"tag-venezuela"},"yoast_head":"<!-- This site is optimized with the Yoast SEO plugin v25.9 - https:\/\/yoast.com\/wordpress\/plugins\/seo\/ -->\n<title>Raphinha se pierde los duelos contra Venezuela y Uruguay por lesi\u00f3n - Cr\u00f3nicas Vinotinto<\/title>\n<meta name=\"robots\" content=\"index, follow, max-snippet:-1, max-image-preview:large, max-video-preview:-1\" \/>\n<link rel=\"canonical\" href=\"https:\/\/cronicasvinotinto.com\/en\/raphinha-se-lesiona-en-barcelona-y-es-baja-para-enfrentar-a-venezuela-y-uruguay\/\" \/>\n<meta property=\"og:locale\" content=\"en_US\" \/>\n<meta property=\"og:type\" content=\"article\" \/>\n<meta property=\"og:title\" content=\"Raphinha se pierde los duelos contra Venezuela y Uruguay por lesi\u00f3n - Cr\u00f3nicas Vinotinto\" \/>\n<meta property=\"og:description\" content=\"Su club, Barcelona FC, de la liga espa\u00f1ola, inform\u00f3 a trav\u00e9s de un comunicado m\u00e9dico en X (Twitter) que seg\u00fan las pruebas realizadas al brasile\u00f1o Raphinha sufre una lesi\u00f3n \u00aben el b\u00edceps femoral del muslo derecho\u00bb. El extremo brasile\u00f1o fue sustituido por el joven&nbsp;Ferm\u00edn L\u00f3pez&nbsp;en el primer tiempo del triunfo 1-0 del&nbsp;Barcelona&nbsp;sobre el Sevilla, el [&hellip;]\" \/>\n<meta property=\"og:url\" content=\"https:\/\/cronicasvinotinto.com\/en\/raphinha-se-lesiona-en-barcelona-y-es-baja-para-enfrentar-a-venezuela-y-uruguay\/\" \/>\n<meta property=\"og:site_name\" content=\"Cr\u00f3nicas Vinotinto\" \/>\n<meta property=\"article:published_time\" content=\"2023-09-30T14:51:35+00:00\" \/>\n<meta property=\"article:modified_time\" content=\"2023-09-30T14:54:09+00:00\" \/>\n<meta property=\"og:image\" content=\"https:\/\/cronicasvinotinto.com\/wp-content\/uploads\/2023\/09\/raphael-e1696085647527.jpeg\" \/>\n\t<meta property=\"og:image:width\" content=\"670\" \/>\n\t<meta property=\"og:image:height\" content=\"369\" \/>\n\t<meta property=\"og:image:type\" content=\"image\/jpeg\" \/>\n<meta name=\"author\" content=\"Redacci\u00f3n\" \/>\n<meta name=\"twitter:card\" content=\"summary_large_image\" \/>\n<meta name=\"twitter:creator\" content=\"@cronicasvinotin\" \/>\n<meta name=\"twitter:site\" content=\"@cronicasvinotin\" \/>\n<meta name=\"twitter:label1\" content=\"Written by\" \/>\n\t<meta name=\"twitter:data1\" content=\"Redacci\u00f3n\" \/>\n\t<meta name=\"twitter:label2\" content=\"Est. reading time\" \/>\n\t<meta name=\"twitter:data2\" content=\"1 minute\" \/>\n<script type=\"application\/ld+json\" class=\"yoast-schema-graph\">{\"@context\":\"https:\/\/schema.org\",\"@graph\":[{\"@type\":\"Article\",\"@id\":\"https:\/\/cronicasvinotinto.com\/raphinha-se-lesiona-en-barcelona-y-es-baja-para-enfrentar-a-venezuela-y-uruguay\/#article\",\"isPartOf\":{\"@id\":\"https:\/\/cronicasvinotinto.com\/raphinha-se-lesiona-en-barcelona-y-es-baja-para-enfrentar-a-venezuela-y-uruguay\/\"},\"author\":{\"name\":\"Redacci\u00f3n\",\"@id\":\"https:\/\/cronicasvinotinto.com\/#\/schema\/person\/0e8e623396d8724fc2a4b6202252b7b9\"},\"headline\":\"Raphinha se pierde los duelos contra Venezuela y Uruguay por lesi\u00f3n\",\"datePublished\":\"2023-09-30T14:51:35+00:00\",\"dateModified\":\"2023-09-30T14:54:09+00:00\",\"mainEntityOfPage\":{\"@id\":\"https:\/\/cronicasvinotinto.com\/raphinha-se-lesiona-en-barcelona-y-es-baja-para-enfrentar-a-venezuela-y-uruguay\/\"},\"wordCount\":202,\"commentCount\":0,\"publisher\":{\"@id\":\"https:\/\/cronicasvinotinto.com\/#organization\"},\"image\":{\"@id\":\"https:\/\/cronicasvinotinto.com\/raphinha-se-lesiona-en-barcelona-y-es-baja-para-enfrentar-a-venezuela-y-uruguay\/#primaryimage\"},\"thumbnailUrl\":\"https:\/\/cronicasvinotinto.com\/wp-content\/uploads\/2023\/09\/raphael-e1696085647527.jpeg\",\"keywords\":[\"brasil\",\"Eliminatorias\",\"venezuela\"],\"articleSection\":[\"Rivales Vinotinto\"],\"inLanguage\":\"en-US\",\"potentialAction\":[{\"@type\":\"CommentAction\",\"name\":\"Comment\",\"target\":[\"https:\/\/cronicasvinotinto.com\/raphinha-se-lesiona-en-barcelona-y-es-baja-para-enfrentar-a-venezuela-y-uruguay\/#respond\"]}]},{\"@type\":\"WebPage\",\"@id\":\"https:\/\/cronicasvinotinto.com\/raphinha-se-lesiona-en-barcelona-y-es-baja-para-enfrentar-a-venezuela-y-uruguay\/\",\"url\":\"https:\/\/cronicasvinotinto.com\/raphinha-se-lesiona-en-barcelona-y-es-baja-para-enfrentar-a-venezuela-y-uruguay\/\",\"name\":\"Raphinha se pierde los duelos contra Venezuela y Uruguay por lesi\u00f3n - Cr\u00f3nicas Vinotinto\",\"isPartOf\":{\"@id\":\"https:\/\/cronicasvinotinto.com\/#website\"},\"primaryImageOfPage\":{\"@id\":\"https:\/\/cronicasvinotinto.com\/raphinha-se-lesiona-en-barcelona-y-es-baja-para-enfrentar-a-venezuela-y-uruguay\/#primaryimage\"},\"image\":{\"@id\":\"https:\/\/cronicasvinotinto.com\/raphinha-se-lesiona-en-barcelona-y-es-baja-para-enfrentar-a-venezuela-y-uruguay\/#primaryimage\"},\"thumbnailUrl\":\"https:\/\/cronicasvinotinto.com\/wp-content\/uploads\/2023\/09\/raphael-e1696085647527.jpeg\",\"datePublished\":\"2023-09-30T14:51:35+00:00\",\"dateModified\":\"2023-09-30T14:54:09+00:00\",\"breadcrumb\":{\"@id\":\"https:\/\/cronicasvinotinto.com\/raphinha-se-lesiona-en-barcelona-y-es-baja-para-enfrentar-a-venezuela-y-uruguay\/#breadcrumb\"},\"inLanguage\":\"en-US\",\"potentialAction\":[{\"@type\":\"ReadAction\",\"target\":[\"https:\/\/cronicasvinotinto.com\/raphinha-se-lesiona-en-barcelona-y-es-baja-para-enfrentar-a-venezuela-y-uruguay\/\"]}]},{\"@type\":\"ImageObject\",\"inLanguage\":\"en-US\",\"@id\":\"https:\/\/cronicasvinotinto.com\/raphinha-se-lesiona-en-barcelona-y-es-baja-para-enfrentar-a-venezuela-y-uruguay\/#primaryimage\",\"url\":\"https:\/\/cronicasvinotinto.com\/wp-content\/uploads\/2023\/09\/raphael-e1696085647527.jpeg\",\"contentUrl\":\"https:\/\/cronicasvinotinto.com\/wp-content\/uploads\/2023\/09\/raphael-e1696085647527.jpeg\",\"width\":670,\"height\":369},{\"@type\":\"BreadcrumbList\",\"@id\":\"https:\/\/cronicasvinotinto.com\/raphinha-se-lesiona-en-barcelona-y-es-baja-para-enfrentar-a-venezuela-y-uruguay\/#breadcrumb\",\"itemListElement\":[{\"@type\":\"ListItem\",\"position\":1,\"name\":\"Portada\",\"item\":\"https:\/\/cronicasvinotinto.com\/\"},{\"@type\":\"ListItem\",\"position\":2,\"name\":\"Raphinha se pierde los duelos contra Venezuela y Uruguay por lesi\u00f3n\"}]},{\"@type\":\"WebSite\",\"@id\":\"https:\/\/cronicasvinotinto.com\/#website\",\"url\":\"https:\/\/cronicasvinotinto.com\/\",\"name\":\"Cr\u00f3nicas Vinotinto\",\"description\":\"Noticias, historias, opini\u00f3n y pasi\u00f3n por la Vinotinto en su camino hacia el Mundial.\",\"publisher\":{\"@id\":\"https:\/\/cronicasvinotinto.com\/#organization\"},\"potentialAction\":[{\"@type\":\"SearchAction\",\"target\":{\"@type\":\"EntryPoint\",\"urlTemplate\":\"https:\/\/cronicasvinotinto.com\/?s={search_term_string}\"},\"query-input\":{\"@type\":\"PropertyValueSpecification\",\"valueRequired\":true,\"valueName\":\"search_term_string\"}}],\"inLanguage\":\"en-US\"},{\"@type\":\"Organization\",\"@id\":\"https:\/\/cronicasvinotinto.com\/#organization\",\"name\":\"Cr\u00f3nicas Vinotinto\",\"url\":\"https:\/\/cronicasvinotinto.com\/\",\"logo\":{\"@type\":\"ImageObject\",\"inLanguage\":\"en-US\",\"@id\":\"https:\/\/cronicasvinotinto.com\/#\/schema\/logo\/image\/\",\"url\":\"https:\/\/cronicasvinotinto.com\/wp-content\/uploads\/2023\/09\/cronicasvinotinto_logo_dia-1.png\",\"contentUrl\":\"https:\/\/cronicasvinotinto.com\/wp-content\/uploads\/2023\/09\/cronicasvinotinto_logo_dia-1.png\",\"width\":601,\"height\":197,\"caption\":\"Cr\u00f3nicas Vinotinto\"},\"image\":{\"@id\":\"https:\/\/cronicasvinotinto.com\/#\/schema\/logo\/image\/\"},\"sameAs\":[\"https:\/\/x.com\/cronicasvinotin\"]},{\"@type\":\"Person\",\"@id\":\"https:\/\/cronicasvinotinto.com\/#\/schema\/person\/0e8e623396d8724fc2a4b6202252b7b9\",\"name\":\"Redacci\u00f3n\",\"image\":{\"@type\":\"ImageObject\",\"inLanguage\":\"en-US\",\"@id\":\"https:\/\/cronicasvinotinto.com\/#\/schema\/person\/image\/26a26ac99e960ed56db0b1239f5f8aaa\",\"url\":\"https:\/\/secure.gravatar.com\/avatar\/a169766f5f2481bc3829512bd4e4a1727c39501465b2039bab58e1960572040c?s=96&d=mm&r=g\",\"contentUrl\":\"https:\/\/secure.gravatar.com\/avatar\/a169766f5f2481bc3829512bd4e4a1727c39501465b2039bab58e1960572040c?s=96&d=mm&r=g\",\"caption\":\"Redacci\u00f3n\"},\"sameAs\":[\"http:\/\/cronicasvinotinto.com\"],\"url\":\"https:\/\/cronicasvinotinto.com\/en\/author\/cronicasvinotintogmail-com\/\"}]}<\/script>\n<!-- \/ Yoast SEO plugin. -->","yoast_head_json":{"title":"Raphinha se pierde los duelos contra Venezuela y Uruguay por lesi\u00f3n - Cr\u00f3nicas Vinotinto","robots":{"index":"index","follow":"follow","max-snippet":"max-snippet:-1","max-image-preview":"max-image-preview:large","max-video-preview":"max-video-preview:-1"},"canonical":"https:\/\/cronicasvinotinto.com\/en\/raphinha-se-lesiona-en-barcelona-y-es-baja-para-enfrentar-a-venezuela-y-uruguay\/","og_locale":"en_US","og_type":"article","og_title":"Raphinha se pierde los duelos contra Venezuela y Uruguay por lesi\u00f3n - Cr\u00f3nicas Vinotinto","og_description":"Su club, Barcelona FC, de la liga espa\u00f1ola, inform\u00f3 a trav\u00e9s de un comunicado m\u00e9dico en X (Twitter) que seg\u00fan las pruebas realizadas al brasile\u00f1o Raphinha sufre una lesi\u00f3n \u00aben el b\u00edceps femoral del muslo derecho\u00bb. El extremo brasile\u00f1o fue sustituido por el joven&nbsp;Ferm\u00edn L\u00f3pez&nbsp;en el primer tiempo del triunfo 1-0 del&nbsp;Barcelona&nbsp;sobre el Sevilla, el [&hellip;]","og_url":"https:\/\/cronicasvinotinto.com\/en\/raphinha-se-lesiona-en-barcelona-y-es-baja-para-enfrentar-a-venezuela-y-uruguay\/","og_site_name":"Cr\u00f3nicas Vinotinto","article_published_time":"2023-09-30T14:51:35+00:00","article_modified_time":"2023-09-30T14:54:09+00:00","og_image":[{"width":670,"height":369,"url":"https:\/\/cronicasvinotinto.com\/wp-content\/uploads\/2023\/09\/raphael-e1696085647527.jpeg","type":"image\/jpeg"}],"author":"Redacci\u00f3n","twitter_card":"summary_large_image","twitter_creator":"@cronicasvinotin","twitter_site":"@cronicasvinotin","twitter_misc":{"Written by":"Redacci\u00f3n","Est. reading time":"1 minute"},"schema":{"@context":"https:\/\/schema.org","@graph":[{"@type":"Article","@id":"https:\/\/cronicasvinotinto.com\/raphinha-se-lesiona-en-barcelona-y-es-baja-para-enfrentar-a-venezuela-y-uruguay\/#article","isPartOf":{"@id":"https:\/\/cronicasvinotinto.com\/raphinha-se-lesiona-en-barcelona-y-es-baja-para-enfrentar-a-venezuela-y-uruguay\/"},"author":{"name":"Redacci\u00f3n","@id":"https:\/\/cronicasvinotinto.com\/#\/schema\/person\/0e8e623396d8724fc2a4b6202252b7b9"},"headline":"Raphinha se pierde los duelos contra Venezuela y Uruguay por lesi\u00f3n","datePublished":"2023-09-30T14:51:35+00:00","dateModified":"2023-09-30T14:54:09+00:00","mainEntityOfPage":{"@id":"https:\/\/cronicasvinotinto.com\/raphinha-se-lesiona-en-barcelona-y-es-baja-para-enfrentar-a-venezuela-y-uruguay\/"},"wordCount":202,"commentCount":0,"publisher":{"@id":"https:\/\/cronicasvinotinto.com\/#organization"},"image":{"@id":"https:\/\/cronicasvinotinto.com\/raphinha-se-lesiona-en-barcelona-y-es-baja-para-enfrentar-a-venezuela-y-uruguay\/#primaryimage"},"thumbnailUrl":"https:\/\/cronicasvinotinto.com\/wp-content\/uploads\/2023\/09\/raphael-e1696085647527.jpeg","keywords":["brasil","Eliminatorias","venezuela"],"articleSection":["Rivales Vinotinto"],"inLanguage":"en-US","potentialAction":[{"@type":"CommentAction","name":"Comment","target":["https:\/\/cronicasvinotinto.com\/raphinha-se-lesiona-en-barcelona-y-es-baja-para-enfrentar-a-venezuela-y-uruguay\/#respond"]}]},{"@type":"WebPage","@id":"https:\/\/cronicasvinotinto.com\/raphinha-se-lesiona-en-barcelona-y-es-baja-para-enfrentar-a-venezuela-y-uruguay\/","url":"https:\/\/cronicasvinotinto.com\/raphinha-se-lesiona-en-barcelona-y-es-baja-para-enfrentar-a-venezuela-y-uruguay\/","name":"Raphinha se pierde los duelos contra Venezuela y Uruguay por lesi\u00f3n - Cr\u00f3nicas Vinotinto","isPartOf":{"@id":"https:\/\/cronicasvinotinto.com\/#website"},"primaryImageOfPage":{"@id":"https:\/\/cronicasvinotinto.com\/raphinha-se-lesiona-en-barcelona-y-es-baja-para-enfrentar-a-venezuela-y-uruguay\/#primaryimage"},"image":{"@id":"https:\/\/cronicasvinotinto.com\/raphinha-se-lesiona-en-barcelona-y-es-baja-para-enfrentar-a-venezuela-y-uruguay\/#primaryimage"},"thumbnailUrl":"https:\/\/cronicasvinotinto.com\/wp-content\/uploads\/2023\/09\/raphael-e1696085647527.jpeg","datePublished":"2023-09-30T14:51:35+00:00","dateModified":"2023-09-30T14:54:09+00:00","breadcrumb":{"@id":"https:\/\/cronicasvinotinto.com\/raphinha-se-lesiona-en-barcelona-y-es-baja-para-enfrentar-a-venezuela-y-uruguay\/#breadcrumb"},"inLanguage":"en-US","potentialAction":[{"@type":"ReadAction","target":["https:\/\/cronicasvinotinto.com\/raphinha-se-lesiona-en-barcelona-y-es-baja-para-enfrentar-a-venezuela-y-uruguay\/"]}]},{"@type":"ImageObject","inLanguage":"en-US","@id":"https:\/\/cronicasvinotinto.com\/raphinha-se-lesiona-en-barcelona-y-es-baja-para-enfrentar-a-venezuela-y-uruguay\/#primaryimage","url":"https:\/\/cronicasvinotinto.com\/wp-content\/uploads\/2023\/09\/raphael-e1696085647527.jpeg","contentUrl":"https:\/\/cronicasvinotinto.com\/wp-content\/uploads\/2023\/09\/raphael-e1696085647527.jpeg","width":670,"height":369},{"@type":"BreadcrumbList","@id":"https:\/\/cronicasvinotinto.com\/raphinha-se-lesiona-en-barcelona-y-es-baja-para-enfrentar-a-venezuela-y-uruguay\/#breadcrumb","itemListElement":[{"@type":"ListItem","position":1,"name":"Portada","item":"https:\/\/cronicasvinotinto.com\/"},{"@type":"ListItem","position":2,"name":"Raphinha se pierde los duelos contra Venezuela y Uruguay por lesi\u00f3n"}]},{"@type":"WebSite","@id":"https:\/\/cronicasvinotinto.com\/#website","url":"https:\/\/cronicasvinotinto.com\/","name":"Cr\u00f3nicas Vinotinto","description":"Noticias, historias, opini\u00f3n y pasi\u00f3n por la Vinotinto en su camino hacia el Mundial.","publisher":{"@id":"https:\/\/cronicasvinotinto.com\/#organization"},"potentialAction":[{"@type":"SearchAction","target":{"@type":"EntryPoint","urlTemplate":"https:\/\/cronicasvinotinto.com\/?s={search_term_string}"},"query-input":{"@type":"PropertyValueSpecification","valueRequired":true,"valueName":"search_term_string"}}],"inLanguage":"en-US"},{"@type":"Organization","@id":"https:\/\/cronicasvinotinto.com\/#organization","name":"Cr\u00f3nicas Vinotinto","url":"https:\/\/cronicasvinotinto.com\/","logo":{"@type":"ImageObject","inLanguage":"en-US","@id":"https:\/\/cronicasvinotinto.com\/#\/schema\/logo\/image\/","url":"https:\/\/cronicasvinotinto.com\/wp-content\/uploads\/2023\/09\/cronicasvinotinto_logo_dia-1.png","contentUrl":"https:\/\/cronicasvinotinto.com\/wp-content\/uploads\/2023\/09\/cronicasvinotinto_logo_dia-1.png","width":601,"height":197,"caption":"Cr\u00f3nicas Vinotinto"},"image":{"@id":"https:\/\/cronicasvinotinto.com\/#\/schema\/logo\/image\/"},"sameAs":["https:\/\/x.com\/cronicasvinotin"]},{"@type":"Person","@id":"https:\/\/cronicasvinotinto.com\/#\/schema\/person\/0e8e623396d8724fc2a4b6202252b7b9","name":"Redacci\u00f3n","image":{"@type":"ImageObject","inLanguage":"en-US","@id":"https:\/\/cronicasvinotinto.com\/#\/schema\/person\/image\/26a26ac99e960ed56db0b1239f5f8aaa","url":"https:\/\/secure.gravatar.com\/avatar\/a169766f5f2481bc3829512bd4e4a1727c39501465b2039bab58e1960572040c?s=96&d=mm&r=g","contentUrl":"https:\/\/secure.gravatar.com\/avatar\/a169766f5f2481bc3829512bd4e4a1727c39501465b2039bab58e1960572040c?s=96&d=mm&r=g","caption":"Redacci\u00f3n"},"sameAs":["http:\/\/cronicasvinotinto.com"],"url":"https:\/\/cronicasvinotinto.com\/en\/author\/cronicasvinotintogmail-com\/"}]}},"authors":[{"term_id":287,"user_id":1,"is_guest":0,"slug":"cronicasvinotintogmail-com","display_name":"Redacci\u00f3n","avatar_url":"https:\/\/secure.gravatar.com\/avatar\/a169766f5f2481bc3829512bd4e4a1727c39501465b2039bab58e1960572040c?s=96&d=mm&r=g","author_category":"","user_url":"http:\/\/cronicasvinotinto.com","last_name":"","first_name":"","job_title":"","description":""}],"_links":{"self":[{"href":"https:\/\/cronicasvinotinto.com\/en\/wp-json\/wp\/v2\/posts\/5431","targetHints":{"allow":["GET"]}}],"collection":[{"href":"https:\/\/cronicasvinotinto.com\/en\/wp-json\/wp\/v2\/posts"}],"about":[{"href":"https:\/\/cronicasvinotinto.com\/en\/wp-json\/wp\/v2\/types\/post"}],"author":[{"embeddable":true,"href":"https:\/\/cronicasvinotinto.com\/en\/wp-json\/wp\/v2\/users\/1"}],"replies":[{"embeddable":true,"href":"https:\/\/cronicasvinotinto.com\/en\/wp-json\/wp\/v2\/comments?post=5431"}],"version-history":[{"count":2,"href":"https:\/\/cronicasvinotinto.com\/en\/wp-json\/wp\/v2\/posts\/5431\/revisions"}],"predecessor-version":[{"id":5435,"href":"https:\/\/cronicasvinotinto.com\/en\/wp-json\/wp\/v2\/posts\/5431\/revisions\/5435"}],"wp:featuredmedia":[{"embeddable":true,"href":"https:\/\/cronicasvinotinto.com\/en\/wp-json\/wp\/v2\/media\/5432"}],"wp:attachment":[{"href":"https:\/\/cronicasvinotinto.com\/en\/wp-json\/wp\/v2\/media?parent=5431"}],"wp:term":[{"taxonomy":"category","embeddable":true,"href":"https:\/\/cronicasvinotinto.com\/en\/wp-json\/wp\/v2\/categories?post=5431"},{"taxonomy":"post_tag","embeddable":true,"href":"https:\/\/cronicasvinotinto.com\/en\/wp-json\/wp\/v2\/tags?post=5431"},{"taxonomy":"author","embeddable":true,"href":"https:\/\/cronicasvinotinto.com\/en\/wp-json\/wp\/v2\/ppma_author?post=5431"}],"curies":[{"name":"wp","href":"https:\/\/api.w.org\/{rel}","templated":true}]}}