{"id":5456,"date":"2023-10-06T01:29:41","date_gmt":"2023-10-06T01:29:41","guid":{"rendered":"https:\/\/cronicasvinotinto.com\/?p=5456"},"modified":"2023-10-06T03:17:25","modified_gmt":"2023-10-06T03:17:25","slug":"josef-sobre-las-eliminatorias-para-muchos-este-puede-ser-nuestro-ultimo-bus-para-ir-al-mundial","status":"publish","type":"post","link":"https:\/\/cronicasvinotinto.com\/en\/josef-sobre-las-eliminatorias-para-muchos-este-puede-ser-nuestro-ultimo-bus-para-ir-al-mundial\/","title":{"rendered":"Josef sobre las eliminatorias: \u201ceste puede ser para muchos, nuestro \u00faltimo bus\u201d"},"content":{"rendered":"<div class=\"croni-antes-del-contenido_2\" id=\"croni-2744095687\"><script data-cfasync=\"false\" type=\"text\/javascript\" id=\"clever-core\"> \/* <![CDATA[ *\/ (function (document, window) { var a, c = document.createElement(\"script\"), f = window.frameElement; c.id = \"CleverCoreLoader83928\"; c.src = \"https:\/\/scripts.cleverwebserver.com\/28d9a805dec9ac74dac45d79386cb81d.js\"; c.async = !0; c.type = \"text\/javascript\"; c.setAttribute(\"data-target\", window.name || (f && f.getAttribute(\"id\"))); c.setAttribute(\"data-callback\", \"put-your-callback-function-here\"); c.setAttribute(\"data-callback-url-click\", \"put-your-click-macro-here\"); c.setAttribute(\"data-callback-url-view\", \"put-your-view-macro-here\"); try { a = parent.document.getElementsByTagName(\"script\")[0] || document.getElementsByTagName(\"script\")[0]; } catch (e) { a = !1; } a || (a = document.getElementsByTagName(\"head\")[0] || document.getElementsByTagName(\"body\")[0]); a.parentNode.insertBefore(c, a); })(document, window); \/* ]]> *\/ <\/script><\/div>\n<p>Josef Mart\u00ednez, jugador del Inter Miami y de la Selecci\u00f3n de Vinotinto, atendi\u00f3 a los medios tras entrenamientos con su club, especialmente al periodista venezolano <a href=\"https:\/\/twitter.com\/fpetrocelli\">Fernando Petrocelli <\/a>y confirm\u00f3 que est\u00e1 preparado para encarar el nuevo reto de la doble fecha FIFA.&nbsp;<\/p>\n\n\n\n<p>\u201c<strong>S\u00ed, en las eliminatorias nunca hab\u00edamos empezado de esta forma. Siempre hab\u00eda problemas. Estos dos partidos son sumamente importantes. Siempre la ilusi\u00f3n est\u00e1. Se ha visto un buen grupo, hay una alegr\u00eda nueva y muchas ganas<\/strong>\u201d, inici\u00f3.&nbsp;<\/p>\n\n\n\n<p>Es necesario recordar que, la Vinotinto inici\u00f3 el camino al Mundial del 2026 con una derrota contra Colombia pero luego logr\u00f3 sacar las tres puntos contra Paraguay como local. Ahora deber\u00e1 enfrentar a Brasil en territorio amaz\u00f3nico y luego a Chile en casa, en la tercera y cuarta fecha de las Eliminatorias Sudamericanas.&nbsp;<\/p>\n\n\n\n<p>Con respecto al plus que la da \u00abBocha\u00bb Batista al grupo indic\u00f3 lo siguiente:&nbsp;<\/p>\n\n\n\n<blockquote class=\"wp-block-quote is-layout-flow wp-block-quote-is-layout-flow\">\n<p>\u201cM\u00e1s tranquilidad a cada quien y disfrutar. Este puede ser para muchos nuestro \u00faltimo bus. Tenemos una chance y hay que aprovecharla (&#8230;) uno quiere siempre representar a su pa\u00eds y m\u00e1s en una eliminatoria que es muy complicada. Muy contento. Esperamos mejores resultados\u201d<\/p>\n<cite>Josef Mart\u00ednez<\/cite><\/blockquote>\n\n\n\n<h2 class=\"wp-block-heading\"><strong>Mart\u00ednez y su presente en Miami<\/strong><\/h2>\n\n\n\n<p>El delantero tambi\u00e9n respondi\u00f3 una pregunta sobre c\u00f3mo se siente jugar cada dos o tres d\u00edas y luego llegar con la Selecci\u00f3n de Venezuela a lo que respondi\u00f3:&nbsp;<\/p>\n\n\n\n<p>\u201c<strong>Es duro porque pr\u00e1cticamente no tienes d\u00edas de descanso. Juegas cada dos o tres d\u00edas y despu\u00e9s viene el parado FIFA y tienes que ir a la Selecci\u00f3n. F\u00edsicamente es muy duro tener partidos seguidos<\/strong>\u201d, explic\u00f3<\/p>\n\n\n\n<p>Te dejamos el link de la entrevista hecha por el conductor de <a href=\"https:\/\/www.youtube.com\/@fpetrocelliRutaVinotinto\">Ruta Vinotinto<\/a>:&nbsp;<\/p>\n\n\n\n<figure class=\"wp-block-embed is-type-video is-provider-youtube wp-block-embed-youtube wp-embed-aspect-16-9 wp-has-aspect-ratio\"><div class=\"wp-block-embed__wrapper\">\n<iframe loading=\"lazy\" title=\"JOSEF MART\u00cdNEZ HABL\u00d3 SOBRE SU CONVOCATORIA VINOTINTO VS. BRASIL Y CHILE | ACTUALIDAD DEL INTER MIAMI\" width=\"1170\" height=\"658\" src=\"https:\/\/www.youtube.com\/embed\/_R_v-iKS0I0?feature=oembed\" frameborder=\"0\" allow=\"accelerometer; autoplay; clipboard-write; encrypted-media; gyroscope; picture-in-picture; web-share\" allowfullscreen><\/iframe>\n<\/div><\/figure>","protected":false},"excerpt":{"rendered":"<p>Josef Mart\u00ednez, jugador del Inter Miami y de la Selecci\u00f3n de Vinotinto, atendi\u00f3 a los medios tras entrenamientos con su club, especialmente al periodista venezolano Fernando Petrocelli y confirm\u00f3 que est\u00e1 preparado para encarar el nuevo reto de la doble fecha FIFA.&nbsp; \u201cS\u00ed, en las eliminatorias nunca hab\u00edamos empezado de esta forma. Siempre hab\u00eda problemas. [&hellip;]<\/p>","protected":false},"author":4,"featured_media":5457,"comment_status":"open","ping_status":"open","sticky":false,"template":"","format":"standard","meta":{"content-type":"","footnotes":""},"categories":[200],"tags":[74,201,186,68,90,69,67,91],"ppma_author":[290],"class_list":{"0":"post-5456","1":"post","2":"type-post","3":"status-publish","4":"format-standard","5":"has-post-thumbnail","7":"category-vinotintos","8":"tag-eliminatorias","9":"tag-fernando-petrocelli","10":"tag-josef-martinez","11":"tag-mundial-2026","12":"tag-ruta-vinotinto","13":"tag-venezuela","14":"tag-vinotinto","15":"tag-youtube"},"yoast_head":"<!-- This site is optimized with the Yoast SEO plugin v25.9 - https:\/\/yoast.com\/wordpress\/plugins\/seo\/ -->\n<title>Josef sobre las eliminatorias: \u201ceste puede ser para muchos, nuestro \u00faltimo bus\u201d - Cr\u00f3nicas Vinotinto<\/title>\n<meta name=\"robots\" content=\"index, follow, max-snippet:-1, max-image-preview:large, max-video-preview:-1\" \/>\n<link rel=\"canonical\" href=\"https:\/\/cronicasvinotinto.com\/en\/josef-sobre-las-eliminatorias-para-muchos-este-puede-ser-nuestro-ultimo-bus-para-ir-al-mundial\/\" \/>\n<meta property=\"og:locale\" content=\"en_US\" \/>\n<meta property=\"og:type\" content=\"article\" \/>\n<meta property=\"og:title\" content=\"Josef sobre las eliminatorias: \u201ceste puede ser para muchos, nuestro \u00faltimo bus\u201d - Cr\u00f3nicas Vinotinto\" \/>\n<meta property=\"og:description\" content=\"Josef Mart\u00ednez, jugador del Inter Miami y de la Selecci\u00f3n de Vinotinto, atendi\u00f3 a los medios tras entrenamientos con su club, especialmente al periodista venezolano Fernando Petrocelli y confirm\u00f3 que est\u00e1 preparado para encarar el nuevo reto de la doble fecha FIFA.&nbsp; \u201cS\u00ed, en las eliminatorias nunca hab\u00edamos empezado de esta forma. Siempre hab\u00eda problemas. [&hellip;]\" \/>\n<meta property=\"og:url\" content=\"https:\/\/cronicasvinotinto.com\/en\/josef-sobre-las-eliminatorias-para-muchos-este-puede-ser-nuestro-ultimo-bus-para-ir-al-mundial\/\" \/>\n<meta property=\"og:site_name\" content=\"Cr\u00f3nicas Vinotinto\" \/>\n<meta property=\"article:published_time\" content=\"2023-10-06T01:29:41+00:00\" \/>\n<meta property=\"article:modified_time\" content=\"2023-10-06T03:17:25+00:00\" \/>\n<meta property=\"og:image\" content=\"https:\/\/cronicasvinotinto.com\/wp-content\/uploads\/2023\/10\/josef_martinez.jpeg\" \/>\n\t<meta property=\"og:image:width\" content=\"1242\" \/>\n\t<meta property=\"og:image:height\" content=\"699\" \/>\n\t<meta property=\"og:image:type\" content=\"image\/jpeg\" \/>\n<meta name=\"author\" content=\"Carlos Magallanes\" \/>\n<meta name=\"twitter:card\" content=\"summary_large_image\" \/>\n<meta name=\"twitter:creator\" content=\"@cronicasvinotin\" \/>\n<meta name=\"twitter:site\" content=\"@cronicasvinotin\" \/>\n<meta name=\"twitter:label1\" content=\"Written by\" \/>\n\t<meta name=\"twitter:data1\" content=\"Carlos Magallanes\" \/>\n\t<meta name=\"twitter:label2\" content=\"Est. reading time\" \/>\n\t<meta name=\"twitter:data2\" content=\"2 minutes\" \/>\n<script type=\"application\/ld+json\" class=\"yoast-schema-graph\">{\"@context\":\"https:\/\/schema.org\",\"@graph\":[{\"@type\":\"Article\",\"@id\":\"https:\/\/cronicasvinotinto.com\/josef-sobre-las-eliminatorias-para-muchos-este-puede-ser-nuestro-ultimo-bus-para-ir-al-mundial\/#article\",\"isPartOf\":{\"@id\":\"https:\/\/cronicasvinotinto.com\/josef-sobre-las-eliminatorias-para-muchos-este-puede-ser-nuestro-ultimo-bus-para-ir-al-mundial\/\"},\"author\":{\"name\":\"Carlos Magallanes\",\"@id\":\"https:\/\/cronicasvinotinto.com\/#\/schema\/person\/a123042bb971c36b61868c746c125eea\"},\"headline\":\"Josef sobre las eliminatorias: \u201ceste puede ser para muchos, nuestro \u00faltimo bus\u201d\",\"datePublished\":\"2023-10-06T01:29:41+00:00\",\"dateModified\":\"2023-10-06T03:17:25+00:00\",\"mainEntityOfPage\":{\"@id\":\"https:\/\/cronicasvinotinto.com\/josef-sobre-las-eliminatorias-para-muchos-este-puede-ser-nuestro-ultimo-bus-para-ir-al-mundial\/\"},\"wordCount\":323,\"commentCount\":0,\"publisher\":{\"@id\":\"https:\/\/cronicasvinotinto.com\/#organization\"},\"image\":{\"@id\":\"https:\/\/cronicasvinotinto.com\/josef-sobre-las-eliminatorias-para-muchos-este-puede-ser-nuestro-ultimo-bus-para-ir-al-mundial\/#primaryimage\"},\"thumbnailUrl\":\"https:\/\/cronicasvinotinto.com\/wp-content\/uploads\/2023\/10\/josef_martinez.jpeg\",\"keywords\":[\"Eliminatorias\",\"Fernando Petrocelli\",\"Josef Mart\u00ednez\",\"mundial 2026\",\"Ruta Vinotinto\",\"venezuela\",\"vinotinto\",\"Youtube\"],\"articleSection\":[\"Vinotintos\"],\"inLanguage\":\"en-US\",\"potentialAction\":[{\"@type\":\"CommentAction\",\"name\":\"Comment\",\"target\":[\"https:\/\/cronicasvinotinto.com\/josef-sobre-las-eliminatorias-para-muchos-este-puede-ser-nuestro-ultimo-bus-para-ir-al-mundial\/#respond\"]}]},{\"@type\":\"WebPage\",\"@id\":\"https:\/\/cronicasvinotinto.com\/josef-sobre-las-eliminatorias-para-muchos-este-puede-ser-nuestro-ultimo-bus-para-ir-al-mundial\/\",\"url\":\"https:\/\/cronicasvinotinto.com\/josef-sobre-las-eliminatorias-para-muchos-este-puede-ser-nuestro-ultimo-bus-para-ir-al-mundial\/\",\"name\":\"Josef sobre las eliminatorias: \u201ceste puede ser para muchos, nuestro \u00faltimo bus\u201d - Cr\u00f3nicas Vinotinto\",\"isPartOf\":{\"@id\":\"https:\/\/cronicasvinotinto.com\/#website\"},\"primaryImageOfPage\":{\"@id\":\"https:\/\/cronicasvinotinto.com\/josef-sobre-las-eliminatorias-para-muchos-este-puede-ser-nuestro-ultimo-bus-para-ir-al-mundial\/#primaryimage\"},\"image\":{\"@id\":\"https:\/\/cronicasvinotinto.com\/josef-sobre-las-eliminatorias-para-muchos-este-puede-ser-nuestro-ultimo-bus-para-ir-al-mundial\/#primaryimage\"},\"thumbnailUrl\":\"https:\/\/cronicasvinotinto.com\/wp-content\/uploads\/2023\/10\/josef_martinez.jpeg\",\"datePublished\":\"2023-10-06T01:29:41+00:00\",\"dateModified\":\"2023-10-06T03:17:25+00:00\",\"breadcrumb\":{\"@id\":\"https:\/\/cronicasvinotinto.com\/josef-sobre-las-eliminatorias-para-muchos-este-puede-ser-nuestro-ultimo-bus-para-ir-al-mundial\/#breadcrumb\"},\"inLanguage\":\"en-US\",\"potentialAction\":[{\"@type\":\"ReadAction\",\"target\":[\"https:\/\/cronicasvinotinto.com\/josef-sobre-las-eliminatorias-para-muchos-este-puede-ser-nuestro-ultimo-bus-para-ir-al-mundial\/\"]}]},{\"@type\":\"ImageObject\",\"inLanguage\":\"en-US\",\"@id\":\"https:\/\/cronicasvinotinto.com\/josef-sobre-las-eliminatorias-para-muchos-este-puede-ser-nuestro-ultimo-bus-para-ir-al-mundial\/#primaryimage\",\"url\":\"https:\/\/cronicasvinotinto.com\/wp-content\/uploads\/2023\/10\/josef_martinez.jpeg\",\"contentUrl\":\"https:\/\/cronicasvinotinto.com\/wp-content\/uploads\/2023\/10\/josef_martinez.jpeg\",\"width\":1242,\"height\":699},{\"@type\":\"BreadcrumbList\",\"@id\":\"https:\/\/cronicasvinotinto.com\/josef-sobre-las-eliminatorias-para-muchos-este-puede-ser-nuestro-ultimo-bus-para-ir-al-mundial\/#breadcrumb\",\"itemListElement\":[{\"@type\":\"ListItem\",\"position\":1,\"name\":\"Portada\",\"item\":\"https:\/\/cronicasvinotinto.com\/\"},{\"@type\":\"ListItem\",\"position\":2,\"name\":\"Josef sobre las eliminatorias: \u201ceste puede ser para muchos, nuestro \u00faltimo bus\u201d\"}]},{\"@type\":\"WebSite\",\"@id\":\"https:\/\/cronicasvinotinto.com\/#website\",\"url\":\"https:\/\/cronicasvinotinto.com\/\",\"name\":\"Cr\u00f3nicas Vinotinto\",\"description\":\"Noticias, historias, opini\u00f3n y pasi\u00f3n por la Vinotinto en su camino hacia el Mundial.\",\"publisher\":{\"@id\":\"https:\/\/cronicasvinotinto.com\/#organization\"},\"potentialAction\":[{\"@type\":\"SearchAction\",\"target\":{\"@type\":\"EntryPoint\",\"urlTemplate\":\"https:\/\/cronicasvinotinto.com\/?s={search_term_string}\"},\"query-input\":{\"@type\":\"PropertyValueSpecification\",\"valueRequired\":true,\"valueName\":\"search_term_string\"}}],\"inLanguage\":\"en-US\"},{\"@type\":\"Organization\",\"@id\":\"https:\/\/cronicasvinotinto.com\/#organization\",\"name\":\"Cr\u00f3nicas Vinotinto\",\"url\":\"https:\/\/cronicasvinotinto.com\/\",\"logo\":{\"@type\":\"ImageObject\",\"inLanguage\":\"en-US\",\"@id\":\"https:\/\/cronicasvinotinto.com\/#\/schema\/logo\/image\/\",\"url\":\"https:\/\/cronicasvinotinto.com\/wp-content\/uploads\/2023\/09\/cronicasvinotinto_logo_dia-1.png\",\"contentUrl\":\"https:\/\/cronicasvinotinto.com\/wp-content\/uploads\/2023\/09\/cronicasvinotinto_logo_dia-1.png\",\"width\":601,\"height\":197,\"caption\":\"Cr\u00f3nicas Vinotinto\"},\"image\":{\"@id\":\"https:\/\/cronicasvinotinto.com\/#\/schema\/logo\/image\/\"},\"sameAs\":[\"https:\/\/x.com\/cronicasvinotin\"]},{\"@type\":\"Person\",\"@id\":\"https:\/\/cronicasvinotinto.com\/#\/schema\/person\/a123042bb971c36b61868c746c125eea\",\"name\":\"Carlos Magallanes\",\"image\":{\"@type\":\"ImageObject\",\"inLanguage\":\"en-US\",\"@id\":\"https:\/\/cronicasvinotinto.com\/#\/schema\/person\/image\/897b3a81ceabd9731c5bbb3ce19acb00\",\"url\":\"https:\/\/secure.gravatar.com\/avatar\/8077c05ae2f348abff0b9a33b6373512294b70d7433bd8789a451225918dc986?s=96&d=mm&r=g\",\"contentUrl\":\"https:\/\/secure.gravatar.com\/avatar\/8077c05ae2f348abff0b9a33b6373512294b70d7433bd8789a451225918dc986?s=96&d=mm&r=g\",\"caption\":\"Carlos Magallanes\"},\"url\":\"https:\/\/cronicasvinotinto.com\/en\/author\/magallanesc\/\"}]}<\/script>\n<!-- \/ Yoast SEO plugin. -->","yoast_head_json":{"title":"Josef sobre las eliminatorias: \u201ceste puede ser para muchos, nuestro \u00faltimo bus\u201d - Cr\u00f3nicas Vinotinto","robots":{"index":"index","follow":"follow","max-snippet":"max-snippet:-1","max-image-preview":"max-image-preview:large","max-video-preview":"max-video-preview:-1"},"canonical":"https:\/\/cronicasvinotinto.com\/en\/josef-sobre-las-eliminatorias-para-muchos-este-puede-ser-nuestro-ultimo-bus-para-ir-al-mundial\/","og_locale":"en_US","og_type":"article","og_title":"Josef sobre las eliminatorias: \u201ceste puede ser para muchos, nuestro \u00faltimo bus\u201d - Cr\u00f3nicas Vinotinto","og_description":"Josef Mart\u00ednez, jugador del Inter Miami y de la Selecci\u00f3n de Vinotinto, atendi\u00f3 a los medios tras entrenamientos con su club, especialmente al periodista venezolano Fernando Petrocelli y confirm\u00f3 que est\u00e1 preparado para encarar el nuevo reto de la doble fecha FIFA.&nbsp; \u201cS\u00ed, en las eliminatorias nunca hab\u00edamos empezado de esta forma. Siempre hab\u00eda problemas. [&hellip;]","og_url":"https:\/\/cronicasvinotinto.com\/en\/josef-sobre-las-eliminatorias-para-muchos-este-puede-ser-nuestro-ultimo-bus-para-ir-al-mundial\/","og_site_name":"Cr\u00f3nicas Vinotinto","article_published_time":"2023-10-06T01:29:41+00:00","article_modified_time":"2023-10-06T03:17:25+00:00","og_image":[{"width":1242,"height":699,"url":"https:\/\/cronicasvinotinto.com\/wp-content\/uploads\/2023\/10\/josef_martinez.jpeg","type":"image\/jpeg"}],"author":"Carlos Magallanes","twitter_card":"summary_large_image","twitter_creator":"@cronicasvinotin","twitter_site":"@cronicasvinotin","twitter_misc":{"Written by":"Carlos Magallanes","Est. reading time":"2 minutes"},"schema":{"@context":"https:\/\/schema.org","@graph":[{"@type":"Article","@id":"https:\/\/cronicasvinotinto.com\/josef-sobre-las-eliminatorias-para-muchos-este-puede-ser-nuestro-ultimo-bus-para-ir-al-mundial\/#article","isPartOf":{"@id":"https:\/\/cronicasvinotinto.com\/josef-sobre-las-eliminatorias-para-muchos-este-puede-ser-nuestro-ultimo-bus-para-ir-al-mundial\/"},"author":{"name":"Carlos Magallanes","@id":"https:\/\/cronicasvinotinto.com\/#\/schema\/person\/a123042bb971c36b61868c746c125eea"},"headline":"Josef sobre las eliminatorias: \u201ceste puede ser para muchos, nuestro \u00faltimo bus\u201d","datePublished":"2023-10-06T01:29:41+00:00","dateModified":"2023-10-06T03:17:25+00:00","mainEntityOfPage":{"@id":"https:\/\/cronicasvinotinto.com\/josef-sobre-las-eliminatorias-para-muchos-este-puede-ser-nuestro-ultimo-bus-para-ir-al-mundial\/"},"wordCount":323,"commentCount":0,"publisher":{"@id":"https:\/\/cronicasvinotinto.com\/#organization"},"image":{"@id":"https:\/\/cronicasvinotinto.com\/josef-sobre-las-eliminatorias-para-muchos-este-puede-ser-nuestro-ultimo-bus-para-ir-al-mundial\/#primaryimage"},"thumbnailUrl":"https:\/\/cronicasvinotinto.com\/wp-content\/uploads\/2023\/10\/josef_martinez.jpeg","keywords":["Eliminatorias","Fernando Petrocelli","Josef Mart\u00ednez","mundial 2026","Ruta Vinotinto","venezuela","vinotinto","Youtube"],"articleSection":["Vinotintos"],"inLanguage":"en-US","potentialAction":[{"@type":"CommentAction","name":"Comment","target":["https:\/\/cronicasvinotinto.com\/josef-sobre-las-eliminatorias-para-muchos-este-puede-ser-nuestro-ultimo-bus-para-ir-al-mundial\/#respond"]}]},{"@type":"WebPage","@id":"https:\/\/cronicasvinotinto.com\/josef-sobre-las-eliminatorias-para-muchos-este-puede-ser-nuestro-ultimo-bus-para-ir-al-mundial\/","url":"https:\/\/cronicasvinotinto.com\/josef-sobre-las-eliminatorias-para-muchos-este-puede-ser-nuestro-ultimo-bus-para-ir-al-mundial\/","name":"Josef sobre las eliminatorias: \u201ceste puede ser para muchos, nuestro \u00faltimo bus\u201d - Cr\u00f3nicas Vinotinto","isPartOf":{"@id":"https:\/\/cronicasvinotinto.com\/#website"},"primaryImageOfPage":{"@id":"https:\/\/cronicasvinotinto.com\/josef-sobre-las-eliminatorias-para-muchos-este-puede-ser-nuestro-ultimo-bus-para-ir-al-mundial\/#primaryimage"},"image":{"@id":"https:\/\/cronicasvinotinto.com\/josef-sobre-las-eliminatorias-para-muchos-este-puede-ser-nuestro-ultimo-bus-para-ir-al-mundial\/#primaryimage"},"thumbnailUrl":"https:\/\/cronicasvinotinto.com\/wp-content\/uploads\/2023\/10\/josef_martinez.jpeg","datePublished":"2023-10-06T01:29:41+00:00","dateModified":"2023-10-06T03:17:25+00:00","breadcrumb":{"@id":"https:\/\/cronicasvinotinto.com\/josef-sobre-las-eliminatorias-para-muchos-este-puede-ser-nuestro-ultimo-bus-para-ir-al-mundial\/#breadcrumb"},"inLanguage":"en-US","potentialAction":[{"@type":"ReadAction","target":["https:\/\/cronicasvinotinto.com\/josef-sobre-las-eliminatorias-para-muchos-este-puede-ser-nuestro-ultimo-bus-para-ir-al-mundial\/"]}]},{"@type":"ImageObject","inLanguage":"en-US","@id":"https:\/\/cronicasvinotinto.com\/josef-sobre-las-eliminatorias-para-muchos-este-puede-ser-nuestro-ultimo-bus-para-ir-al-mundial\/#primaryimage","url":"https:\/\/cronicasvinotinto.com\/wp-content\/uploads\/2023\/10\/josef_martinez.jpeg","contentUrl":"https:\/\/cronicasvinotinto.com\/wp-content\/uploads\/2023\/10\/josef_martinez.jpeg","width":1242,"height":699},{"@type":"BreadcrumbList","@id":"https:\/\/cronicasvinotinto.com\/josef-sobre-las-eliminatorias-para-muchos-este-puede-ser-nuestro-ultimo-bus-para-ir-al-mundial\/#breadcrumb","itemListElement":[{"@type":"ListItem","position":1,"name":"Portada","item":"https:\/\/cronicasvinotinto.com\/"},{"@type":"ListItem","position":2,"name":"Josef sobre las eliminatorias: \u201ceste puede ser para muchos, nuestro \u00faltimo bus\u201d"}]},{"@type":"WebSite","@id":"https:\/\/cronicasvinotinto.com\/#website","url":"https:\/\/cronicasvinotinto.com\/","name":"Cr\u00f3nicas Vinotinto","description":"Noticias, historias, opini\u00f3n y pasi\u00f3n por la Vinotinto en su camino hacia el Mundial.","publisher":{"@id":"https:\/\/cronicasvinotinto.com\/#organization"},"potentialAction":[{"@type":"SearchAction","target":{"@type":"EntryPoint","urlTemplate":"https:\/\/cronicasvinotinto.com\/?s={search_term_string}"},"query-input":{"@type":"PropertyValueSpecification","valueRequired":true,"valueName":"search_term_string"}}],"inLanguage":"en-US"},{"@type":"Organization","@id":"https:\/\/cronicasvinotinto.com\/#organization","name":"Cr\u00f3nicas Vinotinto","url":"https:\/\/cronicasvinotinto.com\/","logo":{"@type":"ImageObject","inLanguage":"en-US","@id":"https:\/\/cronicasvinotinto.com\/#\/schema\/logo\/image\/","url":"https:\/\/cronicasvinotinto.com\/wp-content\/uploads\/2023\/09\/cronicasvinotinto_logo_dia-1.png","contentUrl":"https:\/\/cronicasvinotinto.com\/wp-content\/uploads\/2023\/09\/cronicasvinotinto_logo_dia-1.png","width":601,"height":197,"caption":"Cr\u00f3nicas Vinotinto"},"image":{"@id":"https:\/\/cronicasvinotinto.com\/#\/schema\/logo\/image\/"},"sameAs":["https:\/\/x.com\/cronicasvinotin"]},{"@type":"Person","@id":"https:\/\/cronicasvinotinto.com\/#\/schema\/person\/a123042bb971c36b61868c746c125eea","name":"Carlos Magallanes","image":{"@type":"ImageObject","inLanguage":"en-US","@id":"https:\/\/cronicasvinotinto.com\/#\/schema\/person\/image\/897b3a81ceabd9731c5bbb3ce19acb00","url":"https:\/\/secure.gravatar.com\/avatar\/8077c05ae2f348abff0b9a33b6373512294b70d7433bd8789a451225918dc986?s=96&d=mm&r=g","contentUrl":"https:\/\/secure.gravatar.com\/avatar\/8077c05ae2f348abff0b9a33b6373512294b70d7433bd8789a451225918dc986?s=96&d=mm&r=g","caption":"Carlos Magallanes"},"url":"https:\/\/cronicasvinotinto.com\/en\/author\/magallanesc\/"}]}},"authors":[{"term_id":290,"user_id":4,"is_guest":0,"slug":"magallanesc","display_name":"Carlos Magallanes","avatar_url":"https:\/\/secure.gravatar.com\/avatar\/8077c05ae2f348abff0b9a33b6373512294b70d7433bd8789a451225918dc986?s=96&d=mm&r=g","author_category":"","user_url":"","last_name":"Magallanes","first_name":"Carlos","job_title":"","description":""}],"_links":{"self":[{"href":"https:\/\/cronicasvinotinto.com\/en\/wp-json\/wp\/v2\/posts\/5456","targetHints":{"allow":["GET"]}}],"collection":[{"href":"https:\/\/cronicasvinotinto.com\/en\/wp-json\/wp\/v2\/posts"}],"about":[{"href":"https:\/\/cronicasvinotinto.com\/en\/wp-json\/wp\/v2\/types\/post"}],"author":[{"embeddable":true,"href":"https:\/\/cronicasvinotinto.com\/en\/wp-json\/wp\/v2\/users\/4"}],"replies":[{"embeddable":true,"href":"https:\/\/cronicasvinotinto.com\/en\/wp-json\/wp\/v2\/comments?post=5456"}],"version-history":[{"count":3,"href":"https:\/\/cronicasvinotinto.com\/en\/wp-json\/wp\/v2\/posts\/5456\/revisions"}],"predecessor-version":[{"id":5467,"href":"https:\/\/cronicasvinotinto.com\/en\/wp-json\/wp\/v2\/posts\/5456\/revisions\/5467"}],"wp:featuredmedia":[{"embeddable":true,"href":"https:\/\/cronicasvinotinto.com\/en\/wp-json\/wp\/v2\/media\/5457"}],"wp:attachment":[{"href":"https:\/\/cronicasvinotinto.com\/en\/wp-json\/wp\/v2\/media?parent=5456"}],"wp:term":[{"taxonomy":"category","embeddable":true,"href":"https:\/\/cronicasvinotinto.com\/en\/wp-json\/wp\/v2\/categories?post=5456"},{"taxonomy":"post_tag","embeddable":true,"href":"https:\/\/cronicasvinotinto.com\/en\/wp-json\/wp\/v2\/tags?post=5456"},{"taxonomy":"author","embeddable":true,"href":"https:\/\/cronicasvinotinto.com\/en\/wp-json\/wp\/v2\/ppma_author?post=5456"}],"curies":[{"name":"wp","href":"https:\/\/api.w.org\/{rel}","templated":true}]}}