{"id":5460,"date":"2023-10-06T02:33:30","date_gmt":"2023-10-06T02:33:30","guid":{"rendered":"https:\/\/cronicasvinotinto.com\/?p=5460"},"modified":"2023-10-06T02:42:31","modified_gmt":"2023-10-06T02:42:31","slug":"pasion-por-la-vinotinto-creadores-en-youtube-analizan-la-convocatoria-a-pocos-dias-del-brasil-venezuela","status":"publish","type":"post","link":"https:\/\/cronicasvinotinto.com\/en\/pasion-por-la-vinotinto-creadores-en-youtube-analizan-la-convocatoria-a-pocos-dias-del-brasil-venezuela\/","title":{"rendered":"Pasi\u00f3n por la Vinotinto: creadores en Youtube analizan la convocatoria a pocos d\u00edas del Brasil-Venezuela"},"content":{"rendered":"<div class=\"croni-antes-del-contenido_2\" id=\"croni-1220263997\"><script data-cfasync=\"false\" type=\"text\/javascript\" id=\"clever-core\"> \/* <![CDATA[ *\/ (function (document, window) { var a, c = document.createElement(\"script\"), f = window.frameElement; c.id = \"CleverCoreLoader83928\"; c.src = \"https:\/\/scripts.cleverwebserver.com\/28d9a805dec9ac74dac45d79386cb81d.js\"; c.async = !0; c.type = \"text\/javascript\"; c.setAttribute(\"data-target\", window.name || (f && f.getAttribute(\"id\"))); c.setAttribute(\"data-callback\", \"put-your-callback-function-here\"); c.setAttribute(\"data-callback-url-click\", \"put-your-click-macro-here\"); c.setAttribute(\"data-callback-url-view\", \"put-your-view-macro-here\"); try { a = parent.document.getElementsByTagName(\"script\")[0] || document.getElementsByTagName(\"script\")[0]; } catch (e) { a = !1; } a || (a = document.getElementsByTagName(\"head\")[0] || document.getElementsByTagName(\"body\")[0]); a.parentNode.insertBefore(c, a); })(document, window); \/* ]]> *\/ <\/script><\/div>\n<p>Hablar sobre la Selecci\u00f3n de Venezuela se est\u00e1 haciendo habitual para muchos creadores de contenido en internet. Sobre todo porque est\u00e1 cerca la tercera y cuarta fecha de las Eliminatorias Sudamericanas al Mundial de las Tres Naciones en 2026. <\/p>\n\n\n\n<p>Aqu\u00ed te dejamos algunos videos que se han publicado en Youtube sobre la Vinotinto:<\/p>\n\n\n\n<h3 class=\"wp-block-heading\">Actualidad Vinotinto con Pedro de Jes\u00fas<\/h3>\n\n\n\n<p>Como es habitual, el joven Pedro De Jes\u00fas narra las noticias del d\u00eda sobre la Vinotinto y sus convocados:  <\/p>\n\n\n\n<figure class=\"wp-block-embed is-type-video is-provider-youtube wp-block-embed-youtube wp-embed-aspect-16-9 wp-has-aspect-ratio\"><div class=\"wp-block-embed__wrapper\">\n<iframe loading=\"lazy\" title=\"VENEZUELA &quot;puede SACAR PUNTOS&quot; Vs BRASIL | \u00a1PIDEN 4 A\u00d1OS de C\u00c1RCEL a MACH\u00cdS! | GOL de JOSEF\" width=\"1170\" height=\"658\" src=\"https:\/\/www.youtube.com\/embed\/WmC8ixeS39A?feature=oembed\" frameborder=\"0\" allow=\"accelerometer; autoplay; clipboard-write; encrypted-media; gyroscope; picture-in-picture; web-share\" allowfullscreen><\/iframe>\n<\/div><\/figure>\n\n\n\n<hr class=\"wp-block-separator has-alpha-channel-opacity\"\/>\n\n\n\n<h3 class=\"wp-block-heading\">Entrevista a Nahuel Ferraresi<\/h3>\n\n\n\n<p>Fernando Petrocelli y Ruta Vinotinto entrevista al defensor central de la Vinotinto, Nahuel Ferraresi, que volvi\u00f3 a entrar en una convocatoria de Venezuela, tras estar lesionado varios meses. Disfruta de la entrevista aqu\u00ed: <\/p>\n\n\n\n<figure class=\"wp-block-embed is-type-video is-provider-youtube wp-block-embed-youtube wp-embed-aspect-16-9 wp-has-aspect-ratio\"><div class=\"wp-block-embed__wrapper\">\n<iframe loading=\"lazy\" title=\"INVITADO: NAHUEL FERRARESI |\u00a0SU RECUPERACI\u00d3N Y VUELTA A LA VINOTINTO | MUNDIAL 2030 \u00bfBENEFICIA?\" width=\"1170\" height=\"658\" src=\"https:\/\/www.youtube.com\/embed\/zhiS8diNnBI?feature=oembed\" frameborder=\"0\" allow=\"accelerometer; autoplay; clipboard-write; encrypted-media; gyroscope; picture-in-picture; web-share\" allowfullscreen><\/iframe>\n<\/div><\/figure>\n\n\n\n<hr class=\"wp-block-separator has-alpha-channel-opacity\"\/>\n\n\n\n<h3 class=\"wp-block-heading\">Convocatoria seg\u00fan \u00abToma pap\u00e1\u00bb<\/h3>\n\n\n\n<p>El popular narrador venezolano, Carlos Mauricio Ram\u00edrez, mejor conocido como \u00abToma pap\u00e1\u00bb, analiza en un programa en Televen, canal de se\u00f1al abierta en Venezuela, la convocatoria Vinotinto. <\/p>\n\n\n\n<figure class=\"wp-block-embed is-type-video is-provider-youtube wp-block-embed-youtube wp-embed-aspect-16-9 wp-has-aspect-ratio\"><div class=\"wp-block-embed__wrapper\">\n<iframe loading=\"lazy\" title=\"Carlos Mauricio Ram\u00edrez analiza la convocatoria Vinotinto - Teledeportes, 2 de octubre de 2023\" width=\"1170\" height=\"658\" src=\"https:\/\/www.youtube.com\/embed\/473ljb1M_0o?feature=oembed\" frameborder=\"0\" allow=\"accelerometer; autoplay; clipboard-write; encrypted-media; gyroscope; picture-in-picture; web-share\" allowfullscreen><\/iframe>\n<\/div><\/figure>\n\n\n\n<hr class=\"wp-block-separator has-alpha-channel-opacity\"\/>\n\n\n\n<h3 class=\"wp-block-heading\">F\u00fatbol sin tapabocas: Convocatoria  para enfrentar a Brasil y Chile<\/h3>\n\n\n\n<p>En este video analizan al detalle la reciente convocatoria de la selecci\u00f3n nacional de Venezuela para enfrentarse a potencias como Brasil y Chile en Octubre de 2023. \u00bfQui\u00e9nes fueron convocados? \u00bfHay alguna sorpresa? \u00bfQu\u00e9 jugadores quedaron fuera? Te traemos un desglose completo para que est\u00e9s listo para estos partidos:<\/p>\n\n\n\n<figure class=\"wp-block-embed is-type-video is-provider-youtube wp-block-embed-youtube wp-embed-aspect-16-9 wp-has-aspect-ratio\"><div class=\"wp-block-embed__wrapper\">\n<iframe loading=\"lazy\" title=\"Convocatoria VINOTINTO para enfrentar a BRASIL y CHILE [Octubre 2023]\" width=\"1170\" height=\"658\" src=\"https:\/\/www.youtube.com\/embed\/RGsz7z2qQJw?feature=oembed\" frameborder=\"0\" allow=\"accelerometer; autoplay; clipboard-write; encrypted-media; gyroscope; picture-in-picture; web-share\" allowfullscreen><\/iframe>\n<\/div><\/figure>\n\n\n\n<hr class=\"wp-block-separator has-alpha-channel-opacity\"\/>\n\n\n\n<h3 class=\"wp-block-heading\">Juan Carlos Rutilo e Ignacio Benedetti en Wow deportes  <\/h3>\n\n\n\n<p>Los comentaristas venezolanos analizan la convocatoria para enfrentar a Brasil y Chile.<\/p>\n\n\n\n<figure class=\"wp-block-embed is-type-video is-provider-youtube wp-block-embed-youtube wp-embed-aspect-16-9 wp-has-aspect-ratio\"><div class=\"wp-block-embed__wrapper\">\n<iframe loading=\"lazy\" title=\"CONVOCATORIA VINOTINTO PARA ENFRENTAR A BRASIL Y CHILE\" width=\"1170\" height=\"658\" src=\"https:\/\/www.youtube.com\/embed\/s1XgfG6MMoM?feature=oembed\" frameborder=\"0\" allow=\"accelerometer; autoplay; clipboard-write; encrypted-media; gyroscope; picture-in-picture; web-share\" allowfullscreen><\/iframe>\n<\/div><\/figure>\n\n\n\n<hr class=\"wp-block-separator has-alpha-channel-opacity is-style-wide\"\/>\n\n\n\n<h3 class=\"wp-block-heading\">Carlos Faria analiza hombre por hombre de la convocatoria Vinotinto<\/h3>\n\n\n\n<p>Far\u00eda habla sobre la pasi\u00f3n por la selecci\u00f3n de f\u00fatbol de Venezuela (Vinotinto) y su camino hacia el Mundial de 2026.<\/p>\n\n\n\n<figure class=\"wp-block-embed is-type-video is-provider-youtube wp-block-embed-youtube wp-embed-aspect-16-9 wp-has-aspect-ratio\"><div class=\"wp-block-embed__wrapper\">\n<iframe loading=\"lazy\" title=\"\ud83d\udea8\ud83d\ude80\ud83d\udd25 BRASIL VS VENEZUELA: HOMBRE x HOMBRE \/ CASO VINOTINTO FEMENINA\" width=\"1170\" height=\"658\" src=\"https:\/\/www.youtube.com\/embed\/9ZdGq4rMeLo?feature=oembed\" frameborder=\"0\" allow=\"accelerometer; autoplay; clipboard-write; encrypted-media; gyroscope; picture-in-picture; web-share\" allowfullscreen><\/iframe>\n<\/div><\/figure>\n\n\n\n<hr class=\"wp-block-separator has-alpha-channel-opacity is-style-wide\"\/>\n\n\n\n<h3 class=\"wp-block-heading\">Antonio Pe\u00f1a Adan habla sobre el posible 11 Vinotinto contra Brasil<\/h3>\n\n\n\n<figure class=\"wp-block-embed is-type-video is-provider-youtube wp-block-embed-youtube wp-embed-aspect-16-9 wp-has-aspect-ratio\"><div class=\"wp-block-embed__wrapper\">\n<iframe loading=\"lazy\" title=\"11 VINOTINTO vs Brasil ELIMINATORIAS MUNDIAL 2026\" width=\"1170\" height=\"658\" src=\"https:\/\/www.youtube.com\/embed\/y2Q4eAiLxmQ?feature=oembed\" frameborder=\"0\" allow=\"accelerometer; autoplay; clipboard-write; encrypted-media; gyroscope; picture-in-picture; web-share\" allowfullscreen><\/iframe>\n<\/div><\/figure>\n\n\n\n<hr class=\"wp-block-separator has-alpha-channel-opacity is-style-wide\"\/>\n\n\n\n<h3 class=\"wp-block-heading\"><a href=\"https:\/\/www.youtube.com\/@conecta2vinotinto947\">Conecta2 Vinotinto<\/a>: \u00ab\u00bfPodremos ganarle a Brasil?\u00bb<\/h3>\n\n\n\n<figure class=\"wp-block-embed is-type-video is-provider-youtube wp-block-embed-youtube wp-embed-aspect-16-9 wp-has-aspect-ratio\"><div class=\"wp-block-embed__wrapper\">\n<iframe loading=\"lazy\" title=\"LISTA CONVOCATORIA! \u00bfPODREMOS GANAR A BRASIL?\" width=\"1170\" height=\"658\" src=\"https:\/\/www.youtube.com\/embed\/ZhWknvwVzbs?feature=oembed\" frameborder=\"0\" allow=\"accelerometer; autoplay; clipboard-write; encrypted-media; gyroscope; picture-in-picture; web-share\" allowfullscreen><\/iframe>\n<\/div><\/figure>\n\n\n\n<hr class=\"wp-block-separator has-alpha-channel-opacity is-style-wide\"\/>\n\n\n\n<h3 class=\"wp-block-heading\">Juan Silva se pregunta: \u00bfPor qu\u00e9 no est\u00e1 Kevin Kelsy? <\/h3>\n\n\n\n<figure class=\"wp-block-embed is-type-video is-provider-youtube wp-block-embed-youtube wp-embed-aspect-16-9 wp-has-aspect-ratio\"><div class=\"wp-block-embed__wrapper\">\n<iframe loading=\"lazy\" title=\"LA CONVOCATORIA VINOTINTO PARA ENFRENTAR A CHILE Y BRASIL|\u00bfQuienes Faltan?|AN\u00c1LISIS Y OPINI\u00d3N\" width=\"1170\" height=\"658\" src=\"https:\/\/www.youtube.com\/embed\/6sK16IOAYNM?feature=oembed\" frameborder=\"0\" allow=\"accelerometer; autoplay; clipboard-write; encrypted-media; gyroscope; picture-in-picture; web-share\" allowfullscreen><\/iframe>\n<\/div><\/figure>\n\n\n\n<hr class=\"wp-block-separator has-alpha-channel-opacity is-style-wide\"\/>\n\n\n\n<h3 class=\"wp-block-heading\">Sports Venezuela desmenuza la convocatoria del \u00abBocha\u00bb Batista<\/h3>\n\n\n\n<figure class=\"wp-block-embed is-type-video is-provider-youtube wp-block-embed-youtube wp-embed-aspect-16-9 wp-has-aspect-ratio\"><div class=\"wp-block-embed__wrapper\">\n<iframe loading=\"lazy\" title=\"Vinotinto: Analizamos la convocatoria de Venezuela para enfrentar a Brasil y Chile en Eliminatorias\" width=\"1170\" height=\"658\" src=\"https:\/\/www.youtube.com\/embed\/Gci_F5f-Q1I?feature=oembed\" frameborder=\"0\" allow=\"accelerometer; autoplay; clipboard-write; encrypted-media; gyroscope; picture-in-picture; web-share\" allowfullscreen><\/iframe>\n<\/div><\/figure>\n\n\n\n<hr class=\"wp-block-separator has-alpha-channel-opacity is-style-wide\"\/>\n\n\n\n<h3 class=\"wp-block-heading\">Armando Naranjo desglosa la convocatoria de la selecci\u00f3n Vinotinto<\/h3>\n\n\n\n<figure class=\"wp-block-embed is-type-video is-provider-youtube wp-block-embed-youtube wp-embed-aspect-16-9 wp-has-aspect-ratio\"><div class=\"wp-block-embed__wrapper\">\n<iframe loading=\"lazy\" title=\"\ud83d\udd34 CONVOCATORIA VENEZUELA VS BRASIL Y CHILE - ELIMINATORIAS SUDAMERICANAS\" width=\"1170\" height=\"658\" src=\"https:\/\/www.youtube.com\/embed\/ILdF_irgxS8?feature=oembed\" frameborder=\"0\" allow=\"accelerometer; autoplay; clipboard-write; encrypted-media; gyroscope; picture-in-picture; web-share\" allowfullscreen><\/iframe>\n<\/div><\/figure>\n\n\n\n<hr class=\"wp-block-separator has-alpha-channel-opacity is-style-wide\"\/>\n\n\n\n<h3 class=\"wp-block-heading\">Porhu: \u00abMi problema es con Ala\u00edn Baroja&#8230; \u00bfCu\u00e1ndo van a convocar a Contreras?\u00bb <\/h3>\n\n\n\n<figure class=\"wp-block-embed is-type-video is-provider-youtube wp-block-embed-youtube wp-embed-aspect-16-9 wp-has-aspect-ratio\"><div class=\"wp-block-embed__wrapper\">\n<iframe loading=\"lazy\" title=\"AN\u00c1LISIS DE LA CONVOCATORIA VINOTINTO | VAMOS CON TODO ANTE CHILE Y BRASIL\" width=\"1170\" height=\"658\" src=\"https:\/\/www.youtube.com\/embed\/rn1-jADI6t4?feature=oembed\" frameborder=\"0\" allow=\"accelerometer; autoplay; clipboard-write; encrypted-media; gyroscope; picture-in-picture; web-share\" allowfullscreen><\/iframe>\n<\/div><\/figure>\n\n\n\n<hr class=\"wp-block-separator has-alpha-channel-opacity is-style-wide\"\/>\n\n\n\n<h3 class=\"wp-block-heading\">GuaroSportTV: Antonio Pe\u00f1a Adan arma su 11 Vinotinto contra Brasil <\/h3>\n\n\n\n<figure class=\"wp-block-embed is-type-video is-provider-youtube wp-block-embed-youtube wp-embed-aspect-16-9 wp-has-aspect-ratio\"><div class=\"wp-block-embed__wrapper\">\n<iframe loading=\"lazy\" title=\"11 VINOTINTO vs Brasil ELIMINATORIAS MUNDIAL 2026\" width=\"1170\" height=\"658\" src=\"https:\/\/www.youtube.com\/embed\/y2Q4eAiLxmQ?feature=oembed\" frameborder=\"0\" allow=\"accelerometer; autoplay; clipboard-write; encrypted-media; gyroscope; picture-in-picture; web-share\" allowfullscreen><\/iframe>\n<\/div><\/figure>\n\n\n\n<hr class=\"wp-block-separator has-alpha-channel-opacity is-style-wide\"\/>\n\n\n\n<h3 class=\"wp-block-heading\">El an\u00e1lisis de los convocados vinotinto por Fernando Petrocelli y la Ruta Vinotinto<\/h3>\n\n\n\n<figure class=\"wp-block-embed is-type-video is-provider-youtube wp-block-embed-youtube wp-embed-aspect-16-9 wp-has-aspect-ratio\"><div class=\"wp-block-embed__wrapper\">\n<iframe loading=\"lazy\" title=\"AN\u00c1LISIS DE LA CONVOCATORIA VS. BRASIL Y CHILE | DOBLE FECHA DE ELIMINATORIAS EN OCTUBRE\" width=\"1170\" height=\"658\" src=\"https:\/\/www.youtube.com\/embed\/aQGDhhOmKuE?start=686&#038;feature=oembed\" frameborder=\"0\" allow=\"accelerometer; autoplay; clipboard-write; encrypted-media; gyroscope; picture-in-picture; web-share\" allowfullscreen><\/iframe>\n<\/div><\/figure>\n\n\n\n<hr class=\"wp-block-separator has-alpha-channel-opacity is-style-wide\"\/>\n\n\n\n<h3 class=\"wp-block-heading\">Compendio Deportivo TV: \u00abLa vinotinto buscar\u00e1 puntaje perfecto ante Brasil y Chile\u00bb<\/h3>\n\n\n\n<figure class=\"wp-block-embed is-type-video is-provider-youtube wp-block-embed-youtube wp-embed-aspect-16-9 wp-has-aspect-ratio\"><div class=\"wp-block-embed__wrapper\">\n<iframe loading=\"lazy\" title=\"La Vinotinto buscar\u00e1 puntaje perfecto ante Brasil y Chile - Compendio Deportivo\" width=\"1170\" height=\"658\" src=\"https:\/\/www.youtube.com\/embed\/jaVG6Bye1jw?feature=oembed\" frameborder=\"0\" allow=\"accelerometer; autoplay; clipboard-write; encrypted-media; gyroscope; picture-in-picture; web-share\" allowfullscreen><\/iframe>\n<\/div><\/figure>","protected":false},"excerpt":{"rendered":"<p>Hablar sobre la Selecci\u00f3n de Venezuela se est\u00e1 haciendo habitual para muchos creadores de contenido en internet. Sobre todo porque est\u00e1 cerca la tercera y cuarta fecha de las Eliminatorias Sudamericanas al Mundial de las Tres Naciones en 2026. Aqu\u00ed te dejamos algunos videos que se han publicado en Youtube sobre la Vinotinto: Actualidad Vinotinto [&hellip;]<\/p>","protected":false},"author":2,"featured_media":5466,"comment_status":"open","ping_status":"open","sticky":false,"template":"","format":"standard","meta":{"content-type":"","footnotes":""},"categories":[92,187],"tags":[81,74,68,79,69,67,91],"ppma_author":[288],"class_list":{"0":"post-5460","1":"post","2":"type-post","3":"status-publish","4":"format-standard","5":"has-post-thumbnail","7":"category-medios","8":"category-cronicas-youtube","9":"tag-brasil","10":"tag-eliminatorias","11":"tag-mundial-2026","12":"tag-partidos","13":"tag-venezuela","14":"tag-vinotinto","15":"tag-youtube"},"yoast_head":"<!-- This site is optimized with the Yoast SEO plugin v25.9 - https:\/\/yoast.com\/wordpress\/plugins\/seo\/ -->\n<title>Pasi\u00f3n por la Vinotinto: creadores en Youtube analizan la convocatoria a pocos d\u00edas del Brasil-Venezuela - Cr\u00f3nicas Vinotinto<\/title>\n<meta name=\"robots\" content=\"index, follow, max-snippet:-1, max-image-preview:large, max-video-preview:-1\" \/>\n<link rel=\"canonical\" href=\"https:\/\/cronicasvinotinto.com\/en\/pasion-por-la-vinotinto-creadores-en-youtube-analizan-la-convocatoria-a-pocos-dias-del-brasil-venezuela\/\" \/>\n<meta property=\"og:locale\" content=\"en_US\" \/>\n<meta property=\"og:type\" content=\"article\" \/>\n<meta property=\"og:title\" content=\"Pasi\u00f3n por la Vinotinto: creadores en Youtube analizan la convocatoria a pocos d\u00edas del Brasil-Venezuela - Cr\u00f3nicas Vinotinto\" \/>\n<meta property=\"og:description\" content=\"Hablar sobre la Selecci\u00f3n de Venezuela se est\u00e1 haciendo habitual para muchos creadores de contenido en internet. Sobre todo porque est\u00e1 cerca la tercera y cuarta fecha de las Eliminatorias Sudamericanas al Mundial de las Tres Naciones en 2026. Aqu\u00ed te dejamos algunos videos que se han publicado en Youtube sobre la Vinotinto: Actualidad Vinotinto [&hellip;]\" \/>\n<meta property=\"og:url\" content=\"https:\/\/cronicasvinotinto.com\/en\/pasion-por-la-vinotinto-creadores-en-youtube-analizan-la-convocatoria-a-pocos-dias-del-brasil-venezuela\/\" \/>\n<meta property=\"og:site_name\" content=\"Cr\u00f3nicas Vinotinto\" \/>\n<meta property=\"article:published_time\" content=\"2023-10-06T02:33:30+00:00\" \/>\n<meta property=\"article:modified_time\" content=\"2023-10-06T02:42:31+00:00\" \/>\n<meta property=\"og:image\" content=\"https:\/\/cronicasvinotinto.com\/wp-content\/uploads\/2023\/10\/videos-vinotinto.jpg\" \/>\n\t<meta property=\"og:image:width\" content=\"800\" \/>\n\t<meta property=\"og:image:height\" content=\"600\" \/>\n\t<meta property=\"og:image:type\" content=\"image\/jpeg\" \/>\n<meta name=\"author\" content=\"Oliver Gonzalez Leon\" \/>\n<meta name=\"twitter:card\" content=\"summary_large_image\" \/>\n<meta name=\"twitter:creator\" content=\"@oliverggl\" \/>\n<meta name=\"twitter:site\" content=\"@cronicasvinotin\" \/>\n<meta name=\"twitter:label1\" content=\"Written by\" \/>\n\t<meta name=\"twitter:data1\" content=\"Oliver Gonzalez Leon\" \/>\n\t<meta name=\"twitter:label2\" content=\"Est. reading time\" \/>\n\t<meta name=\"twitter:data2\" content=\"2 minutes\" \/>\n<script type=\"application\/ld+json\" class=\"yoast-schema-graph\">{\"@context\":\"https:\/\/schema.org\",\"@graph\":[{\"@type\":\"Article\",\"@id\":\"https:\/\/cronicasvinotinto.com\/pasion-por-la-vinotinto-creadores-en-youtube-analizan-la-convocatoria-a-pocos-dias-del-brasil-venezuela\/#article\",\"isPartOf\":{\"@id\":\"https:\/\/cronicasvinotinto.com\/pasion-por-la-vinotinto-creadores-en-youtube-analizan-la-convocatoria-a-pocos-dias-del-brasil-venezuela\/\"},\"author\":{\"name\":\"Oliver Gonzalez Leon\",\"@id\":\"https:\/\/cronicasvinotinto.com\/#\/schema\/person\/e1ba8e862ebb3cc79bef1a8d07752a3d\"},\"headline\":\"Pasi\u00f3n por la Vinotinto: creadores en Youtube analizan la convocatoria a pocos d\u00edas del Brasil-Venezuela\",\"datePublished\":\"2023-10-06T02:33:30+00:00\",\"dateModified\":\"2023-10-06T02:42:31+00:00\",\"mainEntityOfPage\":{\"@id\":\"https:\/\/cronicasvinotinto.com\/pasion-por-la-vinotinto-creadores-en-youtube-analizan-la-convocatoria-a-pocos-dias-del-brasil-venezuela\/\"},\"wordCount\":513,\"commentCount\":0,\"publisher\":{\"@id\":\"https:\/\/cronicasvinotinto.com\/#organization\"},\"image\":{\"@id\":\"https:\/\/cronicasvinotinto.com\/pasion-por-la-vinotinto-creadores-en-youtube-analizan-la-convocatoria-a-pocos-dias-del-brasil-venezuela\/#primaryimage\"},\"thumbnailUrl\":\"https:\/\/cronicasvinotinto.com\/wp-content\/uploads\/2023\/10\/videos-vinotinto.jpg\",\"keywords\":[\"brasil\",\"Eliminatorias\",\"mundial 2026\",\"partidos\",\"venezuela\",\"vinotinto\",\"Youtube\"],\"articleSection\":[\"Medios\",\"Youtube\"],\"inLanguage\":\"en-US\",\"potentialAction\":[{\"@type\":\"CommentAction\",\"name\":\"Comment\",\"target\":[\"https:\/\/cronicasvinotinto.com\/pasion-por-la-vinotinto-creadores-en-youtube-analizan-la-convocatoria-a-pocos-dias-del-brasil-venezuela\/#respond\"]}]},{\"@type\":\"WebPage\",\"@id\":\"https:\/\/cronicasvinotinto.com\/pasion-por-la-vinotinto-creadores-en-youtube-analizan-la-convocatoria-a-pocos-dias-del-brasil-venezuela\/\",\"url\":\"https:\/\/cronicasvinotinto.com\/pasion-por-la-vinotinto-creadores-en-youtube-analizan-la-convocatoria-a-pocos-dias-del-brasil-venezuela\/\",\"name\":\"Pasi\u00f3n por la Vinotinto: creadores en Youtube analizan la convocatoria a pocos d\u00edas del Brasil-Venezuela - Cr\u00f3nicas Vinotinto\",\"isPartOf\":{\"@id\":\"https:\/\/cronicasvinotinto.com\/#website\"},\"primaryImageOfPage\":{\"@id\":\"https:\/\/cronicasvinotinto.com\/pasion-por-la-vinotinto-creadores-en-youtube-analizan-la-convocatoria-a-pocos-dias-del-brasil-venezuela\/#primaryimage\"},\"image\":{\"@id\":\"https:\/\/cronicasvinotinto.com\/pasion-por-la-vinotinto-creadores-en-youtube-analizan-la-convocatoria-a-pocos-dias-del-brasil-venezuela\/#primaryimage\"},\"thumbnailUrl\":\"https:\/\/cronicasvinotinto.com\/wp-content\/uploads\/2023\/10\/videos-vinotinto.jpg\",\"datePublished\":\"2023-10-06T02:33:30+00:00\",\"dateModified\":\"2023-10-06T02:42:31+00:00\",\"breadcrumb\":{\"@id\":\"https:\/\/cronicasvinotinto.com\/pasion-por-la-vinotinto-creadores-en-youtube-analizan-la-convocatoria-a-pocos-dias-del-brasil-venezuela\/#breadcrumb\"},\"inLanguage\":\"en-US\",\"potentialAction\":[{\"@type\":\"ReadAction\",\"target\":[\"https:\/\/cronicasvinotinto.com\/pasion-por-la-vinotinto-creadores-en-youtube-analizan-la-convocatoria-a-pocos-dias-del-brasil-venezuela\/\"]}]},{\"@type\":\"ImageObject\",\"inLanguage\":\"en-US\",\"@id\":\"https:\/\/cronicasvinotinto.com\/pasion-por-la-vinotinto-creadores-en-youtube-analizan-la-convocatoria-a-pocos-dias-del-brasil-venezuela\/#primaryimage\",\"url\":\"https:\/\/cronicasvinotinto.com\/wp-content\/uploads\/2023\/10\/videos-vinotinto.jpg\",\"contentUrl\":\"https:\/\/cronicasvinotinto.com\/wp-content\/uploads\/2023\/10\/videos-vinotinto.jpg\",\"width\":800,\"height\":600},{\"@type\":\"BreadcrumbList\",\"@id\":\"https:\/\/cronicasvinotinto.com\/pasion-por-la-vinotinto-creadores-en-youtube-analizan-la-convocatoria-a-pocos-dias-del-brasil-venezuela\/#breadcrumb\",\"itemListElement\":[{\"@type\":\"ListItem\",\"position\":1,\"name\":\"Portada\",\"item\":\"https:\/\/cronicasvinotinto.com\/\"},{\"@type\":\"ListItem\",\"position\":2,\"name\":\"Pasi\u00f3n por la Vinotinto: creadores en Youtube analizan la convocatoria a pocos d\u00edas del Brasil-Venezuela\"}]},{\"@type\":\"WebSite\",\"@id\":\"https:\/\/cronicasvinotinto.com\/#website\",\"url\":\"https:\/\/cronicasvinotinto.com\/\",\"name\":\"Cr\u00f3nicas Vinotinto\",\"description\":\"Noticias, historias, opini\u00f3n y pasi\u00f3n por la Vinotinto en su camino hacia el Mundial.\",\"publisher\":{\"@id\":\"https:\/\/cronicasvinotinto.com\/#organization\"},\"potentialAction\":[{\"@type\":\"SearchAction\",\"target\":{\"@type\":\"EntryPoint\",\"urlTemplate\":\"https:\/\/cronicasvinotinto.com\/?s={search_term_string}\"},\"query-input\":{\"@type\":\"PropertyValueSpecification\",\"valueRequired\":true,\"valueName\":\"search_term_string\"}}],\"inLanguage\":\"en-US\"},{\"@type\":\"Organization\",\"@id\":\"https:\/\/cronicasvinotinto.com\/#organization\",\"name\":\"Cr\u00f3nicas Vinotinto\",\"url\":\"https:\/\/cronicasvinotinto.com\/\",\"logo\":{\"@type\":\"ImageObject\",\"inLanguage\":\"en-US\",\"@id\":\"https:\/\/cronicasvinotinto.com\/#\/schema\/logo\/image\/\",\"url\":\"https:\/\/cronicasvinotinto.com\/wp-content\/uploads\/2023\/09\/cronicasvinotinto_logo_dia-1.png\",\"contentUrl\":\"https:\/\/cronicasvinotinto.com\/wp-content\/uploads\/2023\/09\/cronicasvinotinto_logo_dia-1.png\",\"width\":601,\"height\":197,\"caption\":\"Cr\u00f3nicas Vinotinto\"},\"image\":{\"@id\":\"https:\/\/cronicasvinotinto.com\/#\/schema\/logo\/image\/\"},\"sameAs\":[\"https:\/\/x.com\/cronicasvinotin\"]},{\"@type\":\"Person\",\"@id\":\"https:\/\/cronicasvinotinto.com\/#\/schema\/person\/e1ba8e862ebb3cc79bef1a8d07752a3d\",\"name\":\"Oliver Gonzalez Leon\",\"image\":{\"@type\":\"ImageObject\",\"inLanguage\":\"en-US\",\"@id\":\"https:\/\/cronicasvinotinto.com\/#\/schema\/person\/image\/ccddb9c71b1dfe90392f95cd6eee49a2\",\"url\":\"https:\/\/cronicasvinotinto.com\/wp-content\/uploads\/2024\/01\/1701879400854-jpeg.webp\",\"contentUrl\":\"https:\/\/cronicasvinotinto.com\/wp-content\/uploads\/2024\/01\/1701879400854-jpeg.webp\",\"caption\":\"Oliver Gonzalez Leon\"},\"description\":\"Periodista deportivo venezolano, cuenta con m\u00e1s de 12 a\u00f1os de experiencia en medios de comunicaci\u00f3n impresos y digitales. Domina el \u00e1rea multimedia, pero tambi\u00e9n ha trabajado como periodista deportivo en medios locales y nacionales en Venezuela y Per\u00fa. Actualmente reside en EEUU, desde donde dirige Cr\u00f3nicas Vinotinto.\",\"sameAs\":[\"https:\/\/x.com\/oliverggl\"],\"url\":\"https:\/\/cronicasvinotinto.com\/en\/author\/ogonzalez\/\"}]}<\/script>\n<!-- \/ Yoast SEO plugin. -->","yoast_head_json":{"title":"Pasi\u00f3n por la Vinotinto: creadores en Youtube analizan la convocatoria a pocos d\u00edas del Brasil-Venezuela - Cr\u00f3nicas Vinotinto","robots":{"index":"index","follow":"follow","max-snippet":"max-snippet:-1","max-image-preview":"max-image-preview:large","max-video-preview":"max-video-preview:-1"},"canonical":"https:\/\/cronicasvinotinto.com\/en\/pasion-por-la-vinotinto-creadores-en-youtube-analizan-la-convocatoria-a-pocos-dias-del-brasil-venezuela\/","og_locale":"en_US","og_type":"article","og_title":"Pasi\u00f3n por la Vinotinto: creadores en Youtube analizan la convocatoria a pocos d\u00edas del Brasil-Venezuela - Cr\u00f3nicas Vinotinto","og_description":"Hablar sobre la Selecci\u00f3n de Venezuela se est\u00e1 haciendo habitual para muchos creadores de contenido en internet. Sobre todo porque est\u00e1 cerca la tercera y cuarta fecha de las Eliminatorias Sudamericanas al Mundial de las Tres Naciones en 2026. Aqu\u00ed te dejamos algunos videos que se han publicado en Youtube sobre la Vinotinto: Actualidad Vinotinto [&hellip;]","og_url":"https:\/\/cronicasvinotinto.com\/en\/pasion-por-la-vinotinto-creadores-en-youtube-analizan-la-convocatoria-a-pocos-dias-del-brasil-venezuela\/","og_site_name":"Cr\u00f3nicas Vinotinto","article_published_time":"2023-10-06T02:33:30+00:00","article_modified_time":"2023-10-06T02:42:31+00:00","og_image":[{"width":800,"height":600,"url":"https:\/\/cronicasvinotinto.com\/wp-content\/uploads\/2023\/10\/videos-vinotinto.jpg","type":"image\/jpeg"}],"author":"Oliver Gonzalez Leon","twitter_card":"summary_large_image","twitter_creator":"@oliverggl","twitter_site":"@cronicasvinotin","twitter_misc":{"Written by":"Oliver Gonzalez Leon","Est. reading time":"2 minutes"},"schema":{"@context":"https:\/\/schema.org","@graph":[{"@type":"Article","@id":"https:\/\/cronicasvinotinto.com\/pasion-por-la-vinotinto-creadores-en-youtube-analizan-la-convocatoria-a-pocos-dias-del-brasil-venezuela\/#article","isPartOf":{"@id":"https:\/\/cronicasvinotinto.com\/pasion-por-la-vinotinto-creadores-en-youtube-analizan-la-convocatoria-a-pocos-dias-del-brasil-venezuela\/"},"author":{"name":"Oliver Gonzalez Leon","@id":"https:\/\/cronicasvinotinto.com\/#\/schema\/person\/e1ba8e862ebb3cc79bef1a8d07752a3d"},"headline":"Pasi\u00f3n por la Vinotinto: creadores en Youtube analizan la convocatoria a pocos d\u00edas del Brasil-Venezuela","datePublished":"2023-10-06T02:33:30+00:00","dateModified":"2023-10-06T02:42:31+00:00","mainEntityOfPage":{"@id":"https:\/\/cronicasvinotinto.com\/pasion-por-la-vinotinto-creadores-en-youtube-analizan-la-convocatoria-a-pocos-dias-del-brasil-venezuela\/"},"wordCount":513,"commentCount":0,"publisher":{"@id":"https:\/\/cronicasvinotinto.com\/#organization"},"image":{"@id":"https:\/\/cronicasvinotinto.com\/pasion-por-la-vinotinto-creadores-en-youtube-analizan-la-convocatoria-a-pocos-dias-del-brasil-venezuela\/#primaryimage"},"thumbnailUrl":"https:\/\/cronicasvinotinto.com\/wp-content\/uploads\/2023\/10\/videos-vinotinto.jpg","keywords":["brasil","Eliminatorias","mundial 2026","partidos","venezuela","vinotinto","Youtube"],"articleSection":["Medios","Youtube"],"inLanguage":"en-US","potentialAction":[{"@type":"CommentAction","name":"Comment","target":["https:\/\/cronicasvinotinto.com\/pasion-por-la-vinotinto-creadores-en-youtube-analizan-la-convocatoria-a-pocos-dias-del-brasil-venezuela\/#respond"]}]},{"@type":"WebPage","@id":"https:\/\/cronicasvinotinto.com\/pasion-por-la-vinotinto-creadores-en-youtube-analizan-la-convocatoria-a-pocos-dias-del-brasil-venezuela\/","url":"https:\/\/cronicasvinotinto.com\/pasion-por-la-vinotinto-creadores-en-youtube-analizan-la-convocatoria-a-pocos-dias-del-brasil-venezuela\/","name":"Pasi\u00f3n por la Vinotinto: creadores en Youtube analizan la convocatoria a pocos d\u00edas del Brasil-Venezuela - Cr\u00f3nicas Vinotinto","isPartOf":{"@id":"https:\/\/cronicasvinotinto.com\/#website"},"primaryImageOfPage":{"@id":"https:\/\/cronicasvinotinto.com\/pasion-por-la-vinotinto-creadores-en-youtube-analizan-la-convocatoria-a-pocos-dias-del-brasil-venezuela\/#primaryimage"},"image":{"@id":"https:\/\/cronicasvinotinto.com\/pasion-por-la-vinotinto-creadores-en-youtube-analizan-la-convocatoria-a-pocos-dias-del-brasil-venezuela\/#primaryimage"},"thumbnailUrl":"https:\/\/cronicasvinotinto.com\/wp-content\/uploads\/2023\/10\/videos-vinotinto.jpg","datePublished":"2023-10-06T02:33:30+00:00","dateModified":"2023-10-06T02:42:31+00:00","breadcrumb":{"@id":"https:\/\/cronicasvinotinto.com\/pasion-por-la-vinotinto-creadores-en-youtube-analizan-la-convocatoria-a-pocos-dias-del-brasil-venezuela\/#breadcrumb"},"inLanguage":"en-US","potentialAction":[{"@type":"ReadAction","target":["https:\/\/cronicasvinotinto.com\/pasion-por-la-vinotinto-creadores-en-youtube-analizan-la-convocatoria-a-pocos-dias-del-brasil-venezuela\/"]}]},{"@type":"ImageObject","inLanguage":"en-US","@id":"https:\/\/cronicasvinotinto.com\/pasion-por-la-vinotinto-creadores-en-youtube-analizan-la-convocatoria-a-pocos-dias-del-brasil-venezuela\/#primaryimage","url":"https:\/\/cronicasvinotinto.com\/wp-content\/uploads\/2023\/10\/videos-vinotinto.jpg","contentUrl":"https:\/\/cronicasvinotinto.com\/wp-content\/uploads\/2023\/10\/videos-vinotinto.jpg","width":800,"height":600},{"@type":"BreadcrumbList","@id":"https:\/\/cronicasvinotinto.com\/pasion-por-la-vinotinto-creadores-en-youtube-analizan-la-convocatoria-a-pocos-dias-del-brasil-venezuela\/#breadcrumb","itemListElement":[{"@type":"ListItem","position":1,"name":"Portada","item":"https:\/\/cronicasvinotinto.com\/"},{"@type":"ListItem","position":2,"name":"Pasi\u00f3n por la Vinotinto: creadores en Youtube analizan la convocatoria a pocos d\u00edas del Brasil-Venezuela"}]},{"@type":"WebSite","@id":"https:\/\/cronicasvinotinto.com\/#website","url":"https:\/\/cronicasvinotinto.com\/","name":"Cr\u00f3nicas Vinotinto","description":"Noticias, historias, opini\u00f3n y pasi\u00f3n por la Vinotinto en su camino hacia el Mundial.","publisher":{"@id":"https:\/\/cronicasvinotinto.com\/#organization"},"potentialAction":[{"@type":"SearchAction","target":{"@type":"EntryPoint","urlTemplate":"https:\/\/cronicasvinotinto.com\/?s={search_term_string}"},"query-input":{"@type":"PropertyValueSpecification","valueRequired":true,"valueName":"search_term_string"}}],"inLanguage":"en-US"},{"@type":"Organization","@id":"https:\/\/cronicasvinotinto.com\/#organization","name":"Cr\u00f3nicas Vinotinto","url":"https:\/\/cronicasvinotinto.com\/","logo":{"@type":"ImageObject","inLanguage":"en-US","@id":"https:\/\/cronicasvinotinto.com\/#\/schema\/logo\/image\/","url":"https:\/\/cronicasvinotinto.com\/wp-content\/uploads\/2023\/09\/cronicasvinotinto_logo_dia-1.png","contentUrl":"https:\/\/cronicasvinotinto.com\/wp-content\/uploads\/2023\/09\/cronicasvinotinto_logo_dia-1.png","width":601,"height":197,"caption":"Cr\u00f3nicas Vinotinto"},"image":{"@id":"https:\/\/cronicasvinotinto.com\/#\/schema\/logo\/image\/"},"sameAs":["https:\/\/x.com\/cronicasvinotin"]},{"@type":"Person","@id":"https:\/\/cronicasvinotinto.com\/#\/schema\/person\/e1ba8e862ebb3cc79bef1a8d07752a3d","name":"Oliver Gonzalez Leon","image":{"@type":"ImageObject","inLanguage":"en-US","@id":"https:\/\/cronicasvinotinto.com\/#\/schema\/person\/image\/ccddb9c71b1dfe90392f95cd6eee49a2","url":"https:\/\/cronicasvinotinto.com\/wp-content\/uploads\/2024\/01\/1701879400854-jpeg.webp","contentUrl":"https:\/\/cronicasvinotinto.com\/wp-content\/uploads\/2024\/01\/1701879400854-jpeg.webp","caption":"Oliver Gonzalez Leon"},"description":"Periodista deportivo venezolano, cuenta con m\u00e1s de 12 a\u00f1os de experiencia en medios de comunicaci\u00f3n impresos y digitales. Domina el \u00e1rea multimedia, pero tambi\u00e9n ha trabajado como periodista deportivo en medios locales y nacionales en Venezuela y Per\u00fa. Actualmente reside en EEUU, desde donde dirige Cr\u00f3nicas Vinotinto.","sameAs":["https:\/\/x.com\/oliverggl"],"url":"https:\/\/cronicasvinotinto.com\/en\/author\/ogonzalez\/"}]}},"authors":[{"term_id":288,"user_id":2,"is_guest":0,"slug":"ogonzalez","display_name":"Oliver Gonzalez Leon","avatar_url":{"url":"https:\/\/cronicasvinotinto.com\/wp-content\/uploads\/2024\/01\/1701879400854-jpeg.webp","url2x":"https:\/\/cronicasvinotinto.com\/wp-content\/uploads\/2024\/01\/1701879400854-jpeg.webp"},"author_category":"","user_url":"","last_name":"Gonzalez Leon","first_name":"Oliver","job_title":"","description":"Periodista deportivo venezolano, cuenta con m\u00e1s de 12 a\u00f1os de experiencia en medios de comunicaci\u00f3n impresos y digitales. Domina el \u00e1rea multimedia, pero tambi\u00e9n ha trabajado como periodista deportivo en medios locales y nacionales en Venezuela y Per\u00fa. Actualmente reside en EEUU donde dirige Cr\u00f3nicas Vinotinto."}],"_links":{"self":[{"href":"https:\/\/cronicasvinotinto.com\/en\/wp-json\/wp\/v2\/posts\/5460","targetHints":{"allow":["GET"]}}],"collection":[{"href":"https:\/\/cronicasvinotinto.com\/en\/wp-json\/wp\/v2\/posts"}],"about":[{"href":"https:\/\/cronicasvinotinto.com\/en\/wp-json\/wp\/v2\/types\/post"}],"author":[{"embeddable":true,"href":"https:\/\/cronicasvinotinto.com\/en\/wp-json\/wp\/v2\/users\/2"}],"replies":[{"embeddable":true,"href":"https:\/\/cronicasvinotinto.com\/en\/wp-json\/wp\/v2\/comments?post=5460"}],"version-history":[{"count":2,"href":"https:\/\/cronicasvinotinto.com\/en\/wp-json\/wp\/v2\/posts\/5460\/revisions"}],"predecessor-version":[{"id":5464,"href":"https:\/\/cronicasvinotinto.com\/en\/wp-json\/wp\/v2\/posts\/5460\/revisions\/5464"}],"wp:featuredmedia":[{"embeddable":true,"href":"https:\/\/cronicasvinotinto.com\/en\/wp-json\/wp\/v2\/media\/5466"}],"wp:attachment":[{"href":"https:\/\/cronicasvinotinto.com\/en\/wp-json\/wp\/v2\/media?parent=5460"}],"wp:term":[{"taxonomy":"category","embeddable":true,"href":"https:\/\/cronicasvinotinto.com\/en\/wp-json\/wp\/v2\/categories?post=5460"},{"taxonomy":"post_tag","embeddable":true,"href":"https:\/\/cronicasvinotinto.com\/en\/wp-json\/wp\/v2\/tags?post=5460"},{"taxonomy":"author","embeddable":true,"href":"https:\/\/cronicasvinotinto.com\/en\/wp-json\/wp\/v2\/ppma_author?post=5460"}],"curies":[{"name":"wp","href":"https:\/\/api.w.org\/{rel}","templated":true}]}}