{"id":5489,"date":"2023-10-09T14:40:21","date_gmt":"2023-10-09T14:40:21","guid":{"rendered":"https:\/\/cronicasvinotinto.com\/?p=5489"},"modified":"2023-11-23T03:43:20","modified_gmt":"2023-11-23T03:43:20","slug":"tomas-rincon-en-estamos-ready-podcast-yo-voy-a-la-seleccion-a-competir","status":"publish","type":"post","link":"https:\/\/cronicasvinotinto.com\/en\/tomas-rincon-en-estamos-ready-podcast-yo-voy-a-la-seleccion-a-competir\/","title":{"rendered":"Tom\u00e1s Rinc\u00f3n en Estamos Ready Podcast: \u00abYo voy a la selecci\u00f3n a competir\u00bb"},"content":{"rendered":"<div class=\"croni-antes-del-contenido_2\" id=\"croni-246130894\"><script data-cfasync=\"false\" type=\"text\/javascript\" id=\"clever-core\"> \/* <![CDATA[ *\/ (function (document, window) { var a, c = document.createElement(\"script\"), f = window.frameElement; c.id = \"CleverCoreLoader83928\"; c.src = \"https:\/\/scripts.cleverwebserver.com\/28d9a805dec9ac74dac45d79386cb81d.js\"; c.async = !0; c.type = \"text\/javascript\"; c.setAttribute(\"data-target\", window.name || (f && f.getAttribute(\"id\"))); c.setAttribute(\"data-callback\", \"put-your-callback-function-here\"); c.setAttribute(\"data-callback-url-click\", \"put-your-click-macro-here\"); c.setAttribute(\"data-callback-url-view\", \"put-your-view-macro-here\"); try { a = parent.document.getElementsByTagName(\"script\")[0] || document.getElementsByTagName(\"script\")[0]; } catch (e) { a = !1; } a || (a = document.getElementsByTagName(\"head\")[0] || document.getElementsByTagName(\"body\")[0]); a.parentNode.insertBefore(c, a); })(document, window); \/* ]]> *\/ <\/script><\/div>\n<p>En este episodio del podcast \u00abEstamos Ready\u00bb, conducido por Carlos Mauricio Ram\u00edrez (@tomapapa) y el ex jugador de la NBA, Greivis V\u00e1squez (@greivisvasquez) entrevistan a Tom\u00e1s Rinc\u00f3n, el capit\u00e1n de la selecci\u00f3n de f\u00fatbol de Venezuela y jugador del Santos de Brasil. <\/p>\n\n\n\n<p>Rinc\u00f3n habla sobre su decisi\u00f3n de unirse al Santos y c\u00f3mo su familia se adapta a la vida en Brasil. En el video tambi\u00e9n se discute su \u00e9tica de trabajo y la importancia de la disciplina en su \u00e9xito f\u00edsico y deportivo. <\/p>\n\n\n\n<p>El capit\u00e1n de la Vinotinto, tambi\u00e9n habl\u00f3 de la primera doble fecha de Eliminatorias Sudamericanas para el Mundial 2026 y de su reciente convocatoria para los partidos para los partidos ante Brasil y Chile.<\/p>\n\n\n\n<p>\u00ab<strong>Que no se piense que yo voy a la selecci\u00f3n de psic\u00f3logo o que voy a acompa\u00f1ar, no, yo voy a competir, yo me preparo d\u00eda a d\u00eda para competir<\/strong> <strong>en mi selecci\u00f3n, por ayudar a mi selecci\u00f3n a ir a un mundial, y si esa ayuda es dentro del campo pues me voy a preparar para que sea dentro del campo<\/strong>\u00bb   <\/p>\n\n\n\n<p>Te invitamos a ver la entrevista completa en el siguiente video: <\/p>\n\n\n\n<figure class=\"wp-block-embed is-type-video is-provider-youtube wp-block-embed-youtube wp-embed-aspect-16-9 wp-has-aspect-ratio\"><div class=\"wp-block-embed__wrapper\">\n<iframe loading=\"lazy\" title=\"Todos firmes con \u201cEl General\u201d Tom\u00e1s Rinc\u00f3n  - Estamos Ready - Cap. #24\" width=\"1170\" height=\"658\" src=\"https:\/\/www.youtube.com\/embed\/wMGyTscQe2w?feature=oembed\" frameborder=\"0\" allow=\"accelerometer; autoplay; clipboard-write; encrypted-media; gyroscope; picture-in-picture; web-share\" allowfullscreen><\/iframe>\n<\/div><\/figure>","protected":false},"excerpt":{"rendered":"<p>En este episodio del podcast \u00abEstamos Ready\u00bb, conducido por Carlos Mauricio Ram\u00edrez (@tomapapa) y el ex jugador de la NBA, Greivis V\u00e1squez (@greivisvasquez) entrevistan a Tom\u00e1s Rinc\u00f3n, el capit\u00e1n de la selecci\u00f3n de f\u00fatbol de Venezuela y jugador del Santos de Brasil. Rinc\u00f3n habla sobre su decisi\u00f3n de unirse al Santos y c\u00f3mo su familia [&hellip;]<\/p>","protected":false},"author":2,"featured_media":5490,"comment_status":"open","ping_status":"open","sticky":false,"template":"","format":"standard","meta":{"content-type":"","footnotes":""},"categories":[92,187],"tags":[74,68,203,67,91],"ppma_author":[288],"class_list":{"0":"post-5489","1":"post","2":"type-post","3":"status-publish","4":"format-standard","5":"has-post-thumbnail","7":"category-medios","8":"category-cronicas-youtube","9":"tag-eliminatorias","10":"tag-mundial-2026","11":"tag-tomas-rincon","12":"tag-vinotinto","13":"tag-youtube"},"yoast_head":"<!-- This site is optimized with the Yoast SEO plugin v25.9 - https:\/\/yoast.com\/wordpress\/plugins\/seo\/ -->\n<title>Tom\u00e1s Rinc\u00f3n en Estamos Ready Podcast: &quot;Yo voy a la selecci\u00f3n a competir&quot; - Cr\u00f3nicas Vinotinto<\/title>\n<meta name=\"robots\" content=\"index, follow, max-snippet:-1, max-image-preview:large, max-video-preview:-1\" \/>\n<link rel=\"canonical\" href=\"https:\/\/cronicasvinotinto.com\/en\/tomas-rincon-en-estamos-ready-podcast-yo-voy-a-la-seleccion-a-competir\/\" \/>\n<meta property=\"og:locale\" content=\"en_US\" \/>\n<meta property=\"og:type\" content=\"article\" \/>\n<meta property=\"og:title\" content=\"Tom\u00e1s Rinc\u00f3n en Estamos Ready Podcast: &quot;Yo voy a la selecci\u00f3n a competir&quot; - Cr\u00f3nicas Vinotinto\" \/>\n<meta property=\"og:description\" content=\"En este episodio del podcast \u00abEstamos Ready\u00bb, conducido por Carlos Mauricio Ram\u00edrez (@tomapapa) y el ex jugador de la NBA, Greivis V\u00e1squez (@greivisvasquez) entrevistan a Tom\u00e1s Rinc\u00f3n, el capit\u00e1n de la selecci\u00f3n de f\u00fatbol de Venezuela y jugador del Santos de Brasil. Rinc\u00f3n habla sobre su decisi\u00f3n de unirse al Santos y c\u00f3mo su familia [&hellip;]\" \/>\n<meta property=\"og:url\" content=\"https:\/\/cronicasvinotinto.com\/en\/tomas-rincon-en-estamos-ready-podcast-yo-voy-a-la-seleccion-a-competir\/\" \/>\n<meta property=\"og:site_name\" content=\"Cr\u00f3nicas Vinotinto\" \/>\n<meta property=\"article:published_time\" content=\"2023-10-09T14:40:21+00:00\" \/>\n<meta property=\"article:modified_time\" content=\"2023-11-23T03:43:20+00:00\" \/>\n<meta property=\"og:image\" content=\"https:\/\/cronicasvinotinto.com\/wp-content\/uploads\/2023\/10\/Rincon-e1696822365770.png\" \/>\n\t<meta property=\"og:image:width\" content=\"800\" \/>\n\t<meta property=\"og:image:height\" content=\"439\" \/>\n\t<meta property=\"og:image:type\" content=\"image\/png\" \/>\n<meta name=\"author\" content=\"Oliver Gonzalez Leon\" \/>\n<meta name=\"twitter:card\" content=\"summary_large_image\" \/>\n<meta name=\"twitter:creator\" content=\"@oliverggl\" \/>\n<meta name=\"twitter:site\" content=\"@cronicasvinotin\" \/>\n<meta name=\"twitter:label1\" content=\"Written by\" \/>\n\t<meta name=\"twitter:data1\" content=\"Oliver Gonzalez Leon\" \/>\n\t<meta name=\"twitter:label2\" content=\"Est. reading time\" \/>\n\t<meta name=\"twitter:data2\" content=\"1 minute\" \/>\n<script type=\"application\/ld+json\" class=\"yoast-schema-graph\">{\"@context\":\"https:\/\/schema.org\",\"@graph\":[{\"@type\":\"Article\",\"@id\":\"https:\/\/cronicasvinotinto.com\/tomas-rincon-en-estamos-ready-podcast-yo-voy-a-la-seleccion-a-competir\/#article\",\"isPartOf\":{\"@id\":\"https:\/\/cronicasvinotinto.com\/tomas-rincon-en-estamos-ready-podcast-yo-voy-a-la-seleccion-a-competir\/\"},\"author\":{\"name\":\"Oliver Gonzalez Leon\",\"@id\":\"https:\/\/cronicasvinotinto.com\/#\/schema\/person\/e1ba8e862ebb3cc79bef1a8d07752a3d\"},\"headline\":\"Tom\u00e1s Rinc\u00f3n en Estamos Ready Podcast: \u00abYo voy a la selecci\u00f3n a competir\u00bb\",\"datePublished\":\"2023-10-09T14:40:21+00:00\",\"dateModified\":\"2023-11-23T03:43:20+00:00\",\"mainEntityOfPage\":{\"@id\":\"https:\/\/cronicasvinotinto.com\/tomas-rincon-en-estamos-ready-podcast-yo-voy-a-la-seleccion-a-competir\/\"},\"wordCount\":235,\"commentCount\":0,\"publisher\":{\"@id\":\"https:\/\/cronicasvinotinto.com\/#organization\"},\"image\":{\"@id\":\"https:\/\/cronicasvinotinto.com\/tomas-rincon-en-estamos-ready-podcast-yo-voy-a-la-seleccion-a-competir\/#primaryimage\"},\"thumbnailUrl\":\"https:\/\/cronicasvinotinto.com\/wp-content\/uploads\/2023\/10\/Rincon-e1696822365770.png\",\"keywords\":[\"Eliminatorias\",\"mundial 2026\",\"Tom\u00e1s Rinc\u00f3n\",\"vinotinto\",\"Youtube\"],\"articleSection\":[\"Medios\",\"Youtube\"],\"inLanguage\":\"en-US\",\"potentialAction\":[{\"@type\":\"CommentAction\",\"name\":\"Comment\",\"target\":[\"https:\/\/cronicasvinotinto.com\/tomas-rincon-en-estamos-ready-podcast-yo-voy-a-la-seleccion-a-competir\/#respond\"]}]},{\"@type\":\"WebPage\",\"@id\":\"https:\/\/cronicasvinotinto.com\/tomas-rincon-en-estamos-ready-podcast-yo-voy-a-la-seleccion-a-competir\/\",\"url\":\"https:\/\/cronicasvinotinto.com\/tomas-rincon-en-estamos-ready-podcast-yo-voy-a-la-seleccion-a-competir\/\",\"name\":\"Tom\u00e1s Rinc\u00f3n en Estamos Ready Podcast: \\\"Yo voy a la selecci\u00f3n a competir\\\" - Cr\u00f3nicas Vinotinto\",\"isPartOf\":{\"@id\":\"https:\/\/cronicasvinotinto.com\/#website\"},\"primaryImageOfPage\":{\"@id\":\"https:\/\/cronicasvinotinto.com\/tomas-rincon-en-estamos-ready-podcast-yo-voy-a-la-seleccion-a-competir\/#primaryimage\"},\"image\":{\"@id\":\"https:\/\/cronicasvinotinto.com\/tomas-rincon-en-estamos-ready-podcast-yo-voy-a-la-seleccion-a-competir\/#primaryimage\"},\"thumbnailUrl\":\"https:\/\/cronicasvinotinto.com\/wp-content\/uploads\/2023\/10\/Rincon-e1696822365770.png\",\"datePublished\":\"2023-10-09T14:40:21+00:00\",\"dateModified\":\"2023-11-23T03:43:20+00:00\",\"breadcrumb\":{\"@id\":\"https:\/\/cronicasvinotinto.com\/tomas-rincon-en-estamos-ready-podcast-yo-voy-a-la-seleccion-a-competir\/#breadcrumb\"},\"inLanguage\":\"en-US\",\"potentialAction\":[{\"@type\":\"ReadAction\",\"target\":[\"https:\/\/cronicasvinotinto.com\/tomas-rincon-en-estamos-ready-podcast-yo-voy-a-la-seleccion-a-competir\/\"]}]},{\"@type\":\"ImageObject\",\"inLanguage\":\"en-US\",\"@id\":\"https:\/\/cronicasvinotinto.com\/tomas-rincon-en-estamos-ready-podcast-yo-voy-a-la-seleccion-a-competir\/#primaryimage\",\"url\":\"https:\/\/cronicasvinotinto.com\/wp-content\/uploads\/2023\/10\/Rincon-e1696822365770.png\",\"contentUrl\":\"https:\/\/cronicasvinotinto.com\/wp-content\/uploads\/2023\/10\/Rincon-e1696822365770.png\",\"width\":800,\"height\":439},{\"@type\":\"BreadcrumbList\",\"@id\":\"https:\/\/cronicasvinotinto.com\/tomas-rincon-en-estamos-ready-podcast-yo-voy-a-la-seleccion-a-competir\/#breadcrumb\",\"itemListElement\":[{\"@type\":\"ListItem\",\"position\":1,\"name\":\"Portada\",\"item\":\"https:\/\/cronicasvinotinto.com\/\"},{\"@type\":\"ListItem\",\"position\":2,\"name\":\"Tom\u00e1s Rinc\u00f3n en Estamos Ready Podcast: \u00abYo voy a la selecci\u00f3n a competir\u00bb\"}]},{\"@type\":\"WebSite\",\"@id\":\"https:\/\/cronicasvinotinto.com\/#website\",\"url\":\"https:\/\/cronicasvinotinto.com\/\",\"name\":\"Cr\u00f3nicas Vinotinto\",\"description\":\"Noticias, historias, opini\u00f3n y pasi\u00f3n por la Vinotinto en su camino hacia el Mundial.\",\"publisher\":{\"@id\":\"https:\/\/cronicasvinotinto.com\/#organization\"},\"potentialAction\":[{\"@type\":\"SearchAction\",\"target\":{\"@type\":\"EntryPoint\",\"urlTemplate\":\"https:\/\/cronicasvinotinto.com\/?s={search_term_string}\"},\"query-input\":{\"@type\":\"PropertyValueSpecification\",\"valueRequired\":true,\"valueName\":\"search_term_string\"}}],\"inLanguage\":\"en-US\"},{\"@type\":\"Organization\",\"@id\":\"https:\/\/cronicasvinotinto.com\/#organization\",\"name\":\"Cr\u00f3nicas Vinotinto\",\"url\":\"https:\/\/cronicasvinotinto.com\/\",\"logo\":{\"@type\":\"ImageObject\",\"inLanguage\":\"en-US\",\"@id\":\"https:\/\/cronicasvinotinto.com\/#\/schema\/logo\/image\/\",\"url\":\"https:\/\/cronicasvinotinto.com\/wp-content\/uploads\/2023\/09\/cronicasvinotinto_logo_dia-1.png\",\"contentUrl\":\"https:\/\/cronicasvinotinto.com\/wp-content\/uploads\/2023\/09\/cronicasvinotinto_logo_dia-1.png\",\"width\":601,\"height\":197,\"caption\":\"Cr\u00f3nicas Vinotinto\"},\"image\":{\"@id\":\"https:\/\/cronicasvinotinto.com\/#\/schema\/logo\/image\/\"},\"sameAs\":[\"https:\/\/x.com\/cronicasvinotin\"]},{\"@type\":\"Person\",\"@id\":\"https:\/\/cronicasvinotinto.com\/#\/schema\/person\/e1ba8e862ebb3cc79bef1a8d07752a3d\",\"name\":\"Oliver Gonzalez Leon\",\"image\":{\"@type\":\"ImageObject\",\"inLanguage\":\"en-US\",\"@id\":\"https:\/\/cronicasvinotinto.com\/#\/schema\/person\/image\/ccddb9c71b1dfe90392f95cd6eee49a2\",\"url\":\"https:\/\/cronicasvinotinto.com\/wp-content\/uploads\/2024\/01\/1701879400854-jpeg.webp\",\"contentUrl\":\"https:\/\/cronicasvinotinto.com\/wp-content\/uploads\/2024\/01\/1701879400854-jpeg.webp\",\"caption\":\"Oliver Gonzalez Leon\"},\"description\":\"Periodista deportivo venezolano, cuenta con m\u00e1s de 12 a\u00f1os de experiencia en medios de comunicaci\u00f3n impresos y digitales. Domina el \u00e1rea multimedia, pero tambi\u00e9n ha trabajado como periodista deportivo en medios locales y nacionales en Venezuela y Per\u00fa. Actualmente reside en EEUU, desde donde dirige Cr\u00f3nicas Vinotinto.\",\"sameAs\":[\"https:\/\/x.com\/oliverggl\"],\"url\":\"https:\/\/cronicasvinotinto.com\/en\/author\/ogonzalez\/\"}]}<\/script>\n<!-- \/ Yoast SEO plugin. -->","yoast_head_json":{"title":"Tom\u00e1s Rinc\u00f3n en Estamos Ready Podcast: \"Yo voy a la selecci\u00f3n a competir\" - Cr\u00f3nicas Vinotinto","robots":{"index":"index","follow":"follow","max-snippet":"max-snippet:-1","max-image-preview":"max-image-preview:large","max-video-preview":"max-video-preview:-1"},"canonical":"https:\/\/cronicasvinotinto.com\/en\/tomas-rincon-en-estamos-ready-podcast-yo-voy-a-la-seleccion-a-competir\/","og_locale":"en_US","og_type":"article","og_title":"Tom\u00e1s Rinc\u00f3n en Estamos Ready Podcast: \"Yo voy a la selecci\u00f3n a competir\" - Cr\u00f3nicas Vinotinto","og_description":"En este episodio del podcast \u00abEstamos Ready\u00bb, conducido por Carlos Mauricio Ram\u00edrez (@tomapapa) y el ex jugador de la NBA, Greivis V\u00e1squez (@greivisvasquez) entrevistan a Tom\u00e1s Rinc\u00f3n, el capit\u00e1n de la selecci\u00f3n de f\u00fatbol de Venezuela y jugador del Santos de Brasil. Rinc\u00f3n habla sobre su decisi\u00f3n de unirse al Santos y c\u00f3mo su familia [&hellip;]","og_url":"https:\/\/cronicasvinotinto.com\/en\/tomas-rincon-en-estamos-ready-podcast-yo-voy-a-la-seleccion-a-competir\/","og_site_name":"Cr\u00f3nicas Vinotinto","article_published_time":"2023-10-09T14:40:21+00:00","article_modified_time":"2023-11-23T03:43:20+00:00","og_image":[{"width":800,"height":439,"url":"https:\/\/cronicasvinotinto.com\/wp-content\/uploads\/2023\/10\/Rincon-e1696822365770.png","type":"image\/png"}],"author":"Oliver Gonzalez Leon","twitter_card":"summary_large_image","twitter_creator":"@oliverggl","twitter_site":"@cronicasvinotin","twitter_misc":{"Written by":"Oliver Gonzalez Leon","Est. reading time":"1 minute"},"schema":{"@context":"https:\/\/schema.org","@graph":[{"@type":"Article","@id":"https:\/\/cronicasvinotinto.com\/tomas-rincon-en-estamos-ready-podcast-yo-voy-a-la-seleccion-a-competir\/#article","isPartOf":{"@id":"https:\/\/cronicasvinotinto.com\/tomas-rincon-en-estamos-ready-podcast-yo-voy-a-la-seleccion-a-competir\/"},"author":{"name":"Oliver Gonzalez Leon","@id":"https:\/\/cronicasvinotinto.com\/#\/schema\/person\/e1ba8e862ebb3cc79bef1a8d07752a3d"},"headline":"Tom\u00e1s Rinc\u00f3n en Estamos Ready Podcast: \u00abYo voy a la selecci\u00f3n a competir\u00bb","datePublished":"2023-10-09T14:40:21+00:00","dateModified":"2023-11-23T03:43:20+00:00","mainEntityOfPage":{"@id":"https:\/\/cronicasvinotinto.com\/tomas-rincon-en-estamos-ready-podcast-yo-voy-a-la-seleccion-a-competir\/"},"wordCount":235,"commentCount":0,"publisher":{"@id":"https:\/\/cronicasvinotinto.com\/#organization"},"image":{"@id":"https:\/\/cronicasvinotinto.com\/tomas-rincon-en-estamos-ready-podcast-yo-voy-a-la-seleccion-a-competir\/#primaryimage"},"thumbnailUrl":"https:\/\/cronicasvinotinto.com\/wp-content\/uploads\/2023\/10\/Rincon-e1696822365770.png","keywords":["Eliminatorias","mundial 2026","Tom\u00e1s Rinc\u00f3n","vinotinto","Youtube"],"articleSection":["Medios","Youtube"],"inLanguage":"en-US","potentialAction":[{"@type":"CommentAction","name":"Comment","target":["https:\/\/cronicasvinotinto.com\/tomas-rincon-en-estamos-ready-podcast-yo-voy-a-la-seleccion-a-competir\/#respond"]}]},{"@type":"WebPage","@id":"https:\/\/cronicasvinotinto.com\/tomas-rincon-en-estamos-ready-podcast-yo-voy-a-la-seleccion-a-competir\/","url":"https:\/\/cronicasvinotinto.com\/tomas-rincon-en-estamos-ready-podcast-yo-voy-a-la-seleccion-a-competir\/","name":"Tom\u00e1s Rinc\u00f3n en Estamos Ready Podcast: \"Yo voy a la selecci\u00f3n a competir\" - Cr\u00f3nicas Vinotinto","isPartOf":{"@id":"https:\/\/cronicasvinotinto.com\/#website"},"primaryImageOfPage":{"@id":"https:\/\/cronicasvinotinto.com\/tomas-rincon-en-estamos-ready-podcast-yo-voy-a-la-seleccion-a-competir\/#primaryimage"},"image":{"@id":"https:\/\/cronicasvinotinto.com\/tomas-rincon-en-estamos-ready-podcast-yo-voy-a-la-seleccion-a-competir\/#primaryimage"},"thumbnailUrl":"https:\/\/cronicasvinotinto.com\/wp-content\/uploads\/2023\/10\/Rincon-e1696822365770.png","datePublished":"2023-10-09T14:40:21+00:00","dateModified":"2023-11-23T03:43:20+00:00","breadcrumb":{"@id":"https:\/\/cronicasvinotinto.com\/tomas-rincon-en-estamos-ready-podcast-yo-voy-a-la-seleccion-a-competir\/#breadcrumb"},"inLanguage":"en-US","potentialAction":[{"@type":"ReadAction","target":["https:\/\/cronicasvinotinto.com\/tomas-rincon-en-estamos-ready-podcast-yo-voy-a-la-seleccion-a-competir\/"]}]},{"@type":"ImageObject","inLanguage":"en-US","@id":"https:\/\/cronicasvinotinto.com\/tomas-rincon-en-estamos-ready-podcast-yo-voy-a-la-seleccion-a-competir\/#primaryimage","url":"https:\/\/cronicasvinotinto.com\/wp-content\/uploads\/2023\/10\/Rincon-e1696822365770.png","contentUrl":"https:\/\/cronicasvinotinto.com\/wp-content\/uploads\/2023\/10\/Rincon-e1696822365770.png","width":800,"height":439},{"@type":"BreadcrumbList","@id":"https:\/\/cronicasvinotinto.com\/tomas-rincon-en-estamos-ready-podcast-yo-voy-a-la-seleccion-a-competir\/#breadcrumb","itemListElement":[{"@type":"ListItem","position":1,"name":"Portada","item":"https:\/\/cronicasvinotinto.com\/"},{"@type":"ListItem","position":2,"name":"Tom\u00e1s Rinc\u00f3n en Estamos Ready Podcast: \u00abYo voy a la selecci\u00f3n a competir\u00bb"}]},{"@type":"WebSite","@id":"https:\/\/cronicasvinotinto.com\/#website","url":"https:\/\/cronicasvinotinto.com\/","name":"Cr\u00f3nicas Vinotinto","description":"Noticias, historias, opini\u00f3n y pasi\u00f3n por la Vinotinto en su camino hacia el Mundial.","publisher":{"@id":"https:\/\/cronicasvinotinto.com\/#organization"},"potentialAction":[{"@type":"SearchAction","target":{"@type":"EntryPoint","urlTemplate":"https:\/\/cronicasvinotinto.com\/?s={search_term_string}"},"query-input":{"@type":"PropertyValueSpecification","valueRequired":true,"valueName":"search_term_string"}}],"inLanguage":"en-US"},{"@type":"Organization","@id":"https:\/\/cronicasvinotinto.com\/#organization","name":"Cr\u00f3nicas Vinotinto","url":"https:\/\/cronicasvinotinto.com\/","logo":{"@type":"ImageObject","inLanguage":"en-US","@id":"https:\/\/cronicasvinotinto.com\/#\/schema\/logo\/image\/","url":"https:\/\/cronicasvinotinto.com\/wp-content\/uploads\/2023\/09\/cronicasvinotinto_logo_dia-1.png","contentUrl":"https:\/\/cronicasvinotinto.com\/wp-content\/uploads\/2023\/09\/cronicasvinotinto_logo_dia-1.png","width":601,"height":197,"caption":"Cr\u00f3nicas Vinotinto"},"image":{"@id":"https:\/\/cronicasvinotinto.com\/#\/schema\/logo\/image\/"},"sameAs":["https:\/\/x.com\/cronicasvinotin"]},{"@type":"Person","@id":"https:\/\/cronicasvinotinto.com\/#\/schema\/person\/e1ba8e862ebb3cc79bef1a8d07752a3d","name":"Oliver Gonzalez Leon","image":{"@type":"ImageObject","inLanguage":"en-US","@id":"https:\/\/cronicasvinotinto.com\/#\/schema\/person\/image\/ccddb9c71b1dfe90392f95cd6eee49a2","url":"https:\/\/cronicasvinotinto.com\/wp-content\/uploads\/2024\/01\/1701879400854-jpeg.webp","contentUrl":"https:\/\/cronicasvinotinto.com\/wp-content\/uploads\/2024\/01\/1701879400854-jpeg.webp","caption":"Oliver Gonzalez Leon"},"description":"Periodista deportivo venezolano, cuenta con m\u00e1s de 12 a\u00f1os de experiencia en medios de comunicaci\u00f3n impresos y digitales. Domina el \u00e1rea multimedia, pero tambi\u00e9n ha trabajado como periodista deportivo en medios locales y nacionales en Venezuela y Per\u00fa. Actualmente reside en EEUU, desde donde dirige Cr\u00f3nicas Vinotinto.","sameAs":["https:\/\/x.com\/oliverggl"],"url":"https:\/\/cronicasvinotinto.com\/en\/author\/ogonzalez\/"}]}},"authors":[{"term_id":288,"user_id":2,"is_guest":0,"slug":"ogonzalez","display_name":"Oliver Gonzalez Leon","avatar_url":{"url":"https:\/\/cronicasvinotinto.com\/wp-content\/uploads\/2024\/01\/1701879400854-jpeg.webp","url2x":"https:\/\/cronicasvinotinto.com\/wp-content\/uploads\/2024\/01\/1701879400854-jpeg.webp"},"author_category":"","user_url":"","last_name":"Gonzalez Leon","first_name":"Oliver","job_title":"","description":"Periodista deportivo venezolano, cuenta con m\u00e1s de 12 a\u00f1os de experiencia en medios de comunicaci\u00f3n impresos y digitales. Domina el \u00e1rea multimedia, pero tambi\u00e9n ha trabajado como periodista deportivo en medios locales y nacionales en Venezuela y Per\u00fa. Actualmente reside en EEUU donde dirige Cr\u00f3nicas Vinotinto."}],"_links":{"self":[{"href":"https:\/\/cronicasvinotinto.com\/en\/wp-json\/wp\/v2\/posts\/5489","targetHints":{"allow":["GET"]}}],"collection":[{"href":"https:\/\/cronicasvinotinto.com\/en\/wp-json\/wp\/v2\/posts"}],"about":[{"href":"https:\/\/cronicasvinotinto.com\/en\/wp-json\/wp\/v2\/types\/post"}],"author":[{"embeddable":true,"href":"https:\/\/cronicasvinotinto.com\/en\/wp-json\/wp\/v2\/users\/2"}],"replies":[{"embeddable":true,"href":"https:\/\/cronicasvinotinto.com\/en\/wp-json\/wp\/v2\/comments?post=5489"}],"version-history":[{"count":1,"href":"https:\/\/cronicasvinotinto.com\/en\/wp-json\/wp\/v2\/posts\/5489\/revisions"}],"predecessor-version":[{"id":5491,"href":"https:\/\/cronicasvinotinto.com\/en\/wp-json\/wp\/v2\/posts\/5489\/revisions\/5491"}],"wp:featuredmedia":[{"embeddable":true,"href":"https:\/\/cronicasvinotinto.com\/en\/wp-json\/wp\/v2\/media\/5490"}],"wp:attachment":[{"href":"https:\/\/cronicasvinotinto.com\/en\/wp-json\/wp\/v2\/media?parent=5489"}],"wp:term":[{"taxonomy":"category","embeddable":true,"href":"https:\/\/cronicasvinotinto.com\/en\/wp-json\/wp\/v2\/categories?post=5489"},{"taxonomy":"post_tag","embeddable":true,"href":"https:\/\/cronicasvinotinto.com\/en\/wp-json\/wp\/v2\/tags?post=5489"},{"taxonomy":"author","embeddable":true,"href":"https:\/\/cronicasvinotinto.com\/en\/wp-json\/wp\/v2\/ppma_author?post=5489"}],"curies":[{"name":"wp","href":"https:\/\/api.w.org\/{rel}","templated":true}]}}