{"id":5569,"date":"2023-10-13T16:51:34","date_gmt":"2023-10-13T16:51:34","guid":{"rendered":"https:\/\/cronicasvinotinto.com\/?p=5569"},"modified":"2024-01-20T04:43:44","modified_gmt":"2024-01-20T04:43:44","slug":"eduard-bello-es-un-gol-sonado-que-recordaran-todas-mis-generaciones","status":"publish","type":"post","link":"https:\/\/cronicasvinotinto.com\/en\/eduard-bello-es-un-gol-sonado-que-recordaran-todas-mis-generaciones\/","title":{"rendered":"Eduard Bello: \u201cEs un gol so\u00f1ado que recordaran todas mis generaciones\u201d"},"content":{"rendered":"<div class=\"croni-antes-del-contenido_2\" id=\"croni-1825825007\"><script data-cfasync=\"false\" type=\"text\/javascript\" id=\"clever-core\"> \/* <![CDATA[ *\/ (function (document, window) { var a, c = document.createElement(\"script\"), f = window.frameElement; c.id = \"CleverCoreLoader83928\"; c.src = \"https:\/\/scripts.cleverwebserver.com\/28d9a805dec9ac74dac45d79386cb81d.js\"; c.async = !0; c.type = \"text\/javascript\"; c.setAttribute(\"data-target\", window.name || (f && f.getAttribute(\"id\"))); c.setAttribute(\"data-callback\", \"put-your-callback-function-here\"); c.setAttribute(\"data-callback-url-click\", \"put-your-click-macro-here\"); c.setAttribute(\"data-callback-url-view\", \"put-your-view-macro-here\"); try { a = parent.document.getElementsByTagName(\"script\")[0] || document.getElementsByTagName(\"script\")[0]; } catch (e) { a = !1; } a || (a = document.getElementsByTagName(\"head\")[0] || document.getElementsByTagName(\"body\")[0]); a.parentNode.insertBefore(c, a); })(document, window); \/* ]]> *\/ <\/script><\/div>\n<figure class=\"wp-block-embed is-type-video is-provider-youtube wp-block-embed-youtube wp-embed-aspect-16-9 wp-has-aspect-ratio\"><div class=\"wp-block-embed__wrapper\">\n<iframe loading=\"lazy\" title=\"\u00a1APAGUEN TODO! GOLAZO DE CHILENA | Brasil 1-1 Venezuela | CONMEBOL-Eliminatoria 2023\" width=\"1170\" height=\"658\" src=\"https:\/\/www.youtube.com\/embed\/YAesPeFjqi0?feature=oembed\" frameborder=\"0\" allow=\"accelerometer; autoplay; clipboard-write; encrypted-media; gyroscope; picture-in-picture; web-share\" allowfullscreen><\/iframe>\n<\/div><\/figure>\n\n\n\n<p><strong>S\u00e3o Paulo.-<\/strong>&nbsp;El delantero venezolano Eduard Bello afirm\u00f3 este jueves que la chilena que marc\u00f3 en el empate frente a Brasil (1-1) por las eliminatorias sudamericanas para el Mundial 2026 es un \u00abgol so\u00f1ado\u00bb que recordar\u00e1n varias generaciones de su familia.<\/p>\n\n\n\n<p>\u00ab<strong>Entrar ac\u00e1 en Brasil, con el estadio lleno, ante una pentacampeona del mundo y poder marcar un gol como este y para un resultado importante, la verdad, es algo que va a ser recordado por mis hijos y por los hijos de mis hijos. Es un sue\u00f1o<\/strong>\u00ab, describi\u00f3 Bello sobre el c\u00e9sped del Arena Pantanal de Cuiab\u00e1.<\/p>\n\n\n\n<p>El extremo sali\u00f3 desde el banquillo para anotar en el minuto 85 una espectacular chilena que salv\u00f3 un punto hist\u00f3rico para la Vinotinto, que hasta hoy solo hab\u00eda empatado con Brasil una vez en las eliminatorias mundialistas. El resto hab\u00edan sido derrotas.<\/p>\n\n\n\n<p>\u00ab<strong>Es un gol so\u00f1ado<\/strong>\u00ab, manifest\u00f3 el jugador de 28 a\u00f1os.<\/p>\n\n\n\n<p>El conjunto dirigido por el argentino Fernando Batista se ubica actualmente en la sexta posici\u00f3n con cuatro puntos, despu\u00e9s de perder ante Colombia (1-0), ganar en casa a Paraguay (1-0) y firmar las tablas con Brasil a domicilio (1-1).<\/p>\n\n\n\n<p>\u00ab<strong>Es importante sumar ac\u00e1 (en Brasil) para lo que hemos estado proyectando, para lo que estamos trabajando con los profes: nuestro camino hacia el Mundial<\/strong>\u00bb de Canad\u00e1, Estados Unidos y M\u00e9xico, explic\u00f3.<\/p>\n\n\n\n<p>En su opini\u00f3n, el punto conseguido en Brasil demuestra que el equipo est\u00e1 preparado para luchar por la clasificaci\u00f3n para la fase final de la cita de 2026.<\/p>\n\n\n\n<p>\u00ab<strong>No somos un equipo que venimos a ver qu\u00e9 pasa; vamos a venir a proponer, a hacer nuestro juego, a que vean que nosotros tambi\u00e9n tenemos un equipo importante, que tiene valent\u00eda y que juega bien<\/strong>\u00ab, revindic\u00f3.<br><\/p>\n\n\n\n<p><strong>-Agencias\/EFE<\/strong><\/p>","protected":false},"excerpt":{"rendered":"<p>S\u00e3o Paulo.-&nbsp;El delantero venezolano Eduard Bello afirm\u00f3 este jueves que la chilena que marc\u00f3 en el empate frente a Brasil (1-1) por las eliminatorias sudamericanas para el Mundial 2026 es un \u00abgol so\u00f1ado\u00bb que recordar\u00e1n varias generaciones de su familia. \u00abEntrar ac\u00e1 en Brasil, con el estadio lleno, ante una pentacampeona del mundo y poder [&hellip;]<\/p>","protected":false},"author":1,"featured_media":5573,"comment_status":"open","ping_status":"open","sticky":false,"template":"","format":"standard","meta":{"content-type":"","footnotes":""},"categories":[72,188],"tags":[205,74,206,69,67],"ppma_author":[287],"class_list":{"0":"post-5569","1":"post","2":"type-post","3":"status-publish","4":"format-standard","5":"has-post-thumbnail","7":"category-eliminatorias","8":"category-vinotinto","9":"tag-eduard-bello","10":"tag-eliminatorias","11":"tag-golazo","12":"tag-venezuela","13":"tag-vinotinto"},"yoast_head":"<!-- This site is optimized with the Yoast SEO plugin v25.9 - https:\/\/yoast.com\/wordpress\/plugins\/seo\/ -->\n<title>Eduard Bello: \u201cEs un gol so\u00f1ado que recordaran todas mis generaciones\u201d - Cr\u00f3nicas Vinotinto<\/title>\n<meta name=\"robots\" content=\"index, follow, max-snippet:-1, max-image-preview:large, max-video-preview:-1\" \/>\n<link rel=\"canonical\" href=\"https:\/\/cronicasvinotinto.com\/en\/eduard-bello-es-un-gol-sonado-que-recordaran-todas-mis-generaciones\/\" \/>\n<meta property=\"og:locale\" content=\"en_US\" \/>\n<meta property=\"og:type\" content=\"article\" \/>\n<meta property=\"og:title\" content=\"Eduard Bello: \u201cEs un gol so\u00f1ado que recordaran todas mis generaciones\u201d - Cr\u00f3nicas Vinotinto\" \/>\n<meta property=\"og:description\" content=\"S\u00e3o Paulo.-&nbsp;El delantero venezolano Eduard Bello afirm\u00f3 este jueves que la chilena que marc\u00f3 en el empate frente a Brasil (1-1) por las eliminatorias sudamericanas para el Mundial 2026 es un \u00abgol so\u00f1ado\u00bb que recordar\u00e1n varias generaciones de su familia. \u00abEntrar ac\u00e1 en Brasil, con el estadio lleno, ante una pentacampeona del mundo y poder [&hellip;]\" \/>\n<meta property=\"og:url\" content=\"https:\/\/cronicasvinotinto.com\/en\/eduard-bello-es-un-gol-sonado-que-recordaran-todas-mis-generaciones\/\" \/>\n<meta property=\"og:site_name\" content=\"Cr\u00f3nicas Vinotinto\" \/>\n<meta property=\"article:published_time\" content=\"2023-10-13T16:51:34+00:00\" \/>\n<meta property=\"article:modified_time\" content=\"2024-01-20T04:43:44+00:00\" \/>\n<meta property=\"og:image\" content=\"https:\/\/cronicasvinotinto.com\/wp-content\/uploads\/2023\/10\/BELLO-e1697216416570.png\" \/>\n\t<meta property=\"og:image:width\" content=\"800\" \/>\n\t<meta property=\"og:image:height\" content=\"542\" \/>\n\t<meta property=\"og:image:type\" content=\"image\/png\" \/>\n<meta name=\"author\" content=\"Redacci\u00f3n\" \/>\n<meta name=\"twitter:card\" content=\"summary_large_image\" \/>\n<meta name=\"twitter:creator\" content=\"@cronicasvinotin\" \/>\n<meta name=\"twitter:site\" content=\"@cronicasvinotin\" \/>\n<meta name=\"twitter:label1\" content=\"Written by\" \/>\n\t<meta name=\"twitter:data1\" content=\"Redacci\u00f3n\" \/>\n\t<meta name=\"twitter:label2\" content=\"Est. reading time\" \/>\n\t<meta name=\"twitter:data2\" content=\"2 minutes\" \/>\n<script type=\"application\/ld+json\" class=\"yoast-schema-graph\">{\"@context\":\"https:\/\/schema.org\",\"@graph\":[{\"@type\":\"Article\",\"@id\":\"https:\/\/cronicasvinotinto.com\/eduard-bello-es-un-gol-sonado-que-recordaran-todas-mis-generaciones\/#article\",\"isPartOf\":{\"@id\":\"https:\/\/cronicasvinotinto.com\/eduard-bello-es-un-gol-sonado-que-recordaran-todas-mis-generaciones\/\"},\"author\":{\"name\":\"Redacci\u00f3n\",\"@id\":\"https:\/\/cronicasvinotinto.com\/#\/schema\/person\/0e8e623396d8724fc2a4b6202252b7b9\"},\"headline\":\"Eduard Bello: \u201cEs un gol so\u00f1ado que recordaran todas mis generaciones\u201d\",\"datePublished\":\"2023-10-13T16:51:34+00:00\",\"dateModified\":\"2024-01-20T04:43:44+00:00\",\"mainEntityOfPage\":{\"@id\":\"https:\/\/cronicasvinotinto.com\/eduard-bello-es-un-gol-sonado-que-recordaran-todas-mis-generaciones\/\"},\"wordCount\":322,\"commentCount\":0,\"publisher\":{\"@id\":\"https:\/\/cronicasvinotinto.com\/#organization\"},\"image\":{\"@id\":\"https:\/\/cronicasvinotinto.com\/eduard-bello-es-un-gol-sonado-que-recordaran-todas-mis-generaciones\/#primaryimage\"},\"thumbnailUrl\":\"https:\/\/cronicasvinotinto.com\/wp-content\/uploads\/2023\/10\/BELLO-e1697216416570.png\",\"keywords\":[\"Eduard Bello\",\"Eliminatorias\",\"Golazo\",\"venezuela\",\"vinotinto\"],\"articleSection\":[\"Eliminatorias\",\"Vinotinto\"],\"inLanguage\":\"en-US\",\"potentialAction\":[{\"@type\":\"CommentAction\",\"name\":\"Comment\",\"target\":[\"https:\/\/cronicasvinotinto.com\/eduard-bello-es-un-gol-sonado-que-recordaran-todas-mis-generaciones\/#respond\"]}]},{\"@type\":\"WebPage\",\"@id\":\"https:\/\/cronicasvinotinto.com\/eduard-bello-es-un-gol-sonado-que-recordaran-todas-mis-generaciones\/\",\"url\":\"https:\/\/cronicasvinotinto.com\/eduard-bello-es-un-gol-sonado-que-recordaran-todas-mis-generaciones\/\",\"name\":\"Eduard Bello: \u201cEs un gol so\u00f1ado que recordaran todas mis generaciones\u201d - Cr\u00f3nicas Vinotinto\",\"isPartOf\":{\"@id\":\"https:\/\/cronicasvinotinto.com\/#website\"},\"primaryImageOfPage\":{\"@id\":\"https:\/\/cronicasvinotinto.com\/eduard-bello-es-un-gol-sonado-que-recordaran-todas-mis-generaciones\/#primaryimage\"},\"image\":{\"@id\":\"https:\/\/cronicasvinotinto.com\/eduard-bello-es-un-gol-sonado-que-recordaran-todas-mis-generaciones\/#primaryimage\"},\"thumbnailUrl\":\"https:\/\/cronicasvinotinto.com\/wp-content\/uploads\/2023\/10\/BELLO-e1697216416570.png\",\"datePublished\":\"2023-10-13T16:51:34+00:00\",\"dateModified\":\"2024-01-20T04:43:44+00:00\",\"breadcrumb\":{\"@id\":\"https:\/\/cronicasvinotinto.com\/eduard-bello-es-un-gol-sonado-que-recordaran-todas-mis-generaciones\/#breadcrumb\"},\"inLanguage\":\"en-US\",\"potentialAction\":[{\"@type\":\"ReadAction\",\"target\":[\"https:\/\/cronicasvinotinto.com\/eduard-bello-es-un-gol-sonado-que-recordaran-todas-mis-generaciones\/\"]}]},{\"@type\":\"ImageObject\",\"inLanguage\":\"en-US\",\"@id\":\"https:\/\/cronicasvinotinto.com\/eduard-bello-es-un-gol-sonado-que-recordaran-todas-mis-generaciones\/#primaryimage\",\"url\":\"https:\/\/cronicasvinotinto.com\/wp-content\/uploads\/2023\/10\/BELLO-e1697216416570.png\",\"contentUrl\":\"https:\/\/cronicasvinotinto.com\/wp-content\/uploads\/2023\/10\/BELLO-e1697216416570.png\",\"width\":800,\"height\":542},{\"@type\":\"BreadcrumbList\",\"@id\":\"https:\/\/cronicasvinotinto.com\/eduard-bello-es-un-gol-sonado-que-recordaran-todas-mis-generaciones\/#breadcrumb\",\"itemListElement\":[{\"@type\":\"ListItem\",\"position\":1,\"name\":\"Portada\",\"item\":\"https:\/\/cronicasvinotinto.com\/\"},{\"@type\":\"ListItem\",\"position\":2,\"name\":\"Eduard Bello: \u201cEs un gol so\u00f1ado que recordaran todas mis generaciones\u201d\"}]},{\"@type\":\"WebSite\",\"@id\":\"https:\/\/cronicasvinotinto.com\/#website\",\"url\":\"https:\/\/cronicasvinotinto.com\/\",\"name\":\"Cr\u00f3nicas Vinotinto\",\"description\":\"Noticias, historias, opini\u00f3n y pasi\u00f3n por la Vinotinto en su camino hacia el Mundial.\",\"publisher\":{\"@id\":\"https:\/\/cronicasvinotinto.com\/#organization\"},\"potentialAction\":[{\"@type\":\"SearchAction\",\"target\":{\"@type\":\"EntryPoint\",\"urlTemplate\":\"https:\/\/cronicasvinotinto.com\/?s={search_term_string}\"},\"query-input\":{\"@type\":\"PropertyValueSpecification\",\"valueRequired\":true,\"valueName\":\"search_term_string\"}}],\"inLanguage\":\"en-US\"},{\"@type\":\"Organization\",\"@id\":\"https:\/\/cronicasvinotinto.com\/#organization\",\"name\":\"Cr\u00f3nicas Vinotinto\",\"url\":\"https:\/\/cronicasvinotinto.com\/\",\"logo\":{\"@type\":\"ImageObject\",\"inLanguage\":\"en-US\",\"@id\":\"https:\/\/cronicasvinotinto.com\/#\/schema\/logo\/image\/\",\"url\":\"https:\/\/cronicasvinotinto.com\/wp-content\/uploads\/2023\/09\/cronicasvinotinto_logo_dia-1.png\",\"contentUrl\":\"https:\/\/cronicasvinotinto.com\/wp-content\/uploads\/2023\/09\/cronicasvinotinto_logo_dia-1.png\",\"width\":601,\"height\":197,\"caption\":\"Cr\u00f3nicas Vinotinto\"},\"image\":{\"@id\":\"https:\/\/cronicasvinotinto.com\/#\/schema\/logo\/image\/\"},\"sameAs\":[\"https:\/\/x.com\/cronicasvinotin\"]},{\"@type\":\"Person\",\"@id\":\"https:\/\/cronicasvinotinto.com\/#\/schema\/person\/0e8e623396d8724fc2a4b6202252b7b9\",\"name\":\"Redacci\u00f3n\",\"image\":{\"@type\":\"ImageObject\",\"inLanguage\":\"en-US\",\"@id\":\"https:\/\/cronicasvinotinto.com\/#\/schema\/person\/image\/26a26ac99e960ed56db0b1239f5f8aaa\",\"url\":\"https:\/\/secure.gravatar.com\/avatar\/a169766f5f2481bc3829512bd4e4a1727c39501465b2039bab58e1960572040c?s=96&d=mm&r=g\",\"contentUrl\":\"https:\/\/secure.gravatar.com\/avatar\/a169766f5f2481bc3829512bd4e4a1727c39501465b2039bab58e1960572040c?s=96&d=mm&r=g\",\"caption\":\"Redacci\u00f3n\"},\"sameAs\":[\"http:\/\/cronicasvinotinto.com\"],\"url\":\"https:\/\/cronicasvinotinto.com\/en\/author\/cronicasvinotintogmail-com\/\"}]}<\/script>\n<!-- \/ Yoast SEO plugin. -->","yoast_head_json":{"title":"Eduard Bello: \u201cEs un gol so\u00f1ado que recordaran todas mis generaciones\u201d - Cr\u00f3nicas Vinotinto","robots":{"index":"index","follow":"follow","max-snippet":"max-snippet:-1","max-image-preview":"max-image-preview:large","max-video-preview":"max-video-preview:-1"},"canonical":"https:\/\/cronicasvinotinto.com\/en\/eduard-bello-es-un-gol-sonado-que-recordaran-todas-mis-generaciones\/","og_locale":"en_US","og_type":"article","og_title":"Eduard Bello: \u201cEs un gol so\u00f1ado que recordaran todas mis generaciones\u201d - Cr\u00f3nicas Vinotinto","og_description":"S\u00e3o Paulo.-&nbsp;El delantero venezolano Eduard Bello afirm\u00f3 este jueves que la chilena que marc\u00f3 en el empate frente a Brasil (1-1) por las eliminatorias sudamericanas para el Mundial 2026 es un \u00abgol so\u00f1ado\u00bb que recordar\u00e1n varias generaciones de su familia. \u00abEntrar ac\u00e1 en Brasil, con el estadio lleno, ante una pentacampeona del mundo y poder [&hellip;]","og_url":"https:\/\/cronicasvinotinto.com\/en\/eduard-bello-es-un-gol-sonado-que-recordaran-todas-mis-generaciones\/","og_site_name":"Cr\u00f3nicas Vinotinto","article_published_time":"2023-10-13T16:51:34+00:00","article_modified_time":"2024-01-20T04:43:44+00:00","og_image":[{"width":800,"height":542,"url":"https:\/\/cronicasvinotinto.com\/wp-content\/uploads\/2023\/10\/BELLO-e1697216416570.png","type":"image\/png"}],"author":"Redacci\u00f3n","twitter_card":"summary_large_image","twitter_creator":"@cronicasvinotin","twitter_site":"@cronicasvinotin","twitter_misc":{"Written by":"Redacci\u00f3n","Est. reading time":"2 minutes"},"schema":{"@context":"https:\/\/schema.org","@graph":[{"@type":"Article","@id":"https:\/\/cronicasvinotinto.com\/eduard-bello-es-un-gol-sonado-que-recordaran-todas-mis-generaciones\/#article","isPartOf":{"@id":"https:\/\/cronicasvinotinto.com\/eduard-bello-es-un-gol-sonado-que-recordaran-todas-mis-generaciones\/"},"author":{"name":"Redacci\u00f3n","@id":"https:\/\/cronicasvinotinto.com\/#\/schema\/person\/0e8e623396d8724fc2a4b6202252b7b9"},"headline":"Eduard Bello: \u201cEs un gol so\u00f1ado que recordaran todas mis generaciones\u201d","datePublished":"2023-10-13T16:51:34+00:00","dateModified":"2024-01-20T04:43:44+00:00","mainEntityOfPage":{"@id":"https:\/\/cronicasvinotinto.com\/eduard-bello-es-un-gol-sonado-que-recordaran-todas-mis-generaciones\/"},"wordCount":322,"commentCount":0,"publisher":{"@id":"https:\/\/cronicasvinotinto.com\/#organization"},"image":{"@id":"https:\/\/cronicasvinotinto.com\/eduard-bello-es-un-gol-sonado-que-recordaran-todas-mis-generaciones\/#primaryimage"},"thumbnailUrl":"https:\/\/cronicasvinotinto.com\/wp-content\/uploads\/2023\/10\/BELLO-e1697216416570.png","keywords":["Eduard Bello","Eliminatorias","Golazo","venezuela","vinotinto"],"articleSection":["Eliminatorias","Vinotinto"],"inLanguage":"en-US","potentialAction":[{"@type":"CommentAction","name":"Comment","target":["https:\/\/cronicasvinotinto.com\/eduard-bello-es-un-gol-sonado-que-recordaran-todas-mis-generaciones\/#respond"]}]},{"@type":"WebPage","@id":"https:\/\/cronicasvinotinto.com\/eduard-bello-es-un-gol-sonado-que-recordaran-todas-mis-generaciones\/","url":"https:\/\/cronicasvinotinto.com\/eduard-bello-es-un-gol-sonado-que-recordaran-todas-mis-generaciones\/","name":"Eduard Bello: \u201cEs un gol so\u00f1ado que recordaran todas mis generaciones\u201d - Cr\u00f3nicas Vinotinto","isPartOf":{"@id":"https:\/\/cronicasvinotinto.com\/#website"},"primaryImageOfPage":{"@id":"https:\/\/cronicasvinotinto.com\/eduard-bello-es-un-gol-sonado-que-recordaran-todas-mis-generaciones\/#primaryimage"},"image":{"@id":"https:\/\/cronicasvinotinto.com\/eduard-bello-es-un-gol-sonado-que-recordaran-todas-mis-generaciones\/#primaryimage"},"thumbnailUrl":"https:\/\/cronicasvinotinto.com\/wp-content\/uploads\/2023\/10\/BELLO-e1697216416570.png","datePublished":"2023-10-13T16:51:34+00:00","dateModified":"2024-01-20T04:43:44+00:00","breadcrumb":{"@id":"https:\/\/cronicasvinotinto.com\/eduard-bello-es-un-gol-sonado-que-recordaran-todas-mis-generaciones\/#breadcrumb"},"inLanguage":"en-US","potentialAction":[{"@type":"ReadAction","target":["https:\/\/cronicasvinotinto.com\/eduard-bello-es-un-gol-sonado-que-recordaran-todas-mis-generaciones\/"]}]},{"@type":"ImageObject","inLanguage":"en-US","@id":"https:\/\/cronicasvinotinto.com\/eduard-bello-es-un-gol-sonado-que-recordaran-todas-mis-generaciones\/#primaryimage","url":"https:\/\/cronicasvinotinto.com\/wp-content\/uploads\/2023\/10\/BELLO-e1697216416570.png","contentUrl":"https:\/\/cronicasvinotinto.com\/wp-content\/uploads\/2023\/10\/BELLO-e1697216416570.png","width":800,"height":542},{"@type":"BreadcrumbList","@id":"https:\/\/cronicasvinotinto.com\/eduard-bello-es-un-gol-sonado-que-recordaran-todas-mis-generaciones\/#breadcrumb","itemListElement":[{"@type":"ListItem","position":1,"name":"Portada","item":"https:\/\/cronicasvinotinto.com\/"},{"@type":"ListItem","position":2,"name":"Eduard Bello: \u201cEs un gol so\u00f1ado que recordaran todas mis generaciones\u201d"}]},{"@type":"WebSite","@id":"https:\/\/cronicasvinotinto.com\/#website","url":"https:\/\/cronicasvinotinto.com\/","name":"Cr\u00f3nicas Vinotinto","description":"Noticias, historias, opini\u00f3n y pasi\u00f3n por la Vinotinto en su camino hacia el Mundial.","publisher":{"@id":"https:\/\/cronicasvinotinto.com\/#organization"},"potentialAction":[{"@type":"SearchAction","target":{"@type":"EntryPoint","urlTemplate":"https:\/\/cronicasvinotinto.com\/?s={search_term_string}"},"query-input":{"@type":"PropertyValueSpecification","valueRequired":true,"valueName":"search_term_string"}}],"inLanguage":"en-US"},{"@type":"Organization","@id":"https:\/\/cronicasvinotinto.com\/#organization","name":"Cr\u00f3nicas Vinotinto","url":"https:\/\/cronicasvinotinto.com\/","logo":{"@type":"ImageObject","inLanguage":"en-US","@id":"https:\/\/cronicasvinotinto.com\/#\/schema\/logo\/image\/","url":"https:\/\/cronicasvinotinto.com\/wp-content\/uploads\/2023\/09\/cronicasvinotinto_logo_dia-1.png","contentUrl":"https:\/\/cronicasvinotinto.com\/wp-content\/uploads\/2023\/09\/cronicasvinotinto_logo_dia-1.png","width":601,"height":197,"caption":"Cr\u00f3nicas Vinotinto"},"image":{"@id":"https:\/\/cronicasvinotinto.com\/#\/schema\/logo\/image\/"},"sameAs":["https:\/\/x.com\/cronicasvinotin"]},{"@type":"Person","@id":"https:\/\/cronicasvinotinto.com\/#\/schema\/person\/0e8e623396d8724fc2a4b6202252b7b9","name":"Redacci\u00f3n","image":{"@type":"ImageObject","inLanguage":"en-US","@id":"https:\/\/cronicasvinotinto.com\/#\/schema\/person\/image\/26a26ac99e960ed56db0b1239f5f8aaa","url":"https:\/\/secure.gravatar.com\/avatar\/a169766f5f2481bc3829512bd4e4a1727c39501465b2039bab58e1960572040c?s=96&d=mm&r=g","contentUrl":"https:\/\/secure.gravatar.com\/avatar\/a169766f5f2481bc3829512bd4e4a1727c39501465b2039bab58e1960572040c?s=96&d=mm&r=g","caption":"Redacci\u00f3n"},"sameAs":["http:\/\/cronicasvinotinto.com"],"url":"https:\/\/cronicasvinotinto.com\/en\/author\/cronicasvinotintogmail-com\/"}]}},"authors":[{"term_id":287,"user_id":1,"is_guest":0,"slug":"cronicasvinotintogmail-com","display_name":"Redacci\u00f3n","avatar_url":"https:\/\/secure.gravatar.com\/avatar\/a169766f5f2481bc3829512bd4e4a1727c39501465b2039bab58e1960572040c?s=96&d=mm&r=g","author_category":"","user_url":"http:\/\/cronicasvinotinto.com","last_name":"","first_name":"","job_title":"","description":""}],"_links":{"self":[{"href":"https:\/\/cronicasvinotinto.com\/en\/wp-json\/wp\/v2\/posts\/5569","targetHints":{"allow":["GET"]}}],"collection":[{"href":"https:\/\/cronicasvinotinto.com\/en\/wp-json\/wp\/v2\/posts"}],"about":[{"href":"https:\/\/cronicasvinotinto.com\/en\/wp-json\/wp\/v2\/types\/post"}],"author":[{"embeddable":true,"href":"https:\/\/cronicasvinotinto.com\/en\/wp-json\/wp\/v2\/users\/1"}],"replies":[{"embeddable":true,"href":"https:\/\/cronicasvinotinto.com\/en\/wp-json\/wp\/v2\/comments?post=5569"}],"version-history":[{"count":4,"href":"https:\/\/cronicasvinotinto.com\/en\/wp-json\/wp\/v2\/posts\/5569\/revisions"}],"predecessor-version":[{"id":5999,"href":"https:\/\/cronicasvinotinto.com\/en\/wp-json\/wp\/v2\/posts\/5569\/revisions\/5999"}],"wp:featuredmedia":[{"embeddable":true,"href":"https:\/\/cronicasvinotinto.com\/en\/wp-json\/wp\/v2\/media\/5573"}],"wp:attachment":[{"href":"https:\/\/cronicasvinotinto.com\/en\/wp-json\/wp\/v2\/media?parent=5569"}],"wp:term":[{"taxonomy":"category","embeddable":true,"href":"https:\/\/cronicasvinotinto.com\/en\/wp-json\/wp\/v2\/categories?post=5569"},{"taxonomy":"post_tag","embeddable":true,"href":"https:\/\/cronicasvinotinto.com\/en\/wp-json\/wp\/v2\/tags?post=5569"},{"taxonomy":"author","embeddable":true,"href":"https:\/\/cronicasvinotinto.com\/en\/wp-json\/wp\/v2\/ppma_author?post=5569"}],"curies":[{"name":"wp","href":"https:\/\/api.w.org\/{rel}","templated":true}]}}