{"id":5664,"date":"2023-10-24T13:47:41","date_gmt":"2023-10-24T13:47:41","guid":{"rendered":"https:\/\/cronicasvinotinto.com\/?p=5664"},"modified":"2023-10-24T13:48:05","modified_gmt":"2023-10-24T13:48:05","slug":"periodista-peruano-culpa-a-los-hinchas-del-posible-puerta-cerrada-en-el-peru-venezuela","status":"publish","type":"post","link":"https:\/\/cronicasvinotinto.com\/en\/periodista-peruano-culpa-a-los-hinchas-del-posible-puerta-cerrada-en-el-peru-venezuela\/","title":{"rendered":"Periodista peruano culpa a los hinchas del posible \u00abpuerta cerrada\u00bb en el Per\u00fa-Venezuela"},"content":{"rendered":"<div class=\"croni-antes-del-contenido_2\" id=\"croni-3689828985\"><script data-cfasync=\"false\" type=\"text\/javascript\" id=\"clever-core\"> \/* <![CDATA[ *\/ (function (document, window) { var a, c = document.createElement(\"script\"), f = window.frameElement; c.id = \"CleverCoreLoader83928\"; c.src = \"https:\/\/scripts.cleverwebserver.com\/28d9a805dec9ac74dac45d79386cb81d.js\"; c.async = !0; c.type = \"text\/javascript\"; c.setAttribute(\"data-target\", window.name || (f && f.getAttribute(\"id\"))); c.setAttribute(\"data-callback\", \"put-your-callback-function-here\"); c.setAttribute(\"data-callback-url-click\", \"put-your-click-macro-here\"); c.setAttribute(\"data-callback-url-view\", \"put-your-view-macro-here\"); try { a = parent.document.getElementsByTagName(\"script\")[0] || document.getElementsByTagName(\"script\")[0]; } catch (e) { a = !1; } a || (a = document.getElementsByTagName(\"head\")[0] || document.getElementsByTagName(\"body\")[0]); a.parentNode.insertBefore(c, a); })(document, window); \/* ]]> *\/ <\/script><\/div>\n<p><em>El ingreso de varios fan\u00e1ticos en el partido ante la Argentina, podr\u00eda traerle serias consecuencias a Per\u00fa en su pr\u00f3ximo encuentro local ante Venezuela<\/em><\/p>\n\n\n\n<p>La Vinotinto visitar\u00e1 a Per\u00fa en Lima en la sexta fecha de las Eliminatorias Sudamericanas al Mundial del 2026, y lo har\u00e1 con un atenuante: el partido podr\u00eda jugarse sin p\u00fablico. <\/p>\n\n\n\n<p>La Comisi\u00f3n de Disciplina de la Conmebol eval\u00faa un eventual fallo en este caso, luego de que varios \u00abhinchas\u00bb ingresaron al terreno de juego en el partido donde Per\u00fa cay\u00f3 por 0-2 ante la Argentina de Lionel Messi.<\/p>\n\n\n\n<p>Con el partido en su desarrollo final, y pr\u00e1cticamente definido, varios aficionados saltaron al terreno de juego del Estadio Nacional de Lima a la b\u00fasqueda de una foto con el astro argentino, misi\u00f3n que ninguno pudo cumplir, pero la invasi\u00f3n si fue efectiva y de ah\u00ed se podr\u00edan producir las sanciones de la Conmebol.<\/p>\n\n\n\n<p>Tras el encuentro, en el programa deportivo de an\u00e1lisis de Movistar Deportes, el periodista Horacio Zimmermann comenta: <\/p>\n\n\n\n<p>\u201c<strong>Ya hay una reincidencia en Per\u00fa contra Brasil con el 25% menos del aforo del estadio en relaci\u00f3n a lo que se permite, a nivel de reglamento FIFA y no descartemos que haya mano dura y que Venezuela sea a estadio sin p\u00fablico, as\u00ed que esta tonter\u00eda de los hinchas de meterse a la cancha, m\u00e1s all\u00e1, de si es Messi, Neymar o lo que fuese, nos va a traer problemas para el partido, probablemente para el que tengamos que sumar s\u00ed o s\u00ed, tres puntos<\/strong>\u201d\u00a0 <\/p>\n\n\n\n<p>En todo el Per\u00fa rezan y se las mantienen con los dedos cruzados, ligando que la sanci\u00f3n sea econ\u00f3mica y no con el cierre de las tribunas, lo que obligar\u00eda a disputar el partido ante la \u201cVinotinto\u201d a puertas cerradas.<\/p>\n\n\n\n<p>En los pr\u00f3ximos d\u00edas, Conmebol en su portal informar\u00e1 las sanciones a cumplirse tras los hechos ocurridos en el partido\u00a0entre Per\u00fa y Argentina en el marco de la segunda jornada de las eliminatorias suramericanas para el Mundial del 2026. <strong>@igarcia100<\/strong><\/p>\n\n\n\n<figure class=\"wp-block-embed is-type-video is-provider-youtube wp-block-embed-youtube wp-embed-aspect-16-9 wp-has-aspect-ratio\"><div class=\"wp-block-embed__wrapper\">\n<iframe loading=\"lazy\" title=\"NI\u00d1O INGRESA A LA CANCHA PARA TOMARSE UNA FOTO CON MESSI Y EL PORTERO DE PERU LE QUIT\u00d3 EL TEL\u00c9FONO\" width=\"1170\" height=\"658\" src=\"https:\/\/www.youtube.com\/embed\/x9AzbTAVRoQ?feature=oembed\" frameborder=\"0\" allow=\"accelerometer; autoplay; clipboard-write; encrypted-media; gyroscope; picture-in-picture; web-share\" allowfullscreen><\/iframe>\n<\/div><\/figure>","protected":false},"excerpt":{"rendered":"<p>El ingreso de varios fan\u00e1ticos en el partido ante la Argentina, podr\u00eda traerle serias consecuencias a Per\u00fa en su pr\u00f3ximo encuentro local ante Venezuela La Vinotinto visitar\u00e1 a Per\u00fa en Lima en la sexta fecha de las Eliminatorias Sudamericanas al Mundial del 2026, y lo har\u00e1 con un atenuante: el partido podr\u00eda jugarse sin p\u00fablico. [&hellip;]<\/p>","protected":false},"author":3,"featured_media":5665,"comment_status":"open","ping_status":"open","sticky":false,"template":"","format":"standard","meta":{"content-type":"","footnotes":""},"categories":[72,92,189],"tags":[74,68,223,69,67,91],"ppma_author":[289],"class_list":{"0":"post-5664","1":"post","2":"type-post","3":"status-publish","4":"format-standard","5":"has-post-thumbnail","7":"category-eliminatorias","8":"category-medios","9":"category-rivales-vinotinto","10":"tag-eliminatorias","11":"tag-mundial-2026","12":"tag-peru-2","13":"tag-venezuela","14":"tag-vinotinto","15":"tag-youtube"},"yoast_head":"<!-- This site is optimized with the Yoast SEO plugin v25.9 - https:\/\/yoast.com\/wordpress\/plugins\/seo\/ -->\n<title>Periodista peruano culpa a los hinchas del posible &quot;puerta cerrada&quot; en el Per\u00fa-Venezuela - Cr\u00f3nicas Vinotinto<\/title>\n<meta name=\"robots\" content=\"index, follow, max-snippet:-1, max-image-preview:large, max-video-preview:-1\" \/>\n<link rel=\"canonical\" href=\"https:\/\/cronicasvinotinto.com\/en\/periodista-peruano-culpa-a-los-hinchas-del-posible-puerta-cerrada-en-el-peru-venezuela\/\" \/>\n<meta property=\"og:locale\" content=\"en_US\" \/>\n<meta property=\"og:type\" content=\"article\" \/>\n<meta property=\"og:title\" content=\"Periodista peruano culpa a los hinchas del posible &quot;puerta cerrada&quot; en el Per\u00fa-Venezuela - Cr\u00f3nicas Vinotinto\" \/>\n<meta property=\"og:description\" content=\"El ingreso de varios fan\u00e1ticos en el partido ante la Argentina, podr\u00eda traerle serias consecuencias a Per\u00fa en su pr\u00f3ximo encuentro local ante Venezuela La Vinotinto visitar\u00e1 a Per\u00fa en Lima en la sexta fecha de las Eliminatorias Sudamericanas al Mundial del 2026, y lo har\u00e1 con un atenuante: el partido podr\u00eda jugarse sin p\u00fablico. [&hellip;]\" \/>\n<meta property=\"og:url\" content=\"https:\/\/cronicasvinotinto.com\/en\/periodista-peruano-culpa-a-los-hinchas-del-posible-puerta-cerrada-en-el-peru-venezuela\/\" \/>\n<meta property=\"og:site_name\" content=\"Cr\u00f3nicas Vinotinto\" \/>\n<meta property=\"article:published_time\" content=\"2023-10-24T13:47:41+00:00\" \/>\n<meta property=\"article:modified_time\" content=\"2023-10-24T13:48:05+00:00\" \/>\n<meta property=\"og:image\" content=\"https:\/\/cronicasvinotinto.com\/wp-content\/uploads\/2023\/10\/gallese-jpg.webp\" \/>\n\t<meta property=\"og:image:width\" content=\"800\" \/>\n\t<meta property=\"og:image:height\" content=\"600\" \/>\n\t<meta property=\"og:image:type\" content=\"image\/jpeg\" \/>\n<meta name=\"author\" content=\"Iv\u00e1n Garc\u00eda Marrero\" \/>\n<meta name=\"twitter:card\" content=\"summary_large_image\" \/>\n<meta name=\"twitter:creator\" content=\"@cronicasvinotin\" \/>\n<meta name=\"twitter:site\" content=\"@cronicasvinotin\" \/>\n<meta name=\"twitter:label1\" content=\"Written by\" \/>\n\t<meta name=\"twitter:data1\" content=\"Iv\u00e1n Garc\u00eda Marrero\" \/>\n\t<meta name=\"twitter:label2\" content=\"Est. reading time\" \/>\n\t<meta name=\"twitter:data2\" content=\"2 minutes\" \/>\n<script type=\"application\/ld+json\" class=\"yoast-schema-graph\">{\"@context\":\"https:\/\/schema.org\",\"@graph\":[{\"@type\":\"Article\",\"@id\":\"https:\/\/cronicasvinotinto.com\/periodista-peruano-culpa-a-los-hinchas-del-posible-puerta-cerrada-en-el-peru-venezuela\/#article\",\"isPartOf\":{\"@id\":\"https:\/\/cronicasvinotinto.com\/periodista-peruano-culpa-a-los-hinchas-del-posible-puerta-cerrada-en-el-peru-venezuela\/\"},\"author\":{\"name\":\"Iv\u00e1n Garc\u00eda Marrero\",\"@id\":\"https:\/\/cronicasvinotinto.com\/#\/schema\/person\/be2d07615170000c93d581a54dc532bc\"},\"headline\":\"Periodista peruano culpa a los hinchas del posible \u00abpuerta cerrada\u00bb en el Per\u00fa-Venezuela\",\"datePublished\":\"2023-10-24T13:47:41+00:00\",\"dateModified\":\"2023-10-24T13:48:05+00:00\",\"mainEntityOfPage\":{\"@id\":\"https:\/\/cronicasvinotinto.com\/periodista-peruano-culpa-a-los-hinchas-del-posible-puerta-cerrada-en-el-peru-venezuela\/\"},\"wordCount\":372,\"commentCount\":0,\"publisher\":{\"@id\":\"https:\/\/cronicasvinotinto.com\/#organization\"},\"image\":{\"@id\":\"https:\/\/cronicasvinotinto.com\/periodista-peruano-culpa-a-los-hinchas-del-posible-puerta-cerrada-en-el-peru-venezuela\/#primaryimage\"},\"thumbnailUrl\":\"https:\/\/cronicasvinotinto.com\/wp-content\/uploads\/2023\/10\/gallese-jpg.webp\",\"keywords\":[\"Eliminatorias\",\"mundial 2026\",\"Per\u00fa\",\"venezuela\",\"vinotinto\",\"Youtube\"],\"articleSection\":[\"Eliminatorias\",\"Medios\",\"Rivales Vinotinto\"],\"inLanguage\":\"en-US\",\"potentialAction\":[{\"@type\":\"CommentAction\",\"name\":\"Comment\",\"target\":[\"https:\/\/cronicasvinotinto.com\/periodista-peruano-culpa-a-los-hinchas-del-posible-puerta-cerrada-en-el-peru-venezuela\/#respond\"]}]},{\"@type\":\"WebPage\",\"@id\":\"https:\/\/cronicasvinotinto.com\/periodista-peruano-culpa-a-los-hinchas-del-posible-puerta-cerrada-en-el-peru-venezuela\/\",\"url\":\"https:\/\/cronicasvinotinto.com\/periodista-peruano-culpa-a-los-hinchas-del-posible-puerta-cerrada-en-el-peru-venezuela\/\",\"name\":\"Periodista peruano culpa a los hinchas del posible \\\"puerta cerrada\\\" en el Per\u00fa-Venezuela - Cr\u00f3nicas Vinotinto\",\"isPartOf\":{\"@id\":\"https:\/\/cronicasvinotinto.com\/#website\"},\"primaryImageOfPage\":{\"@id\":\"https:\/\/cronicasvinotinto.com\/periodista-peruano-culpa-a-los-hinchas-del-posible-puerta-cerrada-en-el-peru-venezuela\/#primaryimage\"},\"image\":{\"@id\":\"https:\/\/cronicasvinotinto.com\/periodista-peruano-culpa-a-los-hinchas-del-posible-puerta-cerrada-en-el-peru-venezuela\/#primaryimage\"},\"thumbnailUrl\":\"https:\/\/cronicasvinotinto.com\/wp-content\/uploads\/2023\/10\/gallese-jpg.webp\",\"datePublished\":\"2023-10-24T13:47:41+00:00\",\"dateModified\":\"2023-10-24T13:48:05+00:00\",\"breadcrumb\":{\"@id\":\"https:\/\/cronicasvinotinto.com\/periodista-peruano-culpa-a-los-hinchas-del-posible-puerta-cerrada-en-el-peru-venezuela\/#breadcrumb\"},\"inLanguage\":\"en-US\",\"potentialAction\":[{\"@type\":\"ReadAction\",\"target\":[\"https:\/\/cronicasvinotinto.com\/periodista-peruano-culpa-a-los-hinchas-del-posible-puerta-cerrada-en-el-peru-venezuela\/\"]}]},{\"@type\":\"ImageObject\",\"inLanguage\":\"en-US\",\"@id\":\"https:\/\/cronicasvinotinto.com\/periodista-peruano-culpa-a-los-hinchas-del-posible-puerta-cerrada-en-el-peru-venezuela\/#primaryimage\",\"url\":\"https:\/\/cronicasvinotinto.com\/wp-content\/uploads\/2023\/10\/gallese-jpg.webp\",\"contentUrl\":\"https:\/\/cronicasvinotinto.com\/wp-content\/uploads\/2023\/10\/gallese-jpg.webp\",\"width\":800,\"height\":600,\"caption\":\"Hincha que ingres\u00f3 en el Per\u00fa vs Argentina. Foto: Andina\"},{\"@type\":\"BreadcrumbList\",\"@id\":\"https:\/\/cronicasvinotinto.com\/periodista-peruano-culpa-a-los-hinchas-del-posible-puerta-cerrada-en-el-peru-venezuela\/#breadcrumb\",\"itemListElement\":[{\"@type\":\"ListItem\",\"position\":1,\"name\":\"Portada\",\"item\":\"https:\/\/cronicasvinotinto.com\/\"},{\"@type\":\"ListItem\",\"position\":2,\"name\":\"Periodista peruano culpa a los hinchas del posible \u00abpuerta cerrada\u00bb en el Per\u00fa-Venezuela\"}]},{\"@type\":\"WebSite\",\"@id\":\"https:\/\/cronicasvinotinto.com\/#website\",\"url\":\"https:\/\/cronicasvinotinto.com\/\",\"name\":\"Cr\u00f3nicas Vinotinto\",\"description\":\"Noticias, historias, opini\u00f3n y pasi\u00f3n por la Vinotinto en su camino hacia el Mundial.\",\"publisher\":{\"@id\":\"https:\/\/cronicasvinotinto.com\/#organization\"},\"potentialAction\":[{\"@type\":\"SearchAction\",\"target\":{\"@type\":\"EntryPoint\",\"urlTemplate\":\"https:\/\/cronicasvinotinto.com\/?s={search_term_string}\"},\"query-input\":{\"@type\":\"PropertyValueSpecification\",\"valueRequired\":true,\"valueName\":\"search_term_string\"}}],\"inLanguage\":\"en-US\"},{\"@type\":\"Organization\",\"@id\":\"https:\/\/cronicasvinotinto.com\/#organization\",\"name\":\"Cr\u00f3nicas Vinotinto\",\"url\":\"https:\/\/cronicasvinotinto.com\/\",\"logo\":{\"@type\":\"ImageObject\",\"inLanguage\":\"en-US\",\"@id\":\"https:\/\/cronicasvinotinto.com\/#\/schema\/logo\/image\/\",\"url\":\"https:\/\/cronicasvinotinto.com\/wp-content\/uploads\/2023\/09\/cronicasvinotinto_logo_dia-1.png\",\"contentUrl\":\"https:\/\/cronicasvinotinto.com\/wp-content\/uploads\/2023\/09\/cronicasvinotinto_logo_dia-1.png\",\"width\":601,\"height\":197,\"caption\":\"Cr\u00f3nicas Vinotinto\"},\"image\":{\"@id\":\"https:\/\/cronicasvinotinto.com\/#\/schema\/logo\/image\/\"},\"sameAs\":[\"https:\/\/x.com\/cronicasvinotin\"]},{\"@type\":\"Person\",\"@id\":\"https:\/\/cronicasvinotinto.com\/#\/schema\/person\/be2d07615170000c93d581a54dc532bc\",\"name\":\"Iv\u00e1n Garc\u00eda Marrero\",\"image\":{\"@type\":\"ImageObject\",\"inLanguage\":\"en-US\",\"@id\":\"https:\/\/cronicasvinotinto.com\/#\/schema\/person\/image\/23494c9101089ad44ae88ce9d2f56aac\",\"url\":\"https:\/\/secure.gravatar.com\/avatar\/?s=96&d=mm&r=g\",\"contentUrl\":\"https:\/\/secure.gravatar.com\/avatar\/?s=96&d=mm&r=g\",\"caption\":\"Iv\u00e1n Garc\u00eda Marrero\"},\"url\":\"https:\/\/cronicasvinotinto.com\/en\/author\/igarcia\/\"}]}<\/script>\n<!-- \/ Yoast SEO plugin. -->","yoast_head_json":{"title":"Periodista peruano culpa a los hinchas del posible \"puerta cerrada\" en el Per\u00fa-Venezuela - Cr\u00f3nicas Vinotinto","robots":{"index":"index","follow":"follow","max-snippet":"max-snippet:-1","max-image-preview":"max-image-preview:large","max-video-preview":"max-video-preview:-1"},"canonical":"https:\/\/cronicasvinotinto.com\/en\/periodista-peruano-culpa-a-los-hinchas-del-posible-puerta-cerrada-en-el-peru-venezuela\/","og_locale":"en_US","og_type":"article","og_title":"Periodista peruano culpa a los hinchas del posible \"puerta cerrada\" en el Per\u00fa-Venezuela - Cr\u00f3nicas Vinotinto","og_description":"El ingreso de varios fan\u00e1ticos en el partido ante la Argentina, podr\u00eda traerle serias consecuencias a Per\u00fa en su pr\u00f3ximo encuentro local ante Venezuela La Vinotinto visitar\u00e1 a Per\u00fa en Lima en la sexta fecha de las Eliminatorias Sudamericanas al Mundial del 2026, y lo har\u00e1 con un atenuante: el partido podr\u00eda jugarse sin p\u00fablico. [&hellip;]","og_url":"https:\/\/cronicasvinotinto.com\/en\/periodista-peruano-culpa-a-los-hinchas-del-posible-puerta-cerrada-en-el-peru-venezuela\/","og_site_name":"Cr\u00f3nicas Vinotinto","article_published_time":"2023-10-24T13:47:41+00:00","article_modified_time":"2023-10-24T13:48:05+00:00","og_image":[{"width":800,"height":600,"url":"https:\/\/cronicasvinotinto.com\/wp-content\/uploads\/2023\/10\/gallese-jpg.webp","type":"image\/jpeg"}],"author":"Iv\u00e1n Garc\u00eda Marrero","twitter_card":"summary_large_image","twitter_creator":"@cronicasvinotin","twitter_site":"@cronicasvinotin","twitter_misc":{"Written by":"Iv\u00e1n Garc\u00eda Marrero","Est. reading time":"2 minutes"},"schema":{"@context":"https:\/\/schema.org","@graph":[{"@type":"Article","@id":"https:\/\/cronicasvinotinto.com\/periodista-peruano-culpa-a-los-hinchas-del-posible-puerta-cerrada-en-el-peru-venezuela\/#article","isPartOf":{"@id":"https:\/\/cronicasvinotinto.com\/periodista-peruano-culpa-a-los-hinchas-del-posible-puerta-cerrada-en-el-peru-venezuela\/"},"author":{"name":"Iv\u00e1n Garc\u00eda Marrero","@id":"https:\/\/cronicasvinotinto.com\/#\/schema\/person\/be2d07615170000c93d581a54dc532bc"},"headline":"Periodista peruano culpa a los hinchas del posible \u00abpuerta cerrada\u00bb en el Per\u00fa-Venezuela","datePublished":"2023-10-24T13:47:41+00:00","dateModified":"2023-10-24T13:48:05+00:00","mainEntityOfPage":{"@id":"https:\/\/cronicasvinotinto.com\/periodista-peruano-culpa-a-los-hinchas-del-posible-puerta-cerrada-en-el-peru-venezuela\/"},"wordCount":372,"commentCount":0,"publisher":{"@id":"https:\/\/cronicasvinotinto.com\/#organization"},"image":{"@id":"https:\/\/cronicasvinotinto.com\/periodista-peruano-culpa-a-los-hinchas-del-posible-puerta-cerrada-en-el-peru-venezuela\/#primaryimage"},"thumbnailUrl":"https:\/\/cronicasvinotinto.com\/wp-content\/uploads\/2023\/10\/gallese-jpg.webp","keywords":["Eliminatorias","mundial 2026","Per\u00fa","venezuela","vinotinto","Youtube"],"articleSection":["Eliminatorias","Medios","Rivales Vinotinto"],"inLanguage":"en-US","potentialAction":[{"@type":"CommentAction","name":"Comment","target":["https:\/\/cronicasvinotinto.com\/periodista-peruano-culpa-a-los-hinchas-del-posible-puerta-cerrada-en-el-peru-venezuela\/#respond"]}]},{"@type":"WebPage","@id":"https:\/\/cronicasvinotinto.com\/periodista-peruano-culpa-a-los-hinchas-del-posible-puerta-cerrada-en-el-peru-venezuela\/","url":"https:\/\/cronicasvinotinto.com\/periodista-peruano-culpa-a-los-hinchas-del-posible-puerta-cerrada-en-el-peru-venezuela\/","name":"Periodista peruano culpa a los hinchas del posible \"puerta cerrada\" en el Per\u00fa-Venezuela - Cr\u00f3nicas Vinotinto","isPartOf":{"@id":"https:\/\/cronicasvinotinto.com\/#website"},"primaryImageOfPage":{"@id":"https:\/\/cronicasvinotinto.com\/periodista-peruano-culpa-a-los-hinchas-del-posible-puerta-cerrada-en-el-peru-venezuela\/#primaryimage"},"image":{"@id":"https:\/\/cronicasvinotinto.com\/periodista-peruano-culpa-a-los-hinchas-del-posible-puerta-cerrada-en-el-peru-venezuela\/#primaryimage"},"thumbnailUrl":"https:\/\/cronicasvinotinto.com\/wp-content\/uploads\/2023\/10\/gallese-jpg.webp","datePublished":"2023-10-24T13:47:41+00:00","dateModified":"2023-10-24T13:48:05+00:00","breadcrumb":{"@id":"https:\/\/cronicasvinotinto.com\/periodista-peruano-culpa-a-los-hinchas-del-posible-puerta-cerrada-en-el-peru-venezuela\/#breadcrumb"},"inLanguage":"en-US","potentialAction":[{"@type":"ReadAction","target":["https:\/\/cronicasvinotinto.com\/periodista-peruano-culpa-a-los-hinchas-del-posible-puerta-cerrada-en-el-peru-venezuela\/"]}]},{"@type":"ImageObject","inLanguage":"en-US","@id":"https:\/\/cronicasvinotinto.com\/periodista-peruano-culpa-a-los-hinchas-del-posible-puerta-cerrada-en-el-peru-venezuela\/#primaryimage","url":"https:\/\/cronicasvinotinto.com\/wp-content\/uploads\/2023\/10\/gallese-jpg.webp","contentUrl":"https:\/\/cronicasvinotinto.com\/wp-content\/uploads\/2023\/10\/gallese-jpg.webp","width":800,"height":600,"caption":"Hincha que ingres\u00f3 en el Per\u00fa vs Argentina. Foto: Andina"},{"@type":"BreadcrumbList","@id":"https:\/\/cronicasvinotinto.com\/periodista-peruano-culpa-a-los-hinchas-del-posible-puerta-cerrada-en-el-peru-venezuela\/#breadcrumb","itemListElement":[{"@type":"ListItem","position":1,"name":"Portada","item":"https:\/\/cronicasvinotinto.com\/"},{"@type":"ListItem","position":2,"name":"Periodista peruano culpa a los hinchas del posible \u00abpuerta cerrada\u00bb en el Per\u00fa-Venezuela"}]},{"@type":"WebSite","@id":"https:\/\/cronicasvinotinto.com\/#website","url":"https:\/\/cronicasvinotinto.com\/","name":"Cr\u00f3nicas Vinotinto","description":"Noticias, historias, opini\u00f3n y pasi\u00f3n por la Vinotinto en su camino hacia el Mundial.","publisher":{"@id":"https:\/\/cronicasvinotinto.com\/#organization"},"potentialAction":[{"@type":"SearchAction","target":{"@type":"EntryPoint","urlTemplate":"https:\/\/cronicasvinotinto.com\/?s={search_term_string}"},"query-input":{"@type":"PropertyValueSpecification","valueRequired":true,"valueName":"search_term_string"}}],"inLanguage":"en-US"},{"@type":"Organization","@id":"https:\/\/cronicasvinotinto.com\/#organization","name":"Cr\u00f3nicas Vinotinto","url":"https:\/\/cronicasvinotinto.com\/","logo":{"@type":"ImageObject","inLanguage":"en-US","@id":"https:\/\/cronicasvinotinto.com\/#\/schema\/logo\/image\/","url":"https:\/\/cronicasvinotinto.com\/wp-content\/uploads\/2023\/09\/cronicasvinotinto_logo_dia-1.png","contentUrl":"https:\/\/cronicasvinotinto.com\/wp-content\/uploads\/2023\/09\/cronicasvinotinto_logo_dia-1.png","width":601,"height":197,"caption":"Cr\u00f3nicas Vinotinto"},"image":{"@id":"https:\/\/cronicasvinotinto.com\/#\/schema\/logo\/image\/"},"sameAs":["https:\/\/x.com\/cronicasvinotin"]},{"@type":"Person","@id":"https:\/\/cronicasvinotinto.com\/#\/schema\/person\/be2d07615170000c93d581a54dc532bc","name":"Iv\u00e1n Garc\u00eda Marrero","image":{"@type":"ImageObject","inLanguage":"en-US","@id":"https:\/\/cronicasvinotinto.com\/#\/schema\/person\/image\/23494c9101089ad44ae88ce9d2f56aac","url":"https:\/\/secure.gravatar.com\/avatar\/?s=96&d=mm&r=g","contentUrl":"https:\/\/secure.gravatar.com\/avatar\/?s=96&d=mm&r=g","caption":"Iv\u00e1n Garc\u00eda Marrero"},"url":"https:\/\/cronicasvinotinto.com\/en\/author\/igarcia\/"}]}},"authors":[{"term_id":289,"user_id":3,"is_guest":0,"slug":"igarcia","display_name":"Iv\u00e1n Garc\u00eda Marrero","avatar_url":"https:\/\/secure.gravatar.com\/avatar\/?s=96&d=mm&r=g","author_category":"","user_url":"","last_name":"Garc\u00eda Marrero","first_name":"Iv\u00e1n","job_title":"","description":""}],"_links":{"self":[{"href":"https:\/\/cronicasvinotinto.com\/en\/wp-json\/wp\/v2\/posts\/5664","targetHints":{"allow":["GET"]}}],"collection":[{"href":"https:\/\/cronicasvinotinto.com\/en\/wp-json\/wp\/v2\/posts"}],"about":[{"href":"https:\/\/cronicasvinotinto.com\/en\/wp-json\/wp\/v2\/types\/post"}],"author":[{"embeddable":true,"href":"https:\/\/cronicasvinotinto.com\/en\/wp-json\/wp\/v2\/users\/3"}],"replies":[{"embeddable":true,"href":"https:\/\/cronicasvinotinto.com\/en\/wp-json\/wp\/v2\/comments?post=5664"}],"version-history":[{"count":1,"href":"https:\/\/cronicasvinotinto.com\/en\/wp-json\/wp\/v2\/posts\/5664\/revisions"}],"predecessor-version":[{"id":5666,"href":"https:\/\/cronicasvinotinto.com\/en\/wp-json\/wp\/v2\/posts\/5664\/revisions\/5666"}],"wp:featuredmedia":[{"embeddable":true,"href":"https:\/\/cronicasvinotinto.com\/en\/wp-json\/wp\/v2\/media\/5665"}],"wp:attachment":[{"href":"https:\/\/cronicasvinotinto.com\/en\/wp-json\/wp\/v2\/media?parent=5664"}],"wp:term":[{"taxonomy":"category","embeddable":true,"href":"https:\/\/cronicasvinotinto.com\/en\/wp-json\/wp\/v2\/categories?post=5664"},{"taxonomy":"post_tag","embeddable":true,"href":"https:\/\/cronicasvinotinto.com\/en\/wp-json\/wp\/v2\/tags?post=5664"},{"taxonomy":"author","embeddable":true,"href":"https:\/\/cronicasvinotinto.com\/en\/wp-json\/wp\/v2\/ppma_author?post=5664"}],"curies":[{"name":"wp","href":"https:\/\/api.w.org\/{rel}","templated":true}]}}