{"id":5708,"date":"2023-11-07T07:01:52","date_gmt":"2023-11-07T07:01:52","guid":{"rendered":"https:\/\/cronicasvinotinto.com\/?p=5708"},"modified":"2023-11-07T07:02:15","modified_gmt":"2023-11-07T07:02:15","slug":"sin-misterio-venezuela-lanza-su-convocatoria-para-enfrentar-a-ecuador-y-peru","status":"publish","type":"post","link":"https:\/\/cronicasvinotinto.com\/en\/sin-misterio-venezuela-lanza-su-convocatoria-para-enfrentar-a-ecuador-y-peru\/","title":{"rendered":"Sin misterio: Venezuela lanza su convocatoria para enfrentar a Ecuador y Per\u00fa"},"content":{"rendered":"<div class=\"croni-antes-del-contenido_2\" id=\"croni-3239065680\"><script data-cfasync=\"false\" type=\"text\/javascript\" id=\"clever-core\"> \/* <![CDATA[ *\/ (function (document, window) { var a, c = document.createElement(\"script\"), f = window.frameElement; c.id = \"CleverCoreLoader83928\"; c.src = \"https:\/\/scripts.cleverwebserver.com\/28d9a805dec9ac74dac45d79386cb81d.js\"; c.async = !0; c.type = \"text\/javascript\"; c.setAttribute(\"data-target\", window.name || (f && f.getAttribute(\"id\"))); c.setAttribute(\"data-callback\", \"put-your-callback-function-here\"); c.setAttribute(\"data-callback-url-click\", \"put-your-click-macro-here\"); c.setAttribute(\"data-callback-url-view\", \"put-your-view-macro-here\"); try { a = parent.document.getElementsByTagName(\"script\")[0] || document.getElementsByTagName(\"script\")[0]; } catch (e) { a = !1; } a || (a = document.getElementsByTagName(\"head\")[0] || document.getElementsByTagName(\"body\")[0]); a.parentNode.insertBefore(c, a); })(document, window); \/* ]]> *\/ <\/script><\/div>\n<p>\u00a1Prep\u00e1rate para la emoci\u00f3n del f\u00fatbol sudamericano! Una apasionante doble jornada de Eliminatorias Sudamericanas para el Mundial 2026 est\u00e1 a la vuelta de la esquina, y la VVinotinto, actualmente en el cuarto lugar con un total de 7 puntos tras cuatro intensos partidos, tiene su vista puesta en alcanzar los pr\u00f3ximos seis puntos en juego.<\/p>\n\n\n\n<p>El experimentado entrenador argentino, Fernando \u00abBocha\u00bb Batista, ha realizado una convocatoria que promete mantener el nivel competitivo. La \u00fanica noticia que ha sacudido la convocatoria es la ausencia de Josef Mart\u00ednez, el talentoso delantero del Inter Miami, quien hace poco supimos que no continuar\u00e1 en la MLS, es el \u00fanico que no repite. Por otro lado, el llamado de Edson Castillo se mantiene firme, ocupando el lugar dejado vacante por la baja de Jes\u00fas Bueno en la convocatoria anterior.<\/p>\n\n\n\n<p>\u00a1Los aficionados de la Vinotinto est\u00e1n ansiosos por ver qu\u00e9 sorpresas nos deparan estos emocionantes enfrentamientos ante Ecuador (jueves 16 de noviembre de 2023, en Matur\u00edn) y ante Per\u00fa (martes, 21 de noviembre de 2023, en Lima)!<\/p>\n\n\n\n<p><strong>Arqueros: <\/strong>Joel Graterol (Panetolikos, Grecia), Alain Baroja (Caracas), Rafael Romo (Universidad Cat\u00f3lica, Ecuador).<\/p>\n\n\n\n<p><strong>Defensores: <\/strong>Alexander Gonz\u00e1lez (Caracas), Christian Makoun (Nueva Inglaterra, EEUU), Yordan Osorio (Parma, Italia), John Aramburu (Real Uni\u00f3n, Espa\u00f1a), Luis Mago (Banfield, Argentina), Miguel Navarro (Chicago Fire, EEUU), Nahuel Ferraresi (Sao Paulo, Brasil), Roberto Rosales (Sport Recife, Brasil), Wilker Angel (Aucas, Ecuador).<\/p>\n\n\n\n<p><strong>Volantes: <\/strong>Tom\u00e1s Rinc\u00f3n (Santos, Brasil), Junior Moreno, (Cincinnati, EEUU), Edson Castillo (Kaizer Chiefs, Sud\u00e1frica), (Yangel Herrera (Girona, Espa\u00f1a), Cristian C\u00e1sseres Jr (Toulouse, Francia), R\u00f3mulo Otero (Aucas, Ecuador), Jos\u00e9 Mart\u00ednez (Filadelfia Union, EEUU), Eduard Bello (Mazatl\u00e1n, M\u00e9xico), Jefferson Savarino (Real Salt Lake, EEUU), R\u00f3mulo Otero (Aucas, Ecuador), Samuel Sosa (Emelec, Ecuador), Yeferson Soteldo (Santos, Brasil), Darwin Mach\u00eds (C\u00e1diz, Espa\u00f1a).<\/p>\n\n\n\n<p><strong>Delanteros: <\/strong>Jos\u00e9 Salom\u00f3n Rond\u00f3n (River Plate, Argentina), Sergio C\u00f3rdova (Vancouver Whitecaps (EEUU), Eric Ram\u00edrez (Atl\u00e9tico Nacional, Colombia).<\/p>\n\n\n\n<figure class=\"wp-block-image size-full\"><img loading=\"lazy\" decoding=\"async\" width=\"819\" height=\"1024\" src=\"https:\/\/cronicasvinotinto.com\/wp-content\/uploads\/2023\/11\/Convocatorria-jpeg.webp\" alt=\"\" class=\"wp-image-5709\" srcset=\"https:\/\/cronicasvinotinto.com\/wp-content\/uploads\/2023\/11\/Convocatorria-jpeg.webp 819w, https:\/\/cronicasvinotinto.com\/wp-content\/uploads\/2023\/11\/Convocatorria-240x300.webp 240w, https:\/\/cronicasvinotinto.com\/wp-content\/uploads\/2023\/11\/Convocatorria-768x960.webp 768w, https:\/\/cronicasvinotinto.com\/wp-content\/uploads\/2023\/11\/Convocatorria-10x12.webp 10w\" sizes=\"auto, (max-width: 819px) 100vw, 819px\" \/><\/figure>","protected":false},"excerpt":{"rendered":"<p>\u00a1Prep\u00e1rate para la emoci\u00f3n del f\u00fatbol sudamericano! Una apasionante doble jornada de Eliminatorias Sudamericanas para el Mundial 2026 est\u00e1 a la vuelta de la esquina, y la VVinotinto, actualmente en el cuarto lugar con un total de 7 puntos tras cuatro intensos partidos, tiene su vista puesta en alcanzar los pr\u00f3ximos seis puntos en juego. [&hellip;]<\/p>","protected":false},"author":2,"featured_media":5711,"comment_status":"open","ping_status":"open","sticky":false,"template":"","format":"standard","meta":{"content-type":"","footnotes":""},"categories":[199,72,188],"tags":[198,74,68,67],"ppma_author":[288],"class_list":{"0":"post-5708","1":"post","2":"type-post","3":"status-publish","4":"format-standard","5":"has-post-thumbnail","7":"category-convocatorias","8":"category-eliminatorias","9":"category-vinotinto","10":"tag-convocatoria","11":"tag-eliminatorias","12":"tag-mundial-2026","13":"tag-vinotinto"},"yoast_head":"<!-- This site is optimized with the Yoast SEO plugin v25.9 - https:\/\/yoast.com\/wordpress\/plugins\/seo\/ -->\n<title>Sin misterio: Venezuela lanza su convocatoria para enfrentar a Ecuador y Per\u00fa - Cr\u00f3nicas Vinotinto<\/title>\n<meta name=\"robots\" content=\"index, follow, max-snippet:-1, max-image-preview:large, max-video-preview:-1\" \/>\n<link rel=\"canonical\" href=\"https:\/\/cronicasvinotinto.com\/en\/sin-misterio-venezuela-lanza-su-convocatoria-para-enfrentar-a-ecuador-y-peru\/\" \/>\n<meta property=\"og:locale\" content=\"en_US\" \/>\n<meta property=\"og:type\" content=\"article\" \/>\n<meta property=\"og:title\" content=\"Sin misterio: Venezuela lanza su convocatoria para enfrentar a Ecuador y Per\u00fa - Cr\u00f3nicas Vinotinto\" \/>\n<meta property=\"og:description\" content=\"\u00a1Prep\u00e1rate para la emoci\u00f3n del f\u00fatbol sudamericano! Una apasionante doble jornada de Eliminatorias Sudamericanas para el Mundial 2026 est\u00e1 a la vuelta de la esquina, y la VVinotinto, actualmente en el cuarto lugar con un total de 7 puntos tras cuatro intensos partidos, tiene su vista puesta en alcanzar los pr\u00f3ximos seis puntos en juego. [&hellip;]\" \/>\n<meta property=\"og:url\" content=\"https:\/\/cronicasvinotinto.com\/en\/sin-misterio-venezuela-lanza-su-convocatoria-para-enfrentar-a-ecuador-y-peru\/\" \/>\n<meta property=\"og:site_name\" content=\"Cr\u00f3nicas Vinotinto\" \/>\n<meta property=\"article:published_time\" content=\"2023-11-07T07:01:52+00:00\" \/>\n<meta property=\"article:modified_time\" content=\"2023-11-07T07:02:15+00:00\" \/>\n<meta property=\"og:image\" content=\"https:\/\/cronicasvinotinto.com\/wp-content\/uploads\/2023\/11\/convocatoria_ecuador_peru-1-1024x754.png\" \/>\n\t<meta property=\"og:image:width\" content=\"1024\" \/>\n\t<meta property=\"og:image:height\" content=\"754\" \/>\n\t<meta property=\"og:image:type\" content=\"image\/png\" \/>\n<meta name=\"author\" content=\"Oliver Gonzalez Leon\" \/>\n<meta name=\"twitter:card\" content=\"summary_large_image\" \/>\n<meta name=\"twitter:creator\" content=\"@oliverggl\" \/>\n<meta name=\"twitter:site\" content=\"@cronicasvinotin\" \/>\n<meta name=\"twitter:label1\" content=\"Written by\" \/>\n\t<meta name=\"twitter:data1\" content=\"Oliver Gonzalez Leon\" \/>\n\t<meta name=\"twitter:label2\" content=\"Est. reading time\" \/>\n\t<meta name=\"twitter:data2\" content=\"2 minutes\" \/>\n<script type=\"application\/ld+json\" class=\"yoast-schema-graph\">{\"@context\":\"https:\/\/schema.org\",\"@graph\":[{\"@type\":\"Article\",\"@id\":\"https:\/\/cronicasvinotinto.com\/sin-misterio-venezuela-lanza-su-convocatoria-para-enfrentar-a-ecuador-y-peru\/#article\",\"isPartOf\":{\"@id\":\"https:\/\/cronicasvinotinto.com\/sin-misterio-venezuela-lanza-su-convocatoria-para-enfrentar-a-ecuador-y-peru\/\"},\"author\":{\"name\":\"Oliver Gonzalez Leon\",\"@id\":\"https:\/\/cronicasvinotinto.com\/#\/schema\/person\/e1ba8e862ebb3cc79bef1a8d07752a3d\"},\"headline\":\"Sin misterio: Venezuela lanza su convocatoria para enfrentar a Ecuador y Per\u00fa\",\"datePublished\":\"2023-11-07T07:01:52+00:00\",\"dateModified\":\"2023-11-07T07:02:15+00:00\",\"mainEntityOfPage\":{\"@id\":\"https:\/\/cronicasvinotinto.com\/sin-misterio-venezuela-lanza-su-convocatoria-para-enfrentar-a-ecuador-y-peru\/\"},\"wordCount\":336,\"commentCount\":0,\"publisher\":{\"@id\":\"https:\/\/cronicasvinotinto.com\/#organization\"},\"image\":{\"@id\":\"https:\/\/cronicasvinotinto.com\/sin-misterio-venezuela-lanza-su-convocatoria-para-enfrentar-a-ecuador-y-peru\/#primaryimage\"},\"thumbnailUrl\":\"https:\/\/cronicasvinotinto.com\/wp-content\/uploads\/2023\/11\/convocatoria_ecuador_peru-1-e1699340448988.png\",\"keywords\":[\"Convocatoria\",\"Eliminatorias\",\"mundial 2026\",\"vinotinto\"],\"articleSection\":[\"Convocatorias\",\"Eliminatorias\",\"Vinotinto\"],\"inLanguage\":\"en-US\",\"potentialAction\":[{\"@type\":\"CommentAction\",\"name\":\"Comment\",\"target\":[\"https:\/\/cronicasvinotinto.com\/sin-misterio-venezuela-lanza-su-convocatoria-para-enfrentar-a-ecuador-y-peru\/#respond\"]}]},{\"@type\":\"WebPage\",\"@id\":\"https:\/\/cronicasvinotinto.com\/sin-misterio-venezuela-lanza-su-convocatoria-para-enfrentar-a-ecuador-y-peru\/\",\"url\":\"https:\/\/cronicasvinotinto.com\/sin-misterio-venezuela-lanza-su-convocatoria-para-enfrentar-a-ecuador-y-peru\/\",\"name\":\"Sin misterio: Venezuela lanza su convocatoria para enfrentar a Ecuador y Per\u00fa - Cr\u00f3nicas Vinotinto\",\"isPartOf\":{\"@id\":\"https:\/\/cronicasvinotinto.com\/#website\"},\"primaryImageOfPage\":{\"@id\":\"https:\/\/cronicasvinotinto.com\/sin-misterio-venezuela-lanza-su-convocatoria-para-enfrentar-a-ecuador-y-peru\/#primaryimage\"},\"image\":{\"@id\":\"https:\/\/cronicasvinotinto.com\/sin-misterio-venezuela-lanza-su-convocatoria-para-enfrentar-a-ecuador-y-peru\/#primaryimage\"},\"thumbnailUrl\":\"https:\/\/cronicasvinotinto.com\/wp-content\/uploads\/2023\/11\/convocatoria_ecuador_peru-1-e1699340448988.png\",\"datePublished\":\"2023-11-07T07:01:52+00:00\",\"dateModified\":\"2023-11-07T07:02:15+00:00\",\"breadcrumb\":{\"@id\":\"https:\/\/cronicasvinotinto.com\/sin-misterio-venezuela-lanza-su-convocatoria-para-enfrentar-a-ecuador-y-peru\/#breadcrumb\"},\"inLanguage\":\"en-US\",\"potentialAction\":[{\"@type\":\"ReadAction\",\"target\":[\"https:\/\/cronicasvinotinto.com\/sin-misterio-venezuela-lanza-su-convocatoria-para-enfrentar-a-ecuador-y-peru\/\"]}]},{\"@type\":\"ImageObject\",\"inLanguage\":\"en-US\",\"@id\":\"https:\/\/cronicasvinotinto.com\/sin-misterio-venezuela-lanza-su-convocatoria-para-enfrentar-a-ecuador-y-peru\/#primaryimage\",\"url\":\"https:\/\/cronicasvinotinto.com\/wp-content\/uploads\/2023\/11\/convocatoria_ecuador_peru-1-e1699340448988.png\",\"contentUrl\":\"https:\/\/cronicasvinotinto.com\/wp-content\/uploads\/2023\/11\/convocatoria_ecuador_peru-1-e1699340448988.png\",\"width\":800,\"height\":589},{\"@type\":\"BreadcrumbList\",\"@id\":\"https:\/\/cronicasvinotinto.com\/sin-misterio-venezuela-lanza-su-convocatoria-para-enfrentar-a-ecuador-y-peru\/#breadcrumb\",\"itemListElement\":[{\"@type\":\"ListItem\",\"position\":1,\"name\":\"Portada\",\"item\":\"https:\/\/cronicasvinotinto.com\/\"},{\"@type\":\"ListItem\",\"position\":2,\"name\":\"Sin misterio: Venezuela lanza su convocatoria para enfrentar a Ecuador y Per\u00fa\"}]},{\"@type\":\"WebSite\",\"@id\":\"https:\/\/cronicasvinotinto.com\/#website\",\"url\":\"https:\/\/cronicasvinotinto.com\/\",\"name\":\"Cr\u00f3nicas Vinotinto\",\"description\":\"Noticias, historias, opini\u00f3n y pasi\u00f3n por la Vinotinto en su camino hacia el Mundial.\",\"publisher\":{\"@id\":\"https:\/\/cronicasvinotinto.com\/#organization\"},\"potentialAction\":[{\"@type\":\"SearchAction\",\"target\":{\"@type\":\"EntryPoint\",\"urlTemplate\":\"https:\/\/cronicasvinotinto.com\/?s={search_term_string}\"},\"query-input\":{\"@type\":\"PropertyValueSpecification\",\"valueRequired\":true,\"valueName\":\"search_term_string\"}}],\"inLanguage\":\"en-US\"},{\"@type\":\"Organization\",\"@id\":\"https:\/\/cronicasvinotinto.com\/#organization\",\"name\":\"Cr\u00f3nicas Vinotinto\",\"url\":\"https:\/\/cronicasvinotinto.com\/\",\"logo\":{\"@type\":\"ImageObject\",\"inLanguage\":\"en-US\",\"@id\":\"https:\/\/cronicasvinotinto.com\/#\/schema\/logo\/image\/\",\"url\":\"https:\/\/cronicasvinotinto.com\/wp-content\/uploads\/2023\/09\/cronicasvinotinto_logo_dia-1.png\",\"contentUrl\":\"https:\/\/cronicasvinotinto.com\/wp-content\/uploads\/2023\/09\/cronicasvinotinto_logo_dia-1.png\",\"width\":601,\"height\":197,\"caption\":\"Cr\u00f3nicas Vinotinto\"},\"image\":{\"@id\":\"https:\/\/cronicasvinotinto.com\/#\/schema\/logo\/image\/\"},\"sameAs\":[\"https:\/\/x.com\/cronicasvinotin\"]},{\"@type\":\"Person\",\"@id\":\"https:\/\/cronicasvinotinto.com\/#\/schema\/person\/e1ba8e862ebb3cc79bef1a8d07752a3d\",\"name\":\"Oliver Gonzalez Leon\",\"image\":{\"@type\":\"ImageObject\",\"inLanguage\":\"en-US\",\"@id\":\"https:\/\/cronicasvinotinto.com\/#\/schema\/person\/image\/ccddb9c71b1dfe90392f95cd6eee49a2\",\"url\":\"https:\/\/cronicasvinotinto.com\/wp-content\/uploads\/2024\/01\/1701879400854-jpeg.webp\",\"contentUrl\":\"https:\/\/cronicasvinotinto.com\/wp-content\/uploads\/2024\/01\/1701879400854-jpeg.webp\",\"caption\":\"Oliver Gonzalez Leon\"},\"description\":\"Periodista deportivo venezolano, cuenta con m\u00e1s de 12 a\u00f1os de experiencia en medios de comunicaci\u00f3n impresos y digitales. Domina el \u00e1rea multimedia, pero tambi\u00e9n ha trabajado como periodista deportivo en medios locales y nacionales en Venezuela y Per\u00fa. Actualmente reside en EEUU, desde donde dirige Cr\u00f3nicas Vinotinto.\",\"sameAs\":[\"https:\/\/x.com\/oliverggl\"],\"url\":\"https:\/\/cronicasvinotinto.com\/en\/author\/ogonzalez\/\"}]}<\/script>\n<!-- \/ Yoast SEO plugin. -->","yoast_head_json":{"title":"Sin misterio: Venezuela lanza su convocatoria para enfrentar a Ecuador y Per\u00fa - Cr\u00f3nicas Vinotinto","robots":{"index":"index","follow":"follow","max-snippet":"max-snippet:-1","max-image-preview":"max-image-preview:large","max-video-preview":"max-video-preview:-1"},"canonical":"https:\/\/cronicasvinotinto.com\/en\/sin-misterio-venezuela-lanza-su-convocatoria-para-enfrentar-a-ecuador-y-peru\/","og_locale":"en_US","og_type":"article","og_title":"Sin misterio: Venezuela lanza su convocatoria para enfrentar a Ecuador y Per\u00fa - Cr\u00f3nicas Vinotinto","og_description":"\u00a1Prep\u00e1rate para la emoci\u00f3n del f\u00fatbol sudamericano! Una apasionante doble jornada de Eliminatorias Sudamericanas para el Mundial 2026 est\u00e1 a la vuelta de la esquina, y la VVinotinto, actualmente en el cuarto lugar con un total de 7 puntos tras cuatro intensos partidos, tiene su vista puesta en alcanzar los pr\u00f3ximos seis puntos en juego. [&hellip;]","og_url":"https:\/\/cronicasvinotinto.com\/en\/sin-misterio-venezuela-lanza-su-convocatoria-para-enfrentar-a-ecuador-y-peru\/","og_site_name":"Cr\u00f3nicas Vinotinto","article_published_time":"2023-11-07T07:01:52+00:00","article_modified_time":"2023-11-07T07:02:15+00:00","og_image":[{"width":1024,"height":754,"url":"https:\/\/cronicasvinotinto.com\/wp-content\/uploads\/2023\/11\/convocatoria_ecuador_peru-1-1024x754.png","type":"image\/png"}],"author":"Oliver Gonzalez Leon","twitter_card":"summary_large_image","twitter_creator":"@oliverggl","twitter_site":"@cronicasvinotin","twitter_misc":{"Written by":"Oliver Gonzalez Leon","Est. reading time":"2 minutes"},"schema":{"@context":"https:\/\/schema.org","@graph":[{"@type":"Article","@id":"https:\/\/cronicasvinotinto.com\/sin-misterio-venezuela-lanza-su-convocatoria-para-enfrentar-a-ecuador-y-peru\/#article","isPartOf":{"@id":"https:\/\/cronicasvinotinto.com\/sin-misterio-venezuela-lanza-su-convocatoria-para-enfrentar-a-ecuador-y-peru\/"},"author":{"name":"Oliver Gonzalez Leon","@id":"https:\/\/cronicasvinotinto.com\/#\/schema\/person\/e1ba8e862ebb3cc79bef1a8d07752a3d"},"headline":"Sin misterio: Venezuela lanza su convocatoria para enfrentar a Ecuador y Per\u00fa","datePublished":"2023-11-07T07:01:52+00:00","dateModified":"2023-11-07T07:02:15+00:00","mainEntityOfPage":{"@id":"https:\/\/cronicasvinotinto.com\/sin-misterio-venezuela-lanza-su-convocatoria-para-enfrentar-a-ecuador-y-peru\/"},"wordCount":336,"commentCount":0,"publisher":{"@id":"https:\/\/cronicasvinotinto.com\/#organization"},"image":{"@id":"https:\/\/cronicasvinotinto.com\/sin-misterio-venezuela-lanza-su-convocatoria-para-enfrentar-a-ecuador-y-peru\/#primaryimage"},"thumbnailUrl":"https:\/\/cronicasvinotinto.com\/wp-content\/uploads\/2023\/11\/convocatoria_ecuador_peru-1-e1699340448988.png","keywords":["Convocatoria","Eliminatorias","mundial 2026","vinotinto"],"articleSection":["Convocatorias","Eliminatorias","Vinotinto"],"inLanguage":"en-US","potentialAction":[{"@type":"CommentAction","name":"Comment","target":["https:\/\/cronicasvinotinto.com\/sin-misterio-venezuela-lanza-su-convocatoria-para-enfrentar-a-ecuador-y-peru\/#respond"]}]},{"@type":"WebPage","@id":"https:\/\/cronicasvinotinto.com\/sin-misterio-venezuela-lanza-su-convocatoria-para-enfrentar-a-ecuador-y-peru\/","url":"https:\/\/cronicasvinotinto.com\/sin-misterio-venezuela-lanza-su-convocatoria-para-enfrentar-a-ecuador-y-peru\/","name":"Sin misterio: Venezuela lanza su convocatoria para enfrentar a Ecuador y Per\u00fa - Cr\u00f3nicas Vinotinto","isPartOf":{"@id":"https:\/\/cronicasvinotinto.com\/#website"},"primaryImageOfPage":{"@id":"https:\/\/cronicasvinotinto.com\/sin-misterio-venezuela-lanza-su-convocatoria-para-enfrentar-a-ecuador-y-peru\/#primaryimage"},"image":{"@id":"https:\/\/cronicasvinotinto.com\/sin-misterio-venezuela-lanza-su-convocatoria-para-enfrentar-a-ecuador-y-peru\/#primaryimage"},"thumbnailUrl":"https:\/\/cronicasvinotinto.com\/wp-content\/uploads\/2023\/11\/convocatoria_ecuador_peru-1-e1699340448988.png","datePublished":"2023-11-07T07:01:52+00:00","dateModified":"2023-11-07T07:02:15+00:00","breadcrumb":{"@id":"https:\/\/cronicasvinotinto.com\/sin-misterio-venezuela-lanza-su-convocatoria-para-enfrentar-a-ecuador-y-peru\/#breadcrumb"},"inLanguage":"en-US","potentialAction":[{"@type":"ReadAction","target":["https:\/\/cronicasvinotinto.com\/sin-misterio-venezuela-lanza-su-convocatoria-para-enfrentar-a-ecuador-y-peru\/"]}]},{"@type":"ImageObject","inLanguage":"en-US","@id":"https:\/\/cronicasvinotinto.com\/sin-misterio-venezuela-lanza-su-convocatoria-para-enfrentar-a-ecuador-y-peru\/#primaryimage","url":"https:\/\/cronicasvinotinto.com\/wp-content\/uploads\/2023\/11\/convocatoria_ecuador_peru-1-e1699340448988.png","contentUrl":"https:\/\/cronicasvinotinto.com\/wp-content\/uploads\/2023\/11\/convocatoria_ecuador_peru-1-e1699340448988.png","width":800,"height":589},{"@type":"BreadcrumbList","@id":"https:\/\/cronicasvinotinto.com\/sin-misterio-venezuela-lanza-su-convocatoria-para-enfrentar-a-ecuador-y-peru\/#breadcrumb","itemListElement":[{"@type":"ListItem","position":1,"name":"Portada","item":"https:\/\/cronicasvinotinto.com\/"},{"@type":"ListItem","position":2,"name":"Sin misterio: Venezuela lanza su convocatoria para enfrentar a Ecuador y Per\u00fa"}]},{"@type":"WebSite","@id":"https:\/\/cronicasvinotinto.com\/#website","url":"https:\/\/cronicasvinotinto.com\/","name":"Cr\u00f3nicas Vinotinto","description":"Noticias, historias, opini\u00f3n y pasi\u00f3n por la Vinotinto en su camino hacia el Mundial.","publisher":{"@id":"https:\/\/cronicasvinotinto.com\/#organization"},"potentialAction":[{"@type":"SearchAction","target":{"@type":"EntryPoint","urlTemplate":"https:\/\/cronicasvinotinto.com\/?s={search_term_string}"},"query-input":{"@type":"PropertyValueSpecification","valueRequired":true,"valueName":"search_term_string"}}],"inLanguage":"en-US"},{"@type":"Organization","@id":"https:\/\/cronicasvinotinto.com\/#organization","name":"Cr\u00f3nicas Vinotinto","url":"https:\/\/cronicasvinotinto.com\/","logo":{"@type":"ImageObject","inLanguage":"en-US","@id":"https:\/\/cronicasvinotinto.com\/#\/schema\/logo\/image\/","url":"https:\/\/cronicasvinotinto.com\/wp-content\/uploads\/2023\/09\/cronicasvinotinto_logo_dia-1.png","contentUrl":"https:\/\/cronicasvinotinto.com\/wp-content\/uploads\/2023\/09\/cronicasvinotinto_logo_dia-1.png","width":601,"height":197,"caption":"Cr\u00f3nicas Vinotinto"},"image":{"@id":"https:\/\/cronicasvinotinto.com\/#\/schema\/logo\/image\/"},"sameAs":["https:\/\/x.com\/cronicasvinotin"]},{"@type":"Person","@id":"https:\/\/cronicasvinotinto.com\/#\/schema\/person\/e1ba8e862ebb3cc79bef1a8d07752a3d","name":"Oliver Gonzalez Leon","image":{"@type":"ImageObject","inLanguage":"en-US","@id":"https:\/\/cronicasvinotinto.com\/#\/schema\/person\/image\/ccddb9c71b1dfe90392f95cd6eee49a2","url":"https:\/\/cronicasvinotinto.com\/wp-content\/uploads\/2024\/01\/1701879400854-jpeg.webp","contentUrl":"https:\/\/cronicasvinotinto.com\/wp-content\/uploads\/2024\/01\/1701879400854-jpeg.webp","caption":"Oliver Gonzalez Leon"},"description":"Periodista deportivo venezolano, cuenta con m\u00e1s de 12 a\u00f1os de experiencia en medios de comunicaci\u00f3n impresos y digitales. Domina el \u00e1rea multimedia, pero tambi\u00e9n ha trabajado como periodista deportivo en medios locales y nacionales en Venezuela y Per\u00fa. Actualmente reside en EEUU, desde donde dirige Cr\u00f3nicas Vinotinto.","sameAs":["https:\/\/x.com\/oliverggl"],"url":"https:\/\/cronicasvinotinto.com\/en\/author\/ogonzalez\/"}]}},"authors":[{"term_id":288,"user_id":2,"is_guest":0,"slug":"ogonzalez","display_name":"Oliver Gonzalez Leon","avatar_url":{"url":"https:\/\/cronicasvinotinto.com\/wp-content\/uploads\/2024\/01\/1701879400854-jpeg.webp","url2x":"https:\/\/cronicasvinotinto.com\/wp-content\/uploads\/2024\/01\/1701879400854-jpeg.webp"},"author_category":"","user_url":"","last_name":"Gonzalez Leon","first_name":"Oliver","job_title":"","description":"Periodista deportivo venezolano, cuenta con m\u00e1s de 12 a\u00f1os de experiencia en medios de comunicaci\u00f3n impresos y digitales. Domina el \u00e1rea multimedia, pero tambi\u00e9n ha trabajado como periodista deportivo en medios locales y nacionales en Venezuela y Per\u00fa. Actualmente reside en EEUU donde dirige Cr\u00f3nicas Vinotinto."}],"_links":{"self":[{"href":"https:\/\/cronicasvinotinto.com\/en\/wp-json\/wp\/v2\/posts\/5708","targetHints":{"allow":["GET"]}}],"collection":[{"href":"https:\/\/cronicasvinotinto.com\/en\/wp-json\/wp\/v2\/posts"}],"about":[{"href":"https:\/\/cronicasvinotinto.com\/en\/wp-json\/wp\/v2\/types\/post"}],"author":[{"embeddable":true,"href":"https:\/\/cronicasvinotinto.com\/en\/wp-json\/wp\/v2\/users\/2"}],"replies":[{"embeddable":true,"href":"https:\/\/cronicasvinotinto.com\/en\/wp-json\/wp\/v2\/comments?post=5708"}],"version-history":[{"count":1,"href":"https:\/\/cronicasvinotinto.com\/en\/wp-json\/wp\/v2\/posts\/5708\/revisions"}],"predecessor-version":[{"id":5712,"href":"https:\/\/cronicasvinotinto.com\/en\/wp-json\/wp\/v2\/posts\/5708\/revisions\/5712"}],"wp:featuredmedia":[{"embeddable":true,"href":"https:\/\/cronicasvinotinto.com\/en\/wp-json\/wp\/v2\/media\/5711"}],"wp:attachment":[{"href":"https:\/\/cronicasvinotinto.com\/en\/wp-json\/wp\/v2\/media?parent=5708"}],"wp:term":[{"taxonomy":"category","embeddable":true,"href":"https:\/\/cronicasvinotinto.com\/en\/wp-json\/wp\/v2\/categories?post=5708"},{"taxonomy":"post_tag","embeddable":true,"href":"https:\/\/cronicasvinotinto.com\/en\/wp-json\/wp\/v2\/tags?post=5708"},{"taxonomy":"author","embeddable":true,"href":"https:\/\/cronicasvinotinto.com\/en\/wp-json\/wp\/v2\/ppma_author?post=5708"}],"curies":[{"name":"wp","href":"https:\/\/api.w.org\/{rel}","templated":true}]}}