{"id":5738,"date":"2023-11-15T03:09:22","date_gmt":"2023-11-15T03:09:22","guid":{"rendered":"https:\/\/cronicasvinotinto.com\/?p=5738"},"modified":"2023-11-15T03:25:00","modified_gmt":"2023-11-15T03:25:00","slug":"una-vinotinto-con-la-defensa-debilitada-recibe-a-ecuador","status":"publish","type":"post","link":"https:\/\/cronicasvinotinto.com\/en\/una-vinotinto-con-la-defensa-debilitada-recibe-a-ecuador\/","title":{"rendered":"Una Vinotinto con la defensa debilitada recibe a Ecuador"},"content":{"rendered":"<div class=\"croni-antes-del-contenido_2\" id=\"croni-3923087026\"><script data-cfasync=\"false\" type=\"text\/javascript\" id=\"clever-core\"> \/* <![CDATA[ *\/ (function (document, window) { var a, c = document.createElement(\"script\"), f = window.frameElement; c.id = \"CleverCoreLoader83928\"; c.src = \"https:\/\/scripts.cleverwebserver.com\/28d9a805dec9ac74dac45d79386cb81d.js\"; c.async = !0; c.type = \"text\/javascript\"; c.setAttribute(\"data-target\", window.name || (f && f.getAttribute(\"id\"))); c.setAttribute(\"data-callback\", \"put-your-callback-function-here\"); c.setAttribute(\"data-callback-url-click\", \"put-your-click-macro-here\"); c.setAttribute(\"data-callback-url-view\", \"put-your-view-macro-here\"); try { a = parent.document.getElementsByTagName(\"script\")[0] || document.getElementsByTagName(\"script\")[0]; } catch (e) { a = !1; } a || (a = document.getElementsByTagName(\"head\")[0] || document.getElementsByTagName(\"body\")[0]); a.parentNode.insertBefore(c, a); })(document, window); \/* ]]> *\/ <\/script><\/div>\n<p><em>El sistema defensivo de Venezuela presenta muy poco rodaje para tan importante duelo ante el \u201cTri\u201d.<\/em><\/p>\n\n\n\n<p>Desde el lunes 13 de noviembre la gran mayor\u00eda de legendarios de la Vinotinto se encuentran en el CNAR (Centro Nacional de Alto Rendimiento) ubicado en la isla de Margarita.<\/p>\n\n\n\n<p>Tras tres sesiones de entrenamiento, tomar\u00e1n vuelo a la ciudad de Matur\u00edn para comenzar el andar de la quinta y sexta jornada de las eliminatorias sudamericanas para el Mundial de 2026. Primero se las ver\u00e1n con Ecuador, el jueves 17 de noviembre y el venidero martes 21 cerrar\u00e1n el ciclo del 2023 visitando en Lima al seleccionado peruano.<\/p>\n\n\n\n<p>Tras analizar el presente de cada uno de los jugadores convocados para esta doble jornada eliminatoria, <strong>la defensa es, sin lugar a dudas, el sector como menos rodaje y en d\u00f3nde el seleccionador nacional<\/strong>, el argentino Fernando \u201cBocha\u201d Batista deber\u00e1 armar un rompecabezas para tener listo el bloque defensivo ante los ecuatorianos.<\/p>\n\n\n\n<h2 class=\"wp-block-heading\"><strong>Defensa sin rodaje<\/strong><\/h2>\n\n\n\n<p>De los nueve jugadores defensivos convocados, s\u00f3lo el veterano Roberto Rosales del Sport Recife brasile\u00f1o, llega con minutos en el \u00faltimo mes. El lateral fue titular en la \u00faltima fecha (10 de noviembre) y jug\u00f3 el partido completo, en el que su equipo empat\u00f3 sin goles con el Atl\u00e9tico\u00a0<strong><em>Goianiense<\/em><\/strong> del Brasilerao B.<\/p>\n\n\n\n<p>Del resto, jugadores como Jon Arambur\u00fa, Yordan Osorio, Nahuel Ferraresi, Wilker \u00c1ngel, Christian Makoun y Luis Mago no tuvieron actuaciones con sus respectivos equipos, donde incluso m\u00e1s de uno ni siquiera fue convocado para el banco de suplentes. Un tema que de seguro no ha dejado dormir al \u201cBocha\u201d Batista.<\/p>\n\n\n\n<h2 class=\"wp-block-heading\"><strong>Romo seguro<\/strong><\/h2>\n\n\n\n<p>La titularidad en el arco Vinotinto deber\u00e1 mantenerse con Rafa Romo. El portero de la Universidad Cat\u00f3lica de Ecuador viene de ser titular en la m\u00e1s reciente victoria de su equipo.<\/p>\n\n\n\n<p>Joel Graterol no ha tenido oportunidad en el Panetolikos griego y el banco de suplente pareciera ser su puesto fijo desde que abandon\u00f3 al Am\u00e9rica de Cali colombiano.<\/p>\n\n\n\n<p>De la Liga FutVe, el caraquista Alain Barajo no estuvo en el duelo ante el Deportivo T\u00e1chira por acumulaci\u00f3n de tarjetas y se perdi\u00f3 el partido.<\/p>\n\n\n\n<h2 class=\"wp-block-heading\"><strong>Solidez en el medio<\/strong><\/h2>\n\n\n\n<p>La zona de volantes es la que presenta el mayor rodaje de los Vinotintos en cada uno de sus equipos durante el \u00faltimo mes.<\/p>\n\n\n\n<p>La voz cantante la llevan <strong>Tom\u00e1s Rinc\u00f3n y Yangel Herrera<\/strong> en los llamados volantes de marca. Junior Moreno, Christian C\u00e1sseres, Samuel Sosa, Edson Castillo \u00a0y Jefferson Savarino son otros con el rotulado de titulares en sus clubes, con tiempo completo en cancha y hasta con gol, en el caso de Savarino.<\/p>\n\n\n\n<p>La gran duda era Yeferson Soteldo, quien por lesi\u00f3n sali\u00f3 sustituido pero pudo jugar completo en el Cl\u00e1sico Paulista ante el Sao Paulo sacando buenas notas en su resumen estad\u00edstico.<\/p>\n\n\n\n<p>Poca acci\u00f3n para Eduard Bello, R\u00f3mulo Otero y Darwin Mach\u00eds.<\/p>\n\n\n\n<h2 class=\"wp-block-heading\"><strong>Salom\u00f3n al frente<\/strong><\/h2>\n\n\n\n<p>Con el llamado de s\u00f3lo tres delanteros, el \u201cgladiador\u201d Salom\u00f3n Rond\u00f3n ser\u00e1 el \u00fanico delantero llamativo del equipo nacional. \u201cSalo\u201d viene de salir como titular en el River Plate, este 11 de noviembre, pero fue sustituido tras 66 minutos en cancha en la ca\u00edda de su equipo 3-1 ante Rosario Central, en partido por la fecha 13 de la segunda fase de la Liga Argentina.<\/p>\n\n\n\n<p>Los otros dos delanteros son <strong>Erick Ram\u00edrez<\/strong> quien fue sustituto en el Nacional de Medell\u00edn que cay\u00f3 0-1 en el arranque de los cuadrangulares colombianos ante el Millonarios de Bogot\u00e1. La <strong>\u201cPantera\u201d Sergio C\u00f3rdova<\/strong> jug\u00f3 de titular y completo, en la derrota de 0-3 de su equipo Alanyaspor ante el Gaziantep.<\/p>\n\n\n\n<h2 class=\"wp-block-heading\"><strong>Cuidado con las amarillas<\/strong><\/h2>\n\n\n\n<p>Hay varios jugadores de la Vinotinto que est\u00e1n apercibidos y de recibir una tarjeta \u201cp\u00e1lida\u201d ante el Ecuador, se perder\u00e1n de manera inmediata el choque ante Per\u00fa en Lima. Ellos son: Alexander Gonz\u00e1lez, Miguel Navarro, Samuel Sosa, Yangel Herrera, Tom\u00e1s Rinc\u00f3n y Jos\u00e9 Mart\u00ednez.<\/p>\n\n\n\n<p>As\u00ed fue el rendimiento personal de cada Vinotinto con sus equipos:<\/p>\n\n\n\n<h2 class=\"wp-block-heading\"><strong>Porteros:<\/strong>&nbsp;<\/h2>\n\n\n\n<ul class=\"wp-block-list\">\n<li><strong>Joel Graterol (Panetolikos-GRE)-<\/strong> Sin minutos \u2013 suplente en la derrota de su equipo ante el PAOK<\/li>\n<\/ul>\n\n\n\n<ul class=\"wp-block-list\">\n<li><strong>Alain Baroja (Caracas)-<\/strong> No convocado por aAcumulaci\u00f3n de tarjetas vs Deportivo T\u00e1chira.<\/li>\n<\/ul>\n\n\n\n<ul class=\"wp-block-list\">\n<li><strong>Rafael Romo (Universidad Cat\u00f3lica-ECU)<\/strong> 90 minutos, arco en cero, victoria de su equipo.<\/li>\n<\/ul>\n\n\n\n<h2 class=\"wp-block-heading\"><strong>Defensas:<\/strong>&nbsp;<\/h2>\n\n\n\n<ul class=\"wp-block-list\">\n<li><strong>Alexander Gonz\u00e1lez (Caracas)<\/strong>&#8211; Suplente ante el Deportivo T\u00e1chira, ingres\u00f3 en el minuto 80. Su t\u00e9cnico, Leonardo Gonzalez dijo que lo estaba cuidando para los partidos de la Vinotinto.<\/li>\n<\/ul>\n\n\n\n<ul class=\"wp-block-list\">\n<li><strong>Jon Aranburu (Real Sociedad-ESP)<\/strong>&#8211; Suplente sin minutos.<\/li>\n<\/ul>\n\n\n\n<ul class=\"wp-block-list\">\n<li><strong>Yordan Osorio (Parma Calcio-ITA)<\/strong>&#8211; Dos partidos seguidos sin convocatoria<\/li>\n<\/ul>\n\n\n\n<ul class=\"wp-block-list\">\n<li><strong>Nahuel Ferraresi, (S\u00e3o Paulo-BRA)<\/strong>&#8211; Convocado ante Santos, sin minutos.<\/li>\n<\/ul>\n\n\n\n<ul class=\"wp-block-list\">\n<li><strong>Wilker \u00c1ngel (Aucas-ECU)<\/strong> Sin convocatoria.<\/li>\n<\/ul>\n\n\n\n<ul class=\"wp-block-list\">\n<li><strong>Christian Makoun (New England Revolution-USA)<\/strong>&#8211; No convocado.<\/li>\n<\/ul>\n\n\n\n<ul class=\"wp-block-list\">\n<li><strong>Luis Mago (Banfield-ARG)<\/strong> \u2013 No convocado.<\/li>\n<\/ul>\n\n\n\n<ul class=\"wp-block-list\">\n<li><strong>Miguel Navarro (Chicago Fire-USA)<\/strong>&#8211; Vacaciones. El \u00faltimo partido de su equipo fue el 21-10 y \u00e9l entr\u00f3 como suplente en el minuto 84.<\/li>\n<\/ul>\n\n\n\n<ul class=\"wp-block-list\">\n<li><strong>Roberto Rosales (Sport Recife-BRA)-<\/strong> Titular, disput\u00f3 los 90 minutos en el empate sin goles ante el Atl\u00e9tico Goainse del Brasilerao B.<\/li>\n<\/ul>\n\n\n\n<h2 class=\"wp-block-heading\"><strong>Mediocampistas:<\/strong>&nbsp;<\/h2>\n\n\n\n<ul class=\"wp-block-list\">\n<li><strong>Tom\u00e1s Rinc\u00f3n (Santos-Brasil) <\/strong>Titular, 90 minutos en empate ante Sao Paulo.<\/li>\n<\/ul>\n\n\n\n<ul class=\"wp-block-list\">\n<li><strong>Jos\u00e9 Mart\u00ednez (Philadelphia Union-USA)-<\/strong> Titular, disput\u00f3 68 minutos en la victoria de su equipo 0-1 sobre el New England Revolution.<\/li>\n<\/ul>\n\n\n\n<ul class=\"wp-block-list\">\n<li><strong>Junior Moreno (Cincinnati-USA)-<\/strong> Titular, disput\u00f3 los 90 minutos ante el New York Red Bull- empate a uno y ganaron 7-8 en penales.<\/li>\n<\/ul>\n\n\n\n<ul class=\"wp-block-list\">\n<li><strong>Yangel Herrera (Girona-ESP)-<\/strong> 90\u00b4en triunfo ante el Rayo Vallecano.<\/li>\n<\/ul>\n\n\n\n<ul class=\"wp-block-list\">\n<li><strong>Cristian C\u00e1sseres Jr (Toulouse-FRA)<\/strong> 90\u00b4en la Europa League en Victoria ante el Liverpool y sustituido en el 63\u00b4en empate en la Ligue1.<\/li>\n<\/ul>\n\n\n\n<ul class=\"wp-block-list\">\n<li><strong>Edson Castillo (Kaizer Chiefs-SA)-<\/strong> Titular, disput\u00f3 los 90 minutos en la derrota de su equipo 0-1 ante el Orlando Pirates.<\/li>\n<\/ul>\n\n\n\n<ul class=\"wp-block-list\">\n<li><strong>Jefferson Savarino (Realt Salt Lake-USA)-<\/strong> 90\u00b4con gol en derrota ante el Dynamo Houston.<\/li>\n<\/ul>\n\n\n\n<ul class=\"wp-block-list\">\n<li><strong>Samuel Sosa (Emelec-ECU)-<\/strong> Titular, jug\u00f3 86 minutos en el empate sin goles ante Barcelona.<\/li>\n<\/ul>\n\n\n\n<ul class=\"wp-block-list\">\n<li><strong>R\u00f3mulo Otero (Aucas-ECU)-<\/strong> Suplente, entr\u00f3 en el minuto 77 en victoria de su equipo.<\/li>\n<\/ul>\n\n\n\n<ul class=\"wp-block-list\">\n<li><strong>Eduard Bello (Mazatl\u00e1n-MEX)-<\/strong> Sin minutos \u2013 Vacaciones, su equipo no clasific\u00f3 a la postemporada en M\u00e9xico.<\/li>\n<\/ul>\n\n\n\n<ul class=\"wp-block-list\">\n<li><strong>Yeferson Soteldo (Santos-BRA) <\/strong>Titular, 90 minutos en empate ante Sao Paulo.<\/li>\n<\/ul>\n\n\n\n<ul class=\"wp-block-list\">\n<li><strong>Darwin Mach\u00eds (C\u00e1diz-ESP).<\/strong>&#8211; Su equipo no disput\u00f3 la pasada jornada de LaLiga EA Sports.<\/li>\n<\/ul>\n\n\n\n<h2 class=\"wp-block-heading\"><strong>Delanteros:<\/strong><\/h2>\n\n\n\n<ul class=\"wp-block-list\">\n<li><strong>Salom\u00f3n Rond\u00f3n (River Plate-ARG)-<\/strong> Titular, disput\u00f3 62 minutos en la derrota de su equipo ante Rosario Central.<\/li>\n<\/ul>\n\n\n\n<ul class=\"wp-block-list\">\n<li><strong>Eric Ram\u00edrez (Atl\u00e9tico Nacional-COL)-<\/strong> Sustituto, ingres\u00f3 en el minuto 75 minutos en derrota de su equipo ante Millonarios.<\/li>\n<\/ul>\n\n\n\n<ul class=\"wp-block-list\">\n<li><strong>Sergio C\u00f3rdova (Alanyaspor-TUR). <\/strong>\u2013 Titular, disput\u00f3 los 90 minutos en la ca\u00edda de su equipo 0-3 ante el Gaziantep. @igarcia100<\/li>\n<\/ul>","protected":false},"excerpt":{"rendered":"<p>El sistema defensivo de Venezuela presenta muy poco rodaje para tan importante duelo ante el \u201cTri\u201d. Desde el lunes 13 de noviembre la gran mayor\u00eda de legendarios de la Vinotinto se encuentran en el CNAR (Centro Nacional de Alto Rendimiento) ubicado en la isla de Margarita. Tras tres sesiones de entrenamiento, tomar\u00e1n vuelo a la [&hellip;]<\/p>","protected":false},"author":3,"featured_media":5744,"comment_status":"open","ping_status":"open","sticky":false,"template":"","format":"standard","meta":{"content-type":"","footnotes":""},"categories":[1,72,188],"tags":[241,240,74,68,80,69,67],"ppma_author":[289],"class_list":{"0":"post-5738","1":"post","2":"type-post","3":"status-publish","4":"format-standard","5":"has-post-thumbnail","7":"category-cronicas","8":"category-eliminatorias","9":"category-vinotinto","10":"tag-actualidad","11":"tag-ecuador","12":"tag-eliminatorias","13":"tag-mundial-2026","14":"tag-previa","15":"tag-venezuela","16":"tag-vinotinto"},"yoast_head":"<!-- This site is optimized with the Yoast SEO plugin v25.9 - https:\/\/yoast.com\/wordpress\/plugins\/seo\/ -->\n<title>Una Vinotinto con la defensa debilitada recibe a Ecuador - Cr\u00f3nicas Vinotinto<\/title>\n<meta name=\"robots\" content=\"index, follow, max-snippet:-1, max-image-preview:large, max-video-preview:-1\" \/>\n<link rel=\"canonical\" href=\"https:\/\/cronicasvinotinto.com\/en\/una-vinotinto-con-la-defensa-debilitada-recibe-a-ecuador\/\" \/>\n<meta property=\"og:locale\" content=\"en_US\" \/>\n<meta property=\"og:type\" content=\"article\" \/>\n<meta property=\"og:title\" content=\"Una Vinotinto con la defensa debilitada recibe a Ecuador - Cr\u00f3nicas Vinotinto\" \/>\n<meta property=\"og:description\" content=\"El sistema defensivo de Venezuela presenta muy poco rodaje para tan importante duelo ante el \u201cTri\u201d. Desde el lunes 13 de noviembre la gran mayor\u00eda de legendarios de la Vinotinto se encuentran en el CNAR (Centro Nacional de Alto Rendimiento) ubicado en la isla de Margarita. Tras tres sesiones de entrenamiento, tomar\u00e1n vuelo a la [&hellip;]\" \/>\n<meta property=\"og:url\" content=\"https:\/\/cronicasvinotinto.com\/en\/una-vinotinto-con-la-defensa-debilitada-recibe-a-ecuador\/\" \/>\n<meta property=\"og:site_name\" content=\"Cr\u00f3nicas Vinotinto\" \/>\n<meta property=\"article:published_time\" content=\"2023-11-15T03:09:22+00:00\" \/>\n<meta property=\"article:modified_time\" content=\"2023-11-15T03:25:00+00:00\" \/>\n<meta property=\"og:image\" content=\"https:\/\/cronicasvinotinto.com\/wp-content\/uploads\/2023\/11\/wilker-1-1024x679.png\" \/>\n\t<meta property=\"og:image:width\" content=\"1024\" \/>\n\t<meta property=\"og:image:height\" content=\"679\" \/>\n\t<meta property=\"og:image:type\" content=\"image\/png\" \/>\n<meta name=\"author\" content=\"Iv\u00e1n Garc\u00eda Marrero\" \/>\n<meta name=\"twitter:card\" content=\"summary_large_image\" \/>\n<meta name=\"twitter:creator\" content=\"@cronicasvinotin\" \/>\n<meta name=\"twitter:site\" content=\"@cronicasvinotin\" \/>\n<meta name=\"twitter:label1\" content=\"Written by\" \/>\n\t<meta name=\"twitter:data1\" content=\"Iv\u00e1n Garc\u00eda Marrero\" \/>\n\t<meta name=\"twitter:label2\" content=\"Est. reading time\" \/>\n\t<meta name=\"twitter:data2\" content=\"6 minutes\" \/>\n<script type=\"application\/ld+json\" class=\"yoast-schema-graph\">{\"@context\":\"https:\/\/schema.org\",\"@graph\":[{\"@type\":\"Article\",\"@id\":\"https:\/\/cronicasvinotinto.com\/una-vinotinto-con-la-defensa-debilitada-recibe-a-ecuador\/#article\",\"isPartOf\":{\"@id\":\"https:\/\/cronicasvinotinto.com\/una-vinotinto-con-la-defensa-debilitada-recibe-a-ecuador\/\"},\"author\":{\"name\":\"Iv\u00e1n Garc\u00eda Marrero\",\"@id\":\"https:\/\/cronicasvinotinto.com\/#\/schema\/person\/be2d07615170000c93d581a54dc532bc\"},\"headline\":\"Una Vinotinto con la defensa debilitada recibe a Ecuador\",\"datePublished\":\"2023-11-15T03:09:22+00:00\",\"dateModified\":\"2023-11-15T03:25:00+00:00\",\"mainEntityOfPage\":{\"@id\":\"https:\/\/cronicasvinotinto.com\/una-vinotinto-con-la-defensa-debilitada-recibe-a-ecuador\/\"},\"wordCount\":1114,\"commentCount\":0,\"publisher\":{\"@id\":\"https:\/\/cronicasvinotinto.com\/#organization\"},\"image\":{\"@id\":\"https:\/\/cronicasvinotinto.com\/una-vinotinto-con-la-defensa-debilitada-recibe-a-ecuador\/#primaryimage\"},\"thumbnailUrl\":\"https:\/\/cronicasvinotinto.com\/wp-content\/uploads\/2023\/11\/wilker-1.png\",\"keywords\":[\"Actualidad\",\"Ecuador\",\"Eliminatorias\",\"mundial 2026\",\"previa\",\"venezuela\",\"vinotinto\"],\"articleSection\":[\"Cr\u00f3nicas\",\"Eliminatorias\",\"Vinotinto\"],\"inLanguage\":\"en-US\",\"potentialAction\":[{\"@type\":\"CommentAction\",\"name\":\"Comment\",\"target\":[\"https:\/\/cronicasvinotinto.com\/una-vinotinto-con-la-defensa-debilitada-recibe-a-ecuador\/#respond\"]}]},{\"@type\":\"WebPage\",\"@id\":\"https:\/\/cronicasvinotinto.com\/una-vinotinto-con-la-defensa-debilitada-recibe-a-ecuador\/\",\"url\":\"https:\/\/cronicasvinotinto.com\/una-vinotinto-con-la-defensa-debilitada-recibe-a-ecuador\/\",\"name\":\"Una Vinotinto con la defensa debilitada recibe a Ecuador - Cr\u00f3nicas Vinotinto\",\"isPartOf\":{\"@id\":\"https:\/\/cronicasvinotinto.com\/#website\"},\"primaryImageOfPage\":{\"@id\":\"https:\/\/cronicasvinotinto.com\/una-vinotinto-con-la-defensa-debilitada-recibe-a-ecuador\/#primaryimage\"},\"image\":{\"@id\":\"https:\/\/cronicasvinotinto.com\/una-vinotinto-con-la-defensa-debilitada-recibe-a-ecuador\/#primaryimage\"},\"thumbnailUrl\":\"https:\/\/cronicasvinotinto.com\/wp-content\/uploads\/2023\/11\/wilker-1.png\",\"datePublished\":\"2023-11-15T03:09:22+00:00\",\"dateModified\":\"2023-11-15T03:25:00+00:00\",\"breadcrumb\":{\"@id\":\"https:\/\/cronicasvinotinto.com\/una-vinotinto-con-la-defensa-debilitada-recibe-a-ecuador\/#breadcrumb\"},\"inLanguage\":\"en-US\",\"potentialAction\":[{\"@type\":\"ReadAction\",\"target\":[\"https:\/\/cronicasvinotinto.com\/una-vinotinto-con-la-defensa-debilitada-recibe-a-ecuador\/\"]}]},{\"@type\":\"ImageObject\",\"inLanguage\":\"en-US\",\"@id\":\"https:\/\/cronicasvinotinto.com\/una-vinotinto-con-la-defensa-debilitada-recibe-a-ecuador\/#primaryimage\",\"url\":\"https:\/\/cronicasvinotinto.com\/wp-content\/uploads\/2023\/11\/wilker-1.png\",\"contentUrl\":\"https:\/\/cronicasvinotinto.com\/wp-content\/uploads\/2023\/11\/wilker-1.png\",\"width\":2038,\"height\":1352,\"caption\":\"Wuilker Angel no ha jugado en su club, Aucas (Ecuador) en los \u00faltimos cuatro partidos. FOTO DANIEL QUIJADA \/ CRONICAS VINOTINTO\"},{\"@type\":\"BreadcrumbList\",\"@id\":\"https:\/\/cronicasvinotinto.com\/una-vinotinto-con-la-defensa-debilitada-recibe-a-ecuador\/#breadcrumb\",\"itemListElement\":[{\"@type\":\"ListItem\",\"position\":1,\"name\":\"Portada\",\"item\":\"https:\/\/cronicasvinotinto.com\/\"},{\"@type\":\"ListItem\",\"position\":2,\"name\":\"Una Vinotinto con la defensa debilitada recibe a Ecuador\"}]},{\"@type\":\"WebSite\",\"@id\":\"https:\/\/cronicasvinotinto.com\/#website\",\"url\":\"https:\/\/cronicasvinotinto.com\/\",\"name\":\"Cr\u00f3nicas Vinotinto\",\"description\":\"Noticias, historias, opini\u00f3n y pasi\u00f3n por la Vinotinto en su camino hacia el Mundial.\",\"publisher\":{\"@id\":\"https:\/\/cronicasvinotinto.com\/#organization\"},\"potentialAction\":[{\"@type\":\"SearchAction\",\"target\":{\"@type\":\"EntryPoint\",\"urlTemplate\":\"https:\/\/cronicasvinotinto.com\/?s={search_term_string}\"},\"query-input\":{\"@type\":\"PropertyValueSpecification\",\"valueRequired\":true,\"valueName\":\"search_term_string\"}}],\"inLanguage\":\"en-US\"},{\"@type\":\"Organization\",\"@id\":\"https:\/\/cronicasvinotinto.com\/#organization\",\"name\":\"Cr\u00f3nicas Vinotinto\",\"url\":\"https:\/\/cronicasvinotinto.com\/\",\"logo\":{\"@type\":\"ImageObject\",\"inLanguage\":\"en-US\",\"@id\":\"https:\/\/cronicasvinotinto.com\/#\/schema\/logo\/image\/\",\"url\":\"https:\/\/cronicasvinotinto.com\/wp-content\/uploads\/2023\/09\/cronicasvinotinto_logo_dia-1.png\",\"contentUrl\":\"https:\/\/cronicasvinotinto.com\/wp-content\/uploads\/2023\/09\/cronicasvinotinto_logo_dia-1.png\",\"width\":601,\"height\":197,\"caption\":\"Cr\u00f3nicas Vinotinto\"},\"image\":{\"@id\":\"https:\/\/cronicasvinotinto.com\/#\/schema\/logo\/image\/\"},\"sameAs\":[\"https:\/\/x.com\/cronicasvinotin\"]},{\"@type\":\"Person\",\"@id\":\"https:\/\/cronicasvinotinto.com\/#\/schema\/person\/be2d07615170000c93d581a54dc532bc\",\"name\":\"Iv\u00e1n Garc\u00eda Marrero\",\"image\":{\"@type\":\"ImageObject\",\"inLanguage\":\"en-US\",\"@id\":\"https:\/\/cronicasvinotinto.com\/#\/schema\/person\/image\/23494c9101089ad44ae88ce9d2f56aac\",\"url\":\"https:\/\/secure.gravatar.com\/avatar\/?s=96&d=mm&r=g\",\"contentUrl\":\"https:\/\/secure.gravatar.com\/avatar\/?s=96&d=mm&r=g\",\"caption\":\"Iv\u00e1n Garc\u00eda Marrero\"},\"url\":\"https:\/\/cronicasvinotinto.com\/en\/author\/igarcia\/\"}]}<\/script>\n<!-- \/ Yoast SEO plugin. -->","yoast_head_json":{"title":"Una Vinotinto con la defensa debilitada recibe a Ecuador - Cr\u00f3nicas Vinotinto","robots":{"index":"index","follow":"follow","max-snippet":"max-snippet:-1","max-image-preview":"max-image-preview:large","max-video-preview":"max-video-preview:-1"},"canonical":"https:\/\/cronicasvinotinto.com\/en\/una-vinotinto-con-la-defensa-debilitada-recibe-a-ecuador\/","og_locale":"en_US","og_type":"article","og_title":"Una Vinotinto con la defensa debilitada recibe a Ecuador - Cr\u00f3nicas Vinotinto","og_description":"El sistema defensivo de Venezuela presenta muy poco rodaje para tan importante duelo ante el \u201cTri\u201d. Desde el lunes 13 de noviembre la gran mayor\u00eda de legendarios de la Vinotinto se encuentran en el CNAR (Centro Nacional de Alto Rendimiento) ubicado en la isla de Margarita. Tras tres sesiones de entrenamiento, tomar\u00e1n vuelo a la [&hellip;]","og_url":"https:\/\/cronicasvinotinto.com\/en\/una-vinotinto-con-la-defensa-debilitada-recibe-a-ecuador\/","og_site_name":"Cr\u00f3nicas Vinotinto","article_published_time":"2023-11-15T03:09:22+00:00","article_modified_time":"2023-11-15T03:25:00+00:00","og_image":[{"width":1024,"height":679,"url":"https:\/\/cronicasvinotinto.com\/wp-content\/uploads\/2023\/11\/wilker-1-1024x679.png","type":"image\/png"}],"author":"Iv\u00e1n Garc\u00eda Marrero","twitter_card":"summary_large_image","twitter_creator":"@cronicasvinotin","twitter_site":"@cronicasvinotin","twitter_misc":{"Written by":"Iv\u00e1n Garc\u00eda Marrero","Est. reading time":"6 minutes"},"schema":{"@context":"https:\/\/schema.org","@graph":[{"@type":"Article","@id":"https:\/\/cronicasvinotinto.com\/una-vinotinto-con-la-defensa-debilitada-recibe-a-ecuador\/#article","isPartOf":{"@id":"https:\/\/cronicasvinotinto.com\/una-vinotinto-con-la-defensa-debilitada-recibe-a-ecuador\/"},"author":{"name":"Iv\u00e1n Garc\u00eda Marrero","@id":"https:\/\/cronicasvinotinto.com\/#\/schema\/person\/be2d07615170000c93d581a54dc532bc"},"headline":"Una Vinotinto con la defensa debilitada recibe a Ecuador","datePublished":"2023-11-15T03:09:22+00:00","dateModified":"2023-11-15T03:25:00+00:00","mainEntityOfPage":{"@id":"https:\/\/cronicasvinotinto.com\/una-vinotinto-con-la-defensa-debilitada-recibe-a-ecuador\/"},"wordCount":1114,"commentCount":0,"publisher":{"@id":"https:\/\/cronicasvinotinto.com\/#organization"},"image":{"@id":"https:\/\/cronicasvinotinto.com\/una-vinotinto-con-la-defensa-debilitada-recibe-a-ecuador\/#primaryimage"},"thumbnailUrl":"https:\/\/cronicasvinotinto.com\/wp-content\/uploads\/2023\/11\/wilker-1.png","keywords":["Actualidad","Ecuador","Eliminatorias","mundial 2026","previa","venezuela","vinotinto"],"articleSection":["Cr\u00f3nicas","Eliminatorias","Vinotinto"],"inLanguage":"en-US","potentialAction":[{"@type":"CommentAction","name":"Comment","target":["https:\/\/cronicasvinotinto.com\/una-vinotinto-con-la-defensa-debilitada-recibe-a-ecuador\/#respond"]}]},{"@type":"WebPage","@id":"https:\/\/cronicasvinotinto.com\/una-vinotinto-con-la-defensa-debilitada-recibe-a-ecuador\/","url":"https:\/\/cronicasvinotinto.com\/una-vinotinto-con-la-defensa-debilitada-recibe-a-ecuador\/","name":"Una Vinotinto con la defensa debilitada recibe a Ecuador - Cr\u00f3nicas Vinotinto","isPartOf":{"@id":"https:\/\/cronicasvinotinto.com\/#website"},"primaryImageOfPage":{"@id":"https:\/\/cronicasvinotinto.com\/una-vinotinto-con-la-defensa-debilitada-recibe-a-ecuador\/#primaryimage"},"image":{"@id":"https:\/\/cronicasvinotinto.com\/una-vinotinto-con-la-defensa-debilitada-recibe-a-ecuador\/#primaryimage"},"thumbnailUrl":"https:\/\/cronicasvinotinto.com\/wp-content\/uploads\/2023\/11\/wilker-1.png","datePublished":"2023-11-15T03:09:22+00:00","dateModified":"2023-11-15T03:25:00+00:00","breadcrumb":{"@id":"https:\/\/cronicasvinotinto.com\/una-vinotinto-con-la-defensa-debilitada-recibe-a-ecuador\/#breadcrumb"},"inLanguage":"en-US","potentialAction":[{"@type":"ReadAction","target":["https:\/\/cronicasvinotinto.com\/una-vinotinto-con-la-defensa-debilitada-recibe-a-ecuador\/"]}]},{"@type":"ImageObject","inLanguage":"en-US","@id":"https:\/\/cronicasvinotinto.com\/una-vinotinto-con-la-defensa-debilitada-recibe-a-ecuador\/#primaryimage","url":"https:\/\/cronicasvinotinto.com\/wp-content\/uploads\/2023\/11\/wilker-1.png","contentUrl":"https:\/\/cronicasvinotinto.com\/wp-content\/uploads\/2023\/11\/wilker-1.png","width":2038,"height":1352,"caption":"Wuilker Angel no ha jugado en su club, Aucas (Ecuador) en los \u00faltimos cuatro partidos. FOTO DANIEL QUIJADA \/ CRONICAS VINOTINTO"},{"@type":"BreadcrumbList","@id":"https:\/\/cronicasvinotinto.com\/una-vinotinto-con-la-defensa-debilitada-recibe-a-ecuador\/#breadcrumb","itemListElement":[{"@type":"ListItem","position":1,"name":"Portada","item":"https:\/\/cronicasvinotinto.com\/"},{"@type":"ListItem","position":2,"name":"Una Vinotinto con la defensa debilitada recibe a Ecuador"}]},{"@type":"WebSite","@id":"https:\/\/cronicasvinotinto.com\/#website","url":"https:\/\/cronicasvinotinto.com\/","name":"Cr\u00f3nicas Vinotinto","description":"Noticias, historias, opini\u00f3n y pasi\u00f3n por la Vinotinto en su camino hacia el Mundial.","publisher":{"@id":"https:\/\/cronicasvinotinto.com\/#organization"},"potentialAction":[{"@type":"SearchAction","target":{"@type":"EntryPoint","urlTemplate":"https:\/\/cronicasvinotinto.com\/?s={search_term_string}"},"query-input":{"@type":"PropertyValueSpecification","valueRequired":true,"valueName":"search_term_string"}}],"inLanguage":"en-US"},{"@type":"Organization","@id":"https:\/\/cronicasvinotinto.com\/#organization","name":"Cr\u00f3nicas Vinotinto","url":"https:\/\/cronicasvinotinto.com\/","logo":{"@type":"ImageObject","inLanguage":"en-US","@id":"https:\/\/cronicasvinotinto.com\/#\/schema\/logo\/image\/","url":"https:\/\/cronicasvinotinto.com\/wp-content\/uploads\/2023\/09\/cronicasvinotinto_logo_dia-1.png","contentUrl":"https:\/\/cronicasvinotinto.com\/wp-content\/uploads\/2023\/09\/cronicasvinotinto_logo_dia-1.png","width":601,"height":197,"caption":"Cr\u00f3nicas Vinotinto"},"image":{"@id":"https:\/\/cronicasvinotinto.com\/#\/schema\/logo\/image\/"},"sameAs":["https:\/\/x.com\/cronicasvinotin"]},{"@type":"Person","@id":"https:\/\/cronicasvinotinto.com\/#\/schema\/person\/be2d07615170000c93d581a54dc532bc","name":"Iv\u00e1n Garc\u00eda Marrero","image":{"@type":"ImageObject","inLanguage":"en-US","@id":"https:\/\/cronicasvinotinto.com\/#\/schema\/person\/image\/23494c9101089ad44ae88ce9d2f56aac","url":"https:\/\/secure.gravatar.com\/avatar\/?s=96&d=mm&r=g","contentUrl":"https:\/\/secure.gravatar.com\/avatar\/?s=96&d=mm&r=g","caption":"Iv\u00e1n Garc\u00eda Marrero"},"url":"https:\/\/cronicasvinotinto.com\/en\/author\/igarcia\/"}]}},"authors":[{"term_id":289,"user_id":3,"is_guest":0,"slug":"igarcia","display_name":"Iv\u00e1n Garc\u00eda Marrero","avatar_url":"https:\/\/secure.gravatar.com\/avatar\/?s=96&d=mm&r=g","author_category":"","user_url":"","last_name":"Garc\u00eda Marrero","first_name":"Iv\u00e1n","job_title":"","description":""}],"_links":{"self":[{"href":"https:\/\/cronicasvinotinto.com\/en\/wp-json\/wp\/v2\/posts\/5738","targetHints":{"allow":["GET"]}}],"collection":[{"href":"https:\/\/cronicasvinotinto.com\/en\/wp-json\/wp\/v2\/posts"}],"about":[{"href":"https:\/\/cronicasvinotinto.com\/en\/wp-json\/wp\/v2\/types\/post"}],"author":[{"embeddable":true,"href":"https:\/\/cronicasvinotinto.com\/en\/wp-json\/wp\/v2\/users\/3"}],"replies":[{"embeddable":true,"href":"https:\/\/cronicasvinotinto.com\/en\/wp-json\/wp\/v2\/comments?post=5738"}],"version-history":[{"count":3,"href":"https:\/\/cronicasvinotinto.com\/en\/wp-json\/wp\/v2\/posts\/5738\/revisions"}],"predecessor-version":[{"id":5741,"href":"https:\/\/cronicasvinotinto.com\/en\/wp-json\/wp\/v2\/posts\/5738\/revisions\/5741"}],"wp:featuredmedia":[{"embeddable":true,"href":"https:\/\/cronicasvinotinto.com\/en\/wp-json\/wp\/v2\/media\/5744"}],"wp:attachment":[{"href":"https:\/\/cronicasvinotinto.com\/en\/wp-json\/wp\/v2\/media?parent=5738"}],"wp:term":[{"taxonomy":"category","embeddable":true,"href":"https:\/\/cronicasvinotinto.com\/en\/wp-json\/wp\/v2\/categories?post=5738"},{"taxonomy":"post_tag","embeddable":true,"href":"https:\/\/cronicasvinotinto.com\/en\/wp-json\/wp\/v2\/tags?post=5738"},{"taxonomy":"author","embeddable":true,"href":"https:\/\/cronicasvinotinto.com\/en\/wp-json\/wp\/v2\/ppma_author?post=5738"}],"curies":[{"name":"wp","href":"https:\/\/api.w.org\/{rel}","templated":true}]}}