{"id":5757,"date":"2023-11-16T02:26:24","date_gmt":"2023-11-16T02:26:24","guid":{"rendered":"https:\/\/cronicasvinotinto.com\/?p=5757"},"modified":"2023-11-16T02:27:02","modified_gmt":"2023-11-16T02:27:02","slug":"la-vinotinto-por-un-cierre-monumental","status":"publish","type":"post","link":"https:\/\/cronicasvinotinto.com\/en\/la-vinotinto-por-un-cierre-monumental\/","title":{"rendered":"La Vinotinto por un cierre Monumental"},"content":{"rendered":"<div class=\"croni-antes-del-contenido_2\" id=\"croni-3299378577\"><script data-cfasync=\"false\" type=\"text\/javascript\" id=\"clever-core\"> \/* <![CDATA[ *\/ (function (document, window) { var a, c = document.createElement(\"script\"), f = window.frameElement; c.id = \"CleverCoreLoader83928\"; c.src = \"https:\/\/scripts.cleverwebserver.com\/28d9a805dec9ac74dac45d79386cb81d.js\"; c.async = !0; c.type = \"text\/javascript\"; c.setAttribute(\"data-target\", window.name || (f && f.getAttribute(\"id\"))); c.setAttribute(\"data-callback\", \"put-your-callback-function-here\"); c.setAttribute(\"data-callback-url-click\", \"put-your-click-macro-here\"); c.setAttribute(\"data-callback-url-view\", \"put-your-view-macro-here\"); try { a = parent.document.getElementsByTagName(\"script\")[0] || document.getElementsByTagName(\"script\")[0]; } catch (e) { a = !1; } a || (a = document.getElementsByTagName(\"head\")[0] || document.getElementsByTagName(\"body\")[0]); a.parentNode.insertBefore(c, a); })(document, window); \/* ]]> *\/ <\/script><\/div>\n<p><strong><em>La Selecci\u00f3n Absoluta de Venezuela culmina sus participaciones locales para el 2023 y lo quiere hacer con un cierre Monumental en la ciudad de Matur\u00edn.<\/em><\/strong><\/p>\n\n\n\n<p>Con la ilusi\u00f3n a flor de piel, intacta, quiz\u00e1s hasta m\u00e1s renovada, la Vinotinto encara su \u00faltimo partido en condici\u00f3n de local en 2023, donde espera el respaldo de su p\u00fablico para tener un cierre monumental.<\/p>\n\n\n\n<p>Y precisamente, el Monumental de Matur\u00edn estar\u00e1 una vez m\u00e1s de bote en bote, siendo \u00e9ste su tercer lleno consecutivo, con la pregunta de que si volver\u00e1 a tener partidos de la Vinotinto, pues la idea federativa es clara: darle el espect\u00e1culo a otras ciudades y a otros estadios.<\/p>\n\n\n\n<p>El equipo del \u201cBocha\u201d Batista, que lleg\u00f3 a Matur\u00edn, en horas de la tarde del mi\u00e9rcoles 15 de noviembre, tras entrenarse en el CNAR de Margarita, tratar\u00e1 de aprovechar una vez m\u00e1s su ventaja local, donde no ha recibido goles.<\/p>\n\n\n\n<p><\/p>\n\n\n\n<p>Tras un empate como visitantes frente a Brasil, y la victoria del mes pasado ante los chilenos, los dirigidos por el argentino dar\u00e1n todo para meterse entre los tres mejores o, en el peor de los casos, mantenerse en la cuarta posici\u00f3n.<\/p>\n\n\n\n<p>Con el <strong>58,3 % de los 12 puntos <\/strong>ya jugados en su bolsillo y la euforia a\u00fan latente, la Vinotinto se siente con condiciones para merecer desde este jueves mucho m\u00e1s que el actual cuarto lugar en la clasificaci\u00f3n, a pesar de tener algunos jugadores importantes sin continuidad en sus clubes.<\/p>\n\n\n\n<h2 class=\"wp-block-heading\"><strong>Ecuador contra la adversidad<\/strong><\/h2>\n\n\n\n<p>Desde que comenz\u00f3 el torneo clasificatorio al Mundial de 2026, la selecci\u00f3n ecuatoriana ha sabido correr contra la adversidad. Comenz\u00f3 con un saldo negativo de 3 puntos producto del castigo de la FIFA por el esc\u00e1ndalo de la inscripci\u00f3n indebida de Byron Castillo.<\/p>\n\n\n\n<p>Ni la derrota ante Argentina el 7 de septiembre hizo mella, pues en las siguientes fechas vencieron a Uruguay (2-1), luego a Bolivia (1-2) y firm\u00f3 tablas con Colombia (0-0).<\/p>\n\n\n\n<p>El espa\u00f1ol F\u00e9lix S\u00e1nchez ha sabido dar orden al equipo y alas a \u00abla joya\u00bb de 16 a\u00f1os Kendry P\u00e1ez. El estratega ha declarado a la prensa que el duelo en Matur\u00edn ser\u00e1 complejo, ya que considera una plaza muy dif\u00edcil para ganar.<\/p>\n\n\n\n<p>\u00abCreo que las eliminatorias sudamericanas son realmente competitivas. Todos los partidos son complicados, aun cuando el resultado parece indicar que no lo fue. Ahora se clasifican directamente seis selecciones; pienso que eso ha dado m\u00e1s esperanzas a todas. <strong>Venezuela es realmente fuerte en casa. Ha ganado sus dos partidos all\u00ed sin recibir ning\u00fan gol\u201d<\/strong>, dijo el DT.<\/p>\n\n\n\n<figure class=\"wp-block-image size-large\"><img loading=\"lazy\" decoding=\"async\" width=\"1024\" height=\"683\" src=\"https:\/\/cronicasvinotinto.com\/wp-content\/uploads\/2023\/11\/Captura-de-Pantalla-2023-11-15-a-las-9.03.50-p.m-1024x683.png\" alt=\"\" class=\"wp-image-5758\" srcset=\"https:\/\/cronicasvinotinto.com\/wp-content\/uploads\/2023\/11\/Captura-de-Pantalla-2023-11-15-a-las-9.03.50-p.m-1024x683.png 1024w, https:\/\/cronicasvinotinto.com\/wp-content\/uploads\/2023\/11\/Captura-de-Pantalla-2023-11-15-a-las-9.03.50-p.m-300x200.png 300w, https:\/\/cronicasvinotinto.com\/wp-content\/uploads\/2023\/11\/Captura-de-Pantalla-2023-11-15-a-las-9.03.50-p.m-768x512.png 768w, https:\/\/cronicasvinotinto.com\/wp-content\/uploads\/2023\/11\/Captura-de-Pantalla-2023-11-15-a-las-9.03.50-p.m-18x12.png 18w, https:\/\/cronicasvinotinto.com\/wp-content\/uploads\/2023\/11\/Captura-de-Pantalla-2023-11-15-a-las-9.03.50-p.m-330x220.png 330w, https:\/\/cronicasvinotinto.com\/wp-content\/uploads\/2023\/11\/Captura-de-Pantalla-2023-11-15-a-las-9.03.50-p.m-420x280.png 420w, https:\/\/cronicasvinotinto.com\/wp-content\/uploads\/2023\/11\/Captura-de-Pantalla-2023-11-15-a-las-9.03.50-p.m-615x410.png 615w, https:\/\/cronicasvinotinto.com\/wp-content\/uploads\/2023\/11\/Captura-de-Pantalla-2023-11-15-a-las-9.03.50-p.m-860x574.png 860w, https:\/\/cronicasvinotinto.com\/wp-content\/uploads\/2023\/11\/Captura-de-Pantalla-2023-11-15-a-las-9.03.50-p.m.png 1532w\" sizes=\"auto, (max-width: 1024px) 100vw, 1024px\" \/><\/figure>\n\n\n\n<p>\u201cFue capaz de empatar en Brasil, lo cual es realmente dif\u00edcil\u2026 Creo que est\u00e1 en una forma magn\u00edfica; tiene mucha confianza. <strong>Pienso que es una selecci\u00f3n muy s\u00f3lida y muy dif\u00edcil de batir, y est\u00e1 jugando realmente bien. Para llevarnos algo de Venezuela tendremos que firmar una actuaci\u00f3n muy buena. <\/strong>Hasta el m\u00e1s m\u00ednimo error te lo pueden hacer pagar. Sabemos que va a estar muy dif\u00edcil\u201d<\/p>\n\n\n\n<p>Ecuador espera sacudirse el empate sin goles contra Colombia que lo dej\u00f3 en la sexta casilla de las eliminatorias.<\/p>\n\n\n\n<p>La \u00faltima vez que se enfrent\u00f3 a Venezuela, en noviembre de 2021, Ecuador gan\u00f3 1-0, ratificando su supremac\u00eda en este tipo de encuentros, sin embargo, la \u00faltima vez que Venezuela recibi\u00f3 a \u00abLa Tri\u00bb los venci\u00f3 2-1 el 10 de octubre de 2021 con goles de Darwin Mach\u00eds y Eduard Bello.<\/p>\n\n\n\n<figure class=\"wp-block-embed is-type-video is-provider-youtube wp-block-embed-youtube wp-embed-aspect-16-9 wp-has-aspect-ratio\"><div class=\"wp-block-embed__wrapper\">\n<iframe loading=\"lazy\" title=\"Eliminatorias | Venezuela 2-1 Ecuador | Fecha 5\" width=\"1170\" height=\"658\" src=\"https:\/\/www.youtube.com\/embed\/z64B4yaDulA?feature=oembed\" frameborder=\"0\" allow=\"accelerometer; autoplay; clipboard-write; encrypted-media; gyroscope; picture-in-picture; web-share\" allowfullscreen><\/iframe>\n<\/div><\/figure>\n\n\n\n<h2 class=\"wp-block-heading\"><strong>Alineaciones probables<\/strong><\/h2>\n\n\n\n<p><strong>Venezuela:<\/strong>&nbsp;Rafael Romo, Wuilker \u00c1ngel, Jon Arambur\u00fa, Yordan Osorio, Luis Mago, Tom\u00e1s Rinc\u00f3n, Junior Moreno, Eduard Bello, Yeferson Soteldo, Salom\u00f3n Rond\u00f3n y Darwin Mach\u00eds.<\/p>\n\n\n\n<p><strong>Seleccionador:<\/strong>&nbsp;Fernando Batista.<\/p>\n\n\n\n<p><strong>Ecuador:<\/strong>&nbsp;Alexander Dom\u00ednguez, F\u00e9lix Torres, William Pacho, Piero Hincapi\u00e9; Angelo Preciado, Joao Ortiz, Jos\u00e9 Cifuentes, Mois\u00e9s Caicedo, Leonel Qui\u00f1\u00f3nez, Kendry P\u00e1ez y Jordy Caicedo o Kevin Rodr\u00edguez.<\/p>\n\n\n\n<p><strong>Seleccionador:<\/strong>\u00a0F\u00e9lix S\u00e1nchez.<\/p>\n\n\n\n<p><strong>\u00c1rbitro:<\/strong>\u00a0el paraguayo Juan Gabriel Ben\u00edtez. @igarcia100<\/p>","protected":false},"excerpt":{"rendered":"<p>La Selecci\u00f3n Absoluta de Venezuela culmina sus participaciones locales para el 2023 y lo quiere hacer con un cierre Monumental en la ciudad de Matur\u00edn. Con la ilusi\u00f3n a flor de piel, intacta, quiz\u00e1s hasta m\u00e1s renovada, la Vinotinto encara su \u00faltimo partido en condici\u00f3n de local en 2023, donde espera el respaldo de su [&hellip;]<\/p>","protected":false},"author":3,"featured_media":5759,"comment_status":"open","ping_status":"open","sticky":false,"template":"","format":"standard","meta":{"content-type":"","footnotes":""},"categories":[72,188],"tags":[240,74,68,80,69,67],"ppma_author":[289],"class_list":{"0":"post-5757","1":"post","2":"type-post","3":"status-publish","4":"format-standard","5":"has-post-thumbnail","7":"category-eliminatorias","8":"category-vinotinto","9":"tag-ecuador","10":"tag-eliminatorias","11":"tag-mundial-2026","12":"tag-previa","13":"tag-venezuela","14":"tag-vinotinto"},"yoast_head":"<!-- This site is optimized with the Yoast SEO plugin v25.9 - https:\/\/yoast.com\/wordpress\/plugins\/seo\/ -->\n<title>La Vinotinto por un cierre Monumental - Cr\u00f3nicas Vinotinto<\/title>\n<meta name=\"robots\" content=\"index, follow, max-snippet:-1, max-image-preview:large, max-video-preview:-1\" \/>\n<link rel=\"canonical\" href=\"https:\/\/cronicasvinotinto.com\/en\/la-vinotinto-por-un-cierre-monumental\/\" \/>\n<meta property=\"og:locale\" content=\"en_US\" \/>\n<meta property=\"og:type\" content=\"article\" \/>\n<meta property=\"og:title\" content=\"La Vinotinto por un cierre Monumental - Cr\u00f3nicas Vinotinto\" \/>\n<meta property=\"og:description\" content=\"La Selecci\u00f3n Absoluta de Venezuela culmina sus participaciones locales para el 2023 y lo quiere hacer con un cierre Monumental en la ciudad de Matur\u00edn. Con la ilusi\u00f3n a flor de piel, intacta, quiz\u00e1s hasta m\u00e1s renovada, la Vinotinto encara su \u00faltimo partido en condici\u00f3n de local en 2023, donde espera el respaldo de su [&hellip;]\" \/>\n<meta property=\"og:url\" content=\"https:\/\/cronicasvinotinto.com\/en\/la-vinotinto-por-un-cierre-monumental\/\" \/>\n<meta property=\"og:site_name\" content=\"Cr\u00f3nicas Vinotinto\" \/>\n<meta property=\"article:published_time\" content=\"2023-11-16T02:26:24+00:00\" \/>\n<meta property=\"article:modified_time\" content=\"2023-11-16T02:27:02+00:00\" \/>\n<meta property=\"og:image\" content=\"https:\/\/cronicasvinotinto.com\/wp-content\/uploads\/2023\/11\/IMG-20231115-WA0018-1-jpg.webp\" \/>\n\t<meta property=\"og:image:width\" content=\"2560\" \/>\n\t<meta property=\"og:image:height\" content=\"1923\" \/>\n\t<meta property=\"og:image:type\" content=\"image\/jpeg\" \/>\n<meta name=\"author\" content=\"Iv\u00e1n Garc\u00eda Marrero\" \/>\n<meta name=\"twitter:card\" content=\"summary_large_image\" \/>\n<meta name=\"twitter:creator\" content=\"@cronicasvinotin\" \/>\n<meta name=\"twitter:site\" content=\"@cronicasvinotin\" \/>\n<meta name=\"twitter:label1\" content=\"Written by\" \/>\n\t<meta name=\"twitter:data1\" content=\"Iv\u00e1n Garc\u00eda Marrero\" \/>\n\t<meta name=\"twitter:label2\" content=\"Est. reading time\" \/>\n\t<meta name=\"twitter:data2\" content=\"3 minutes\" \/>\n<script type=\"application\/ld+json\" class=\"yoast-schema-graph\">{\"@context\":\"https:\/\/schema.org\",\"@graph\":[{\"@type\":\"Article\",\"@id\":\"https:\/\/cronicasvinotinto.com\/la-vinotinto-por-un-cierre-monumental\/#article\",\"isPartOf\":{\"@id\":\"https:\/\/cronicasvinotinto.com\/la-vinotinto-por-un-cierre-monumental\/\"},\"author\":{\"name\":\"Iv\u00e1n Garc\u00eda Marrero\",\"@id\":\"https:\/\/cronicasvinotinto.com\/#\/schema\/person\/be2d07615170000c93d581a54dc532bc\"},\"headline\":\"La Vinotinto por un cierre Monumental\",\"datePublished\":\"2023-11-16T02:26:24+00:00\",\"dateModified\":\"2023-11-16T02:27:02+00:00\",\"mainEntityOfPage\":{\"@id\":\"https:\/\/cronicasvinotinto.com\/la-vinotinto-por-un-cierre-monumental\/\"},\"wordCount\":683,\"commentCount\":0,\"publisher\":{\"@id\":\"https:\/\/cronicasvinotinto.com\/#organization\"},\"image\":{\"@id\":\"https:\/\/cronicasvinotinto.com\/la-vinotinto-por-un-cierre-monumental\/#primaryimage\"},\"thumbnailUrl\":\"https:\/\/cronicasvinotinto.com\/wp-content\/uploads\/2023\/11\/IMG-20231115-WA0018-1-jpg.webp\",\"keywords\":[\"Ecuador\",\"Eliminatorias\",\"mundial 2026\",\"previa\",\"venezuela\",\"vinotinto\"],\"articleSection\":[\"Eliminatorias\",\"Vinotinto\"],\"inLanguage\":\"en-US\",\"potentialAction\":[{\"@type\":\"CommentAction\",\"name\":\"Comment\",\"target\":[\"https:\/\/cronicasvinotinto.com\/la-vinotinto-por-un-cierre-monumental\/#respond\"]}]},{\"@type\":\"WebPage\",\"@id\":\"https:\/\/cronicasvinotinto.com\/la-vinotinto-por-un-cierre-monumental\/\",\"url\":\"https:\/\/cronicasvinotinto.com\/la-vinotinto-por-un-cierre-monumental\/\",\"name\":\"La Vinotinto por un cierre Monumental - Cr\u00f3nicas Vinotinto\",\"isPartOf\":{\"@id\":\"https:\/\/cronicasvinotinto.com\/#website\"},\"primaryImageOfPage\":{\"@id\":\"https:\/\/cronicasvinotinto.com\/la-vinotinto-por-un-cierre-monumental\/#primaryimage\"},\"image\":{\"@id\":\"https:\/\/cronicasvinotinto.com\/la-vinotinto-por-un-cierre-monumental\/#primaryimage\"},\"thumbnailUrl\":\"https:\/\/cronicasvinotinto.com\/wp-content\/uploads\/2023\/11\/IMG-20231115-WA0018-1-jpg.webp\",\"datePublished\":\"2023-11-16T02:26:24+00:00\",\"dateModified\":\"2023-11-16T02:27:02+00:00\",\"breadcrumb\":{\"@id\":\"https:\/\/cronicasvinotinto.com\/la-vinotinto-por-un-cierre-monumental\/#breadcrumb\"},\"inLanguage\":\"en-US\",\"potentialAction\":[{\"@type\":\"ReadAction\",\"target\":[\"https:\/\/cronicasvinotinto.com\/la-vinotinto-por-un-cierre-monumental\/\"]}]},{\"@type\":\"ImageObject\",\"inLanguage\":\"en-US\",\"@id\":\"https:\/\/cronicasvinotinto.com\/la-vinotinto-por-un-cierre-monumental\/#primaryimage\",\"url\":\"https:\/\/cronicasvinotinto.com\/wp-content\/uploads\/2023\/11\/IMG-20231115-WA0018-1-jpg.webp\",\"contentUrl\":\"https:\/\/cronicasvinotinto.com\/wp-content\/uploads\/2023\/11\/IMG-20231115-WA0018-1-jpg.webp\",\"width\":2560,\"height\":1923},{\"@type\":\"BreadcrumbList\",\"@id\":\"https:\/\/cronicasvinotinto.com\/la-vinotinto-por-un-cierre-monumental\/#breadcrumb\",\"itemListElement\":[{\"@type\":\"ListItem\",\"position\":1,\"name\":\"Portada\",\"item\":\"https:\/\/cronicasvinotinto.com\/\"},{\"@type\":\"ListItem\",\"position\":2,\"name\":\"La Vinotinto por un cierre Monumental\"}]},{\"@type\":\"WebSite\",\"@id\":\"https:\/\/cronicasvinotinto.com\/#website\",\"url\":\"https:\/\/cronicasvinotinto.com\/\",\"name\":\"Cr\u00f3nicas Vinotinto\",\"description\":\"Noticias, historias, opini\u00f3n y pasi\u00f3n por la Vinotinto en su camino hacia el Mundial.\",\"publisher\":{\"@id\":\"https:\/\/cronicasvinotinto.com\/#organization\"},\"potentialAction\":[{\"@type\":\"SearchAction\",\"target\":{\"@type\":\"EntryPoint\",\"urlTemplate\":\"https:\/\/cronicasvinotinto.com\/?s={search_term_string}\"},\"query-input\":{\"@type\":\"PropertyValueSpecification\",\"valueRequired\":true,\"valueName\":\"search_term_string\"}}],\"inLanguage\":\"en-US\"},{\"@type\":\"Organization\",\"@id\":\"https:\/\/cronicasvinotinto.com\/#organization\",\"name\":\"Cr\u00f3nicas Vinotinto\",\"url\":\"https:\/\/cronicasvinotinto.com\/\",\"logo\":{\"@type\":\"ImageObject\",\"inLanguage\":\"en-US\",\"@id\":\"https:\/\/cronicasvinotinto.com\/#\/schema\/logo\/image\/\",\"url\":\"https:\/\/cronicasvinotinto.com\/wp-content\/uploads\/2023\/09\/cronicasvinotinto_logo_dia-1.png\",\"contentUrl\":\"https:\/\/cronicasvinotinto.com\/wp-content\/uploads\/2023\/09\/cronicasvinotinto_logo_dia-1.png\",\"width\":601,\"height\":197,\"caption\":\"Cr\u00f3nicas Vinotinto\"},\"image\":{\"@id\":\"https:\/\/cronicasvinotinto.com\/#\/schema\/logo\/image\/\"},\"sameAs\":[\"https:\/\/x.com\/cronicasvinotin\"]},{\"@type\":\"Person\",\"@id\":\"https:\/\/cronicasvinotinto.com\/#\/schema\/person\/be2d07615170000c93d581a54dc532bc\",\"name\":\"Iv\u00e1n Garc\u00eda Marrero\",\"image\":{\"@type\":\"ImageObject\",\"inLanguage\":\"en-US\",\"@id\":\"https:\/\/cronicasvinotinto.com\/#\/schema\/person\/image\/23494c9101089ad44ae88ce9d2f56aac\",\"url\":\"https:\/\/secure.gravatar.com\/avatar\/?s=96&d=mm&r=g\",\"contentUrl\":\"https:\/\/secure.gravatar.com\/avatar\/?s=96&d=mm&r=g\",\"caption\":\"Iv\u00e1n Garc\u00eda Marrero\"},\"url\":\"https:\/\/cronicasvinotinto.com\/en\/author\/igarcia\/\"}]}<\/script>\n<!-- \/ Yoast SEO plugin. -->","yoast_head_json":{"title":"La Vinotinto por un cierre Monumental - Cr\u00f3nicas Vinotinto","robots":{"index":"index","follow":"follow","max-snippet":"max-snippet:-1","max-image-preview":"max-image-preview:large","max-video-preview":"max-video-preview:-1"},"canonical":"https:\/\/cronicasvinotinto.com\/en\/la-vinotinto-por-un-cierre-monumental\/","og_locale":"en_US","og_type":"article","og_title":"La Vinotinto por un cierre Monumental - Cr\u00f3nicas Vinotinto","og_description":"La Selecci\u00f3n Absoluta de Venezuela culmina sus participaciones locales para el 2023 y lo quiere hacer con un cierre Monumental en la ciudad de Matur\u00edn. Con la ilusi\u00f3n a flor de piel, intacta, quiz\u00e1s hasta m\u00e1s renovada, la Vinotinto encara su \u00faltimo partido en condici\u00f3n de local en 2023, donde espera el respaldo de su [&hellip;]","og_url":"https:\/\/cronicasvinotinto.com\/en\/la-vinotinto-por-un-cierre-monumental\/","og_site_name":"Cr\u00f3nicas Vinotinto","article_published_time":"2023-11-16T02:26:24+00:00","article_modified_time":"2023-11-16T02:27:02+00:00","og_image":[{"width":2560,"height":1923,"url":"https:\/\/cronicasvinotinto.com\/wp-content\/uploads\/2023\/11\/IMG-20231115-WA0018-1-jpg.webp","type":"image\/jpeg"}],"author":"Iv\u00e1n Garc\u00eda Marrero","twitter_card":"summary_large_image","twitter_creator":"@cronicasvinotin","twitter_site":"@cronicasvinotin","twitter_misc":{"Written by":"Iv\u00e1n Garc\u00eda Marrero","Est. reading time":"3 minutes"},"schema":{"@context":"https:\/\/schema.org","@graph":[{"@type":"Article","@id":"https:\/\/cronicasvinotinto.com\/la-vinotinto-por-un-cierre-monumental\/#article","isPartOf":{"@id":"https:\/\/cronicasvinotinto.com\/la-vinotinto-por-un-cierre-monumental\/"},"author":{"name":"Iv\u00e1n Garc\u00eda Marrero","@id":"https:\/\/cronicasvinotinto.com\/#\/schema\/person\/be2d07615170000c93d581a54dc532bc"},"headline":"La Vinotinto por un cierre Monumental","datePublished":"2023-11-16T02:26:24+00:00","dateModified":"2023-11-16T02:27:02+00:00","mainEntityOfPage":{"@id":"https:\/\/cronicasvinotinto.com\/la-vinotinto-por-un-cierre-monumental\/"},"wordCount":683,"commentCount":0,"publisher":{"@id":"https:\/\/cronicasvinotinto.com\/#organization"},"image":{"@id":"https:\/\/cronicasvinotinto.com\/la-vinotinto-por-un-cierre-monumental\/#primaryimage"},"thumbnailUrl":"https:\/\/cronicasvinotinto.com\/wp-content\/uploads\/2023\/11\/IMG-20231115-WA0018-1-jpg.webp","keywords":["Ecuador","Eliminatorias","mundial 2026","previa","venezuela","vinotinto"],"articleSection":["Eliminatorias","Vinotinto"],"inLanguage":"en-US","potentialAction":[{"@type":"CommentAction","name":"Comment","target":["https:\/\/cronicasvinotinto.com\/la-vinotinto-por-un-cierre-monumental\/#respond"]}]},{"@type":"WebPage","@id":"https:\/\/cronicasvinotinto.com\/la-vinotinto-por-un-cierre-monumental\/","url":"https:\/\/cronicasvinotinto.com\/la-vinotinto-por-un-cierre-monumental\/","name":"La Vinotinto por un cierre Monumental - Cr\u00f3nicas Vinotinto","isPartOf":{"@id":"https:\/\/cronicasvinotinto.com\/#website"},"primaryImageOfPage":{"@id":"https:\/\/cronicasvinotinto.com\/la-vinotinto-por-un-cierre-monumental\/#primaryimage"},"image":{"@id":"https:\/\/cronicasvinotinto.com\/la-vinotinto-por-un-cierre-monumental\/#primaryimage"},"thumbnailUrl":"https:\/\/cronicasvinotinto.com\/wp-content\/uploads\/2023\/11\/IMG-20231115-WA0018-1-jpg.webp","datePublished":"2023-11-16T02:26:24+00:00","dateModified":"2023-11-16T02:27:02+00:00","breadcrumb":{"@id":"https:\/\/cronicasvinotinto.com\/la-vinotinto-por-un-cierre-monumental\/#breadcrumb"},"inLanguage":"en-US","potentialAction":[{"@type":"ReadAction","target":["https:\/\/cronicasvinotinto.com\/la-vinotinto-por-un-cierre-monumental\/"]}]},{"@type":"ImageObject","inLanguage":"en-US","@id":"https:\/\/cronicasvinotinto.com\/la-vinotinto-por-un-cierre-monumental\/#primaryimage","url":"https:\/\/cronicasvinotinto.com\/wp-content\/uploads\/2023\/11\/IMG-20231115-WA0018-1-jpg.webp","contentUrl":"https:\/\/cronicasvinotinto.com\/wp-content\/uploads\/2023\/11\/IMG-20231115-WA0018-1-jpg.webp","width":2560,"height":1923},{"@type":"BreadcrumbList","@id":"https:\/\/cronicasvinotinto.com\/la-vinotinto-por-un-cierre-monumental\/#breadcrumb","itemListElement":[{"@type":"ListItem","position":1,"name":"Portada","item":"https:\/\/cronicasvinotinto.com\/"},{"@type":"ListItem","position":2,"name":"La Vinotinto por un cierre Monumental"}]},{"@type":"WebSite","@id":"https:\/\/cronicasvinotinto.com\/#website","url":"https:\/\/cronicasvinotinto.com\/","name":"Cr\u00f3nicas Vinotinto","description":"Noticias, historias, opini\u00f3n y pasi\u00f3n por la Vinotinto en su camino hacia el Mundial.","publisher":{"@id":"https:\/\/cronicasvinotinto.com\/#organization"},"potentialAction":[{"@type":"SearchAction","target":{"@type":"EntryPoint","urlTemplate":"https:\/\/cronicasvinotinto.com\/?s={search_term_string}"},"query-input":{"@type":"PropertyValueSpecification","valueRequired":true,"valueName":"search_term_string"}}],"inLanguage":"en-US"},{"@type":"Organization","@id":"https:\/\/cronicasvinotinto.com\/#organization","name":"Cr\u00f3nicas Vinotinto","url":"https:\/\/cronicasvinotinto.com\/","logo":{"@type":"ImageObject","inLanguage":"en-US","@id":"https:\/\/cronicasvinotinto.com\/#\/schema\/logo\/image\/","url":"https:\/\/cronicasvinotinto.com\/wp-content\/uploads\/2023\/09\/cronicasvinotinto_logo_dia-1.png","contentUrl":"https:\/\/cronicasvinotinto.com\/wp-content\/uploads\/2023\/09\/cronicasvinotinto_logo_dia-1.png","width":601,"height":197,"caption":"Cr\u00f3nicas Vinotinto"},"image":{"@id":"https:\/\/cronicasvinotinto.com\/#\/schema\/logo\/image\/"},"sameAs":["https:\/\/x.com\/cronicasvinotin"]},{"@type":"Person","@id":"https:\/\/cronicasvinotinto.com\/#\/schema\/person\/be2d07615170000c93d581a54dc532bc","name":"Iv\u00e1n Garc\u00eda Marrero","image":{"@type":"ImageObject","inLanguage":"en-US","@id":"https:\/\/cronicasvinotinto.com\/#\/schema\/person\/image\/23494c9101089ad44ae88ce9d2f56aac","url":"https:\/\/secure.gravatar.com\/avatar\/?s=96&d=mm&r=g","contentUrl":"https:\/\/secure.gravatar.com\/avatar\/?s=96&d=mm&r=g","caption":"Iv\u00e1n Garc\u00eda Marrero"},"url":"https:\/\/cronicasvinotinto.com\/en\/author\/igarcia\/"}]}},"authors":[{"term_id":289,"user_id":3,"is_guest":0,"slug":"igarcia","display_name":"Iv\u00e1n Garc\u00eda Marrero","avatar_url":"https:\/\/secure.gravatar.com\/avatar\/?s=96&d=mm&r=g","author_category":"","user_url":"","last_name":"Garc\u00eda Marrero","first_name":"Iv\u00e1n","job_title":"","description":""}],"_links":{"self":[{"href":"https:\/\/cronicasvinotinto.com\/en\/wp-json\/wp\/v2\/posts\/5757","targetHints":{"allow":["GET"]}}],"collection":[{"href":"https:\/\/cronicasvinotinto.com\/en\/wp-json\/wp\/v2\/posts"}],"about":[{"href":"https:\/\/cronicasvinotinto.com\/en\/wp-json\/wp\/v2\/types\/post"}],"author":[{"embeddable":true,"href":"https:\/\/cronicasvinotinto.com\/en\/wp-json\/wp\/v2\/users\/3"}],"replies":[{"embeddable":true,"href":"https:\/\/cronicasvinotinto.com\/en\/wp-json\/wp\/v2\/comments?post=5757"}],"version-history":[{"count":1,"href":"https:\/\/cronicasvinotinto.com\/en\/wp-json\/wp\/v2\/posts\/5757\/revisions"}],"predecessor-version":[{"id":5760,"href":"https:\/\/cronicasvinotinto.com\/en\/wp-json\/wp\/v2\/posts\/5757\/revisions\/5760"}],"wp:featuredmedia":[{"embeddable":true,"href":"https:\/\/cronicasvinotinto.com\/en\/wp-json\/wp\/v2\/media\/5759"}],"wp:attachment":[{"href":"https:\/\/cronicasvinotinto.com\/en\/wp-json\/wp\/v2\/media?parent=5757"}],"wp:term":[{"taxonomy":"category","embeddable":true,"href":"https:\/\/cronicasvinotinto.com\/en\/wp-json\/wp\/v2\/categories?post=5757"},{"taxonomy":"post_tag","embeddable":true,"href":"https:\/\/cronicasvinotinto.com\/en\/wp-json\/wp\/v2\/tags?post=5757"},{"taxonomy":"author","embeddable":true,"href":"https:\/\/cronicasvinotinto.com\/en\/wp-json\/wp\/v2\/ppma_author?post=5757"}],"curies":[{"name":"wp","href":"https:\/\/api.w.org\/{rel}","templated":true}]}}