{"id":6160,"date":"2024-05-03T19:24:52","date_gmt":"2024-05-03T19:24:52","guid":{"rendered":"https:\/\/cronicasvinotinto.com\/?p=6160"},"modified":"2024-05-04T16:40:24","modified_gmt":"2024-05-04T16:40:24","slug":"luis-mendoza-fallece","status":"publish","type":"post","link":"https:\/\/cronicasvinotinto.com\/en\/luis-mendoza-fallece\/","title":{"rendered":"Luis Mendoza \u201cMendocita\u201d el eterno 10 criollo"},"content":{"rendered":"<div class=\"croni-antes-del-contenido_2\" id=\"croni-1850175541\"><script data-cfasync=\"false\" type=\"text\/javascript\" id=\"clever-core\"> \/* <![CDATA[ *\/ (function (document, window) { var a, c = document.createElement(\"script\"), f = window.frameElement; c.id = \"CleverCoreLoader83928\"; c.src = \"https:\/\/scripts.cleverwebserver.com\/28d9a805dec9ac74dac45d79386cb81d.js\"; c.async = !0; c.type = \"text\/javascript\"; c.setAttribute(\"data-target\", window.name || (f && f.getAttribute(\"id\"))); c.setAttribute(\"data-callback\", \"put-your-callback-function-here\"); c.setAttribute(\"data-callback-url-click\", \"put-your-click-macro-here\"); c.setAttribute(\"data-callback-url-view\", \"put-your-view-macro-here\"); try { a = parent.document.getElementsByTagName(\"script\")[0] || document.getElementsByTagName(\"script\")[0]; } catch (e) { a = !1; } a || (a = document.getElementsByTagName(\"head\")[0] || document.getElementsByTagName(\"body\")[0]); a.parentNode.insertBefore(c, a); })(document, window); \/* ]]> *\/ <\/script><\/div>\n<p><strong>A sus 79 a\u00f1os de edad, Luis Mendoza, mejor conocido como \u201cMendocita\u201d \u00a0falleci\u00f3 dejando un legado eterno como uno de los mejores jugadores venezolanos de todos los tiempos.<\/strong><\/p>\n\n\n\n<p>Su car\u00e1cter, tanto dentro como fuera de la cancha siempre lo marc\u00f3 c\u00f3mo un jugador pol\u00e9mico, directo, as\u00ed tambi\u00e9n fue cuando le toc\u00f3 trabajar en radio como comentarista y que decir como entrenador, por eso, el fallecimiento de Luis Mendoza, conocido como \u201cMendocita\u201d siempre ser\u00e1 recordado por el eterno 10 criollo.<\/p>\n\n\n\n<p>Naci\u00f3 el 21 de junio de 1945 en la capital venezolana y en la misma ciudad, conocida como la \u201csucursal del cielo\u201d, falleciera un 29 de abril del a\u00f1o en curso, dejando un vac\u00edo notable y que de haber nacido y jugado en otra \u00e9poca, hubiese sido un jugador invaluable.<\/p>\n\n\n\n<h2 class=\"wp-block-heading\"><strong>Su camino con el bal\u00f3n<\/strong><\/h2>\n\n\n\n<p>Destinado a ser un crack de excepci\u00f3n, \u00e9ste jugador considerado el mejor de todos los tiempos, inicio su andar en el Dos Caminos SC-al este de Caracas- d\u00f3nde comenz\u00f3 a dar sus primeras pincelas con el bal\u00f3n, pero a los 10 a\u00f1os de edad, se fue a vivir a Italia en compa\u00f1\u00eda de sus padres, situaci\u00f3n \u00e9sta que marcar\u00eda para siempre, tanto en su personalidad como en su juego.<\/p>\n\n\n\n<p>Pero no pas\u00f3 mucho para su regreso a la patria, ten\u00eda ya con 16 a\u00f1os de edad, cuando debut\u00f3 como profesional en el Banco Agr\u00edcola y Pecuario, donde el charr\u00faa Clemente \u201cEl Indio\u201d Ortega fuera su primer entrenador-seg\u00fan datos del comunicador Jes\u00fas Garc\u00eda Regalado, reflejados en el portal\u00a0<a href=\"http:\/\/balonazos.com\/\" target=\"_blank\" rel=\"noreferrer noopener\">balonazos.com<\/a><\/p>\n\n\n\n<p>Un total de 8 encuentros disput\u00f3 en su campeonato de estreno y marc\u00f3 3 goles. Ese mismo a\u00f1o el \u201cIndio\u201d Ortega lo lleva al equipo Universidad Cat\u00f3lica que debutaba en la Copa Caracas y ve acci\u00f3n en 5 encuentros. Al siguiente pas\u00f3 a jugar con el Dos Caminos en la Liga Mayor de 1962. En esta temporada particip\u00f3 en 11 encuentros y anot\u00f3 4 goles.<\/p>\n\n\n\n<h2 class=\"wp-block-heading\"><strong>Luis Mendoza con la casaca \u00abvinotinto<\/strong>\u00ab<\/h2>\n\n\n\n<p>Aunque para la \u00e9poca no se le conoc\u00eda como la \u201c<a href=\"http:\/\/cronicasvinotinto.com\">Vinotinto<\/a>\u201d, sino como la \u201ccenicienta\u201d, fue un jugador activo en la Selecci\u00f3n Nacional debutando con 16 a\u00f1os en los Bolivarianos de Barranquilla, Colombia en 1961 donde logr\u00f3 la Medalla de Bronce dirigido por el argentino Rafael Franco.<\/p>\n\n\n\n<p>En 1964 disput\u00f3 el sudamericano juvenil en Colombia, donde particip\u00f3 en 5 compromisos. En el a\u00f1o 1965 de nuevo asiste a los Bolivarianos, ahora en Quito, Ecuador y se queda con la Medalla de Plata, disputando 6 partidos, en ambas competencias con Franco como t\u00e9cnico.<\/p>\n\n\n\n<p>Su primera Eliminatoria Mundial la disput\u00f3 en el a\u00f1o 1965 ante los seleccionados de Per\u00fa y Uruguay, participando en apenas 2. En 1967 asisti\u00f3 a la Copa Am\u00e9rica de Uruguay sumando 5 encuentros y anot\u00f3 su primer gol con la Vinotinto.<\/p>\n\n\n\n<p>En 1972 asisti\u00f3 a la Copa Centenario de la Independencia de Brasil con Gregorio \u201cPescaito\u201d G\u00f3mez como t\u00e9cnico. Vuelve a disputar la Copa Am\u00e9rica en 1975 con Walter \u201cCata\u201d Roque como t\u00e9cnico y en 1979 se despidi\u00f3 como jugador de la Vinotinto con la Copa disputada ante Chile y Colombia con Jos\u00e9 \u201cPepito\u201d Hern\u00e1ndez.<\/p>\n\n\n\n<figure class=\"wp-block-embed is-type-rich is-provider-twitter wp-block-embed-twitter\"><div class=\"wp-block-embed__wrapper\">\n<blockquote class=\"twitter-tweet\" data-width=\"550\" data-dnt=\"true\"><p lang=\"es\" dir=\"ltr\">La familia del <a href=\"https:\/\/twitter.com\/Caracas_FC?ref_src=twsrc%5Etfw\">@Caracas_FC<\/a> se une al duelo que embarga al f\u00fatbol  venezolano por el fallecimiento de Luis  Mendoza, qui\u00e9n nos deslumbr\u00f3 a todos con su fantas\u00eda dentro y fuera de las canchas; y nunca dej\u00f3 de trabajar para dejar a Venezuela en alto.<br><br>Fuerza a sus familiares y paz a\u2026 <a href=\"https:\/\/t.co\/6Y2oxYouJ8\">pic.twitter.com\/6Y2oxYouJ8<\/a><\/p>&mdash; Caracas F\u00fatbol Club (@Caracas_FC) <a href=\"https:\/\/twitter.com\/Caracas_FC\/status\/1784939197465334205?ref_src=twsrc%5Etfw\">April 29, 2024<\/a><\/blockquote><script async src=\"https:\/\/platform.twitter.com\/widgets.js\" charset=\"utf-8\"><\/script>\n<\/div><\/figure>\n\n\n\n<h2 class=\"wp-block-heading\"><strong>Un solo t\u00edtulo como entrenador<\/strong><\/h2>\n\n\n\n<p>Su paso como entrenador tiene poco registros, un solo t\u00edtulo consigui\u00f3 \u201cMendocita\u201d y fue con Mineros de Guayana en 1982, donde los negriazules debutaban en la Segunda Divisi\u00f3n y defendiendo el \u201ccriollismo\u201d lo t\u00edtulo campe\u00f3n, consiguiendo su ascenso a la Primera Divisi\u00f3n.<\/p>\n\n\n\n<p>En 1983 se march\u00f3 a Italia a estudiar en la escuela de entrenadores de Coverciano donde se grad\u00faa junto a figuras de la selecci\u00f3n italiana como Fabio Capello y con instructores como Enzo Bearzot y Giovanni Trapattoni. En 1985 regres\u00f3 al pa\u00eds y es llamado por Cata Roque para incorporarse a la Vinotinto en la eliminatoria al Mundial de M\u00e9xico 86. Finalizada la competencia, se hace cargo del Atl\u00e9tico San Crist\u00f3bal.<\/p>\n\n\n\n<p>Al siguiente se incorpor\u00f3 al Caracas FC como asistente de Plasencia. Por diferencias con la directiva abandon\u00f3 el equipo. En 1989 dirigi\u00f3 la Vinotinto en varios amistosos hasta que fue sustituido por Carlos Horacio Moreno.<\/p>\n\n\n\n<p>En la temporada 1988\/89 dirigi\u00f3 al Deportivo Italia y volvi\u00f3 al Caracas FC en 1992. Tuvo un conflictivo paso por el Deportivo Chacao y luego se march\u00f3 por 5 a\u00f1os a Estados Unidos donde dirigi\u00f3 al Stallions. Cerr\u00f3 su carrera con el Monagas SC en primera divisi\u00f3n.<\/p>\n\n\n\n<p>Luis Mendoza, el \u201cMendocita\u201d del pa\u00eds futbolero ser\u00e1 siempre recordado, ser\u00e1 eternamente el 10 criollo. Qu\u00e9 en paz descanse- @igarcia100&nbsp;<\/p>","protected":false},"excerpt":{"rendered":"<p>A sus 79 a\u00f1os de edad, Luis Mendoza, mejor conocido como \u201cMendocita\u201d \u00a0falleci\u00f3 dejando un legado eterno como uno de los mejores jugadores venezolanos de todos los tiempos. Su car\u00e1cter, tanto dentro como fuera de la cancha siempre lo marc\u00f3 c\u00f3mo un jugador pol\u00e9mico, directo, as\u00ed tambi\u00e9n fue cuando le toc\u00f3 trabajar en radio como [&hellip;]<\/p>","protected":false},"author":3,"featured_media":6161,"comment_status":"open","ping_status":"open","sticky":false,"template":"","format":"standard","meta":{"content-type":"","footnotes":""},"categories":[229],"tags":[69,67],"ppma_author":[289],"class_list":{"0":"post-6160","1":"post","2":"type-post","3":"status-publish","4":"format-standard","5":"has-post-thumbnail","7":"category-ex-vinotintos","8":"tag-venezuela","9":"tag-vinotinto"},"yoast_head":"<!-- This site is optimized with the Yoast SEO plugin v25.9 - https:\/\/yoast.com\/wordpress\/plugins\/seo\/ -->\n<title>Luis Mendoza \u201cMendocita\u201d el eterno 10 criollo - Cr\u00f3nicas Vinotinto<\/title>\n<meta name=\"description\" content=\"A los 79 a\u00f1os de edad, Luis Mendoza, \u201cMendocita\u201d, \u00a0falleci\u00f3 y dej\u00f3 un legado eterno como uno de los mejores jugadores venezolanos.\" \/>\n<meta name=\"robots\" content=\"index, follow, max-snippet:-1, max-image-preview:large, max-video-preview:-1\" \/>\n<link rel=\"canonical\" href=\"https:\/\/cronicasvinotinto.com\/en\/luis-mendoza-fallece\/\" \/>\n<meta property=\"og:locale\" content=\"en_US\" \/>\n<meta property=\"og:type\" content=\"article\" \/>\n<meta property=\"og:title\" content=\"Luis Mendoza \u201cMendocita\u201d el eterno 10 criollo - Cr\u00f3nicas Vinotinto\" \/>\n<meta property=\"og:description\" content=\"A los 79 a\u00f1os de edad, Luis Mendoza, \u201cMendocita\u201d, \u00a0falleci\u00f3 y dej\u00f3 un legado eterno como uno de los mejores jugadores venezolanos.\" \/>\n<meta property=\"og:url\" content=\"https:\/\/cronicasvinotinto.com\/en\/luis-mendoza-fallece\/\" \/>\n<meta property=\"og:site_name\" content=\"Cr\u00f3nicas Vinotinto\" \/>\n<meta property=\"article:published_time\" content=\"2024-05-03T19:24:52+00:00\" \/>\n<meta property=\"article:modified_time\" content=\"2024-05-04T16:40:24+00:00\" \/>\n<meta property=\"og:image\" content=\"https:\/\/cronicasvinotinto.com\/wp-content\/uploads\/2024\/05\/luis-mendoza-jpg-e1714763968278.webp\" \/>\n\t<meta property=\"og:image:width\" content=\"785\" \/>\n\t<meta property=\"og:image:height\" content=\"442\" \/>\n\t<meta property=\"og:image:type\" content=\"image\/jpeg\" \/>\n<meta name=\"author\" content=\"Iv\u00e1n Garc\u00eda Marrero\" \/>\n<meta name=\"twitter:card\" content=\"summary_large_image\" \/>\n<meta name=\"twitter:creator\" content=\"@cronicasvinotin\" \/>\n<meta name=\"twitter:site\" content=\"@cronicasvinotin\" \/>\n<meta name=\"twitter:label1\" content=\"Written by\" \/>\n\t<meta name=\"twitter:data1\" content=\"Iv\u00e1n Garc\u00eda Marrero\" \/>\n\t<meta name=\"twitter:label2\" content=\"Est. reading time\" \/>\n\t<meta name=\"twitter:data2\" content=\"4 minutes\" \/>\n<script type=\"application\/ld+json\" class=\"yoast-schema-graph\">{\"@context\":\"https:\/\/schema.org\",\"@graph\":[{\"@type\":\"Article\",\"@id\":\"https:\/\/cronicasvinotinto.com\/luis-mendoza-fallece\/#article\",\"isPartOf\":{\"@id\":\"https:\/\/cronicasvinotinto.com\/luis-mendoza-fallece\/\"},\"author\":{\"name\":\"Iv\u00e1n Garc\u00eda Marrero\",\"@id\":\"https:\/\/cronicasvinotinto.com\/#\/schema\/person\/be2d07615170000c93d581a54dc532bc\"},\"headline\":\"Luis Mendoza \u201cMendocita\u201d el eterno 10 criollo\",\"datePublished\":\"2024-05-03T19:24:52+00:00\",\"dateModified\":\"2024-05-04T16:40:24+00:00\",\"mainEntityOfPage\":{\"@id\":\"https:\/\/cronicasvinotinto.com\/luis-mendoza-fallece\/\"},\"wordCount\":795,\"commentCount\":0,\"publisher\":{\"@id\":\"https:\/\/cronicasvinotinto.com\/#organization\"},\"image\":{\"@id\":\"https:\/\/cronicasvinotinto.com\/luis-mendoza-fallece\/#primaryimage\"},\"thumbnailUrl\":\"https:\/\/cronicasvinotinto.com\/wp-content\/uploads\/2024\/05\/luis-mendoza-jpg-e1714763968278.webp\",\"keywords\":[\"venezuela\",\"vinotinto\"],\"articleSection\":[\"Ex Vinotintos\"],\"inLanguage\":\"en-US\",\"potentialAction\":[{\"@type\":\"CommentAction\",\"name\":\"Comment\",\"target\":[\"https:\/\/cronicasvinotinto.com\/luis-mendoza-fallece\/#respond\"]}]},{\"@type\":\"WebPage\",\"@id\":\"https:\/\/cronicasvinotinto.com\/luis-mendoza-fallece\/\",\"url\":\"https:\/\/cronicasvinotinto.com\/luis-mendoza-fallece\/\",\"name\":\"Luis Mendoza \u201cMendocita\u201d el eterno 10 criollo - Cr\u00f3nicas Vinotinto\",\"isPartOf\":{\"@id\":\"https:\/\/cronicasvinotinto.com\/#website\"},\"primaryImageOfPage\":{\"@id\":\"https:\/\/cronicasvinotinto.com\/luis-mendoza-fallece\/#primaryimage\"},\"image\":{\"@id\":\"https:\/\/cronicasvinotinto.com\/luis-mendoza-fallece\/#primaryimage\"},\"thumbnailUrl\":\"https:\/\/cronicasvinotinto.com\/wp-content\/uploads\/2024\/05\/luis-mendoza-jpg-e1714763968278.webp\",\"datePublished\":\"2024-05-03T19:24:52+00:00\",\"dateModified\":\"2024-05-04T16:40:24+00:00\",\"description\":\"A los 79 a\u00f1os de edad, Luis Mendoza, \u201cMendocita\u201d, \u00a0falleci\u00f3 y dej\u00f3 un legado eterno como uno de los mejores jugadores venezolanos.\",\"breadcrumb\":{\"@id\":\"https:\/\/cronicasvinotinto.com\/luis-mendoza-fallece\/#breadcrumb\"},\"inLanguage\":\"en-US\",\"potentialAction\":[{\"@type\":\"ReadAction\",\"target\":[\"https:\/\/cronicasvinotinto.com\/luis-mendoza-fallece\/\"]}]},{\"@type\":\"ImageObject\",\"inLanguage\":\"en-US\",\"@id\":\"https:\/\/cronicasvinotinto.com\/luis-mendoza-fallece\/#primaryimage\",\"url\":\"https:\/\/cronicasvinotinto.com\/wp-content\/uploads\/2024\/05\/luis-mendoza-jpg-e1714763968278.webp\",\"contentUrl\":\"https:\/\/cronicasvinotinto.com\/wp-content\/uploads\/2024\/05\/luis-mendoza-jpg-e1714763968278.webp\",\"width\":785,\"height\":442,\"caption\":\"FOTO BALONAZOS.COM\"},{\"@type\":\"BreadcrumbList\",\"@id\":\"https:\/\/cronicasvinotinto.com\/luis-mendoza-fallece\/#breadcrumb\",\"itemListElement\":[{\"@type\":\"ListItem\",\"position\":1,\"name\":\"Portada\",\"item\":\"https:\/\/cronicasvinotinto.com\/\"},{\"@type\":\"ListItem\",\"position\":2,\"name\":\"Luis Mendoza \u201cMendocita\u201d el eterno 10 criollo\"}]},{\"@type\":\"WebSite\",\"@id\":\"https:\/\/cronicasvinotinto.com\/#website\",\"url\":\"https:\/\/cronicasvinotinto.com\/\",\"name\":\"Cr\u00f3nicas Vinotinto\",\"description\":\"Noticias, historias, opini\u00f3n y pasi\u00f3n por la Vinotinto en su camino hacia el Mundial.\",\"publisher\":{\"@id\":\"https:\/\/cronicasvinotinto.com\/#organization\"},\"potentialAction\":[{\"@type\":\"SearchAction\",\"target\":{\"@type\":\"EntryPoint\",\"urlTemplate\":\"https:\/\/cronicasvinotinto.com\/?s={search_term_string}\"},\"query-input\":{\"@type\":\"PropertyValueSpecification\",\"valueRequired\":true,\"valueName\":\"search_term_string\"}}],\"inLanguage\":\"en-US\"},{\"@type\":\"Organization\",\"@id\":\"https:\/\/cronicasvinotinto.com\/#organization\",\"name\":\"Cr\u00f3nicas Vinotinto\",\"url\":\"https:\/\/cronicasvinotinto.com\/\",\"logo\":{\"@type\":\"ImageObject\",\"inLanguage\":\"en-US\",\"@id\":\"https:\/\/cronicasvinotinto.com\/#\/schema\/logo\/image\/\",\"url\":\"https:\/\/cronicasvinotinto.com\/wp-content\/uploads\/2023\/09\/cronicasvinotinto_logo_dia-1.png\",\"contentUrl\":\"https:\/\/cronicasvinotinto.com\/wp-content\/uploads\/2023\/09\/cronicasvinotinto_logo_dia-1.png\",\"width\":601,\"height\":197,\"caption\":\"Cr\u00f3nicas Vinotinto\"},\"image\":{\"@id\":\"https:\/\/cronicasvinotinto.com\/#\/schema\/logo\/image\/\"},\"sameAs\":[\"https:\/\/x.com\/cronicasvinotin\"]},{\"@type\":\"Person\",\"@id\":\"https:\/\/cronicasvinotinto.com\/#\/schema\/person\/be2d07615170000c93d581a54dc532bc\",\"name\":\"Iv\u00e1n Garc\u00eda Marrero\",\"image\":{\"@type\":\"ImageObject\",\"inLanguage\":\"en-US\",\"@id\":\"https:\/\/cronicasvinotinto.com\/#\/schema\/person\/image\/23494c9101089ad44ae88ce9d2f56aac\",\"url\":\"https:\/\/secure.gravatar.com\/avatar\/?s=96&d=mm&r=g\",\"contentUrl\":\"https:\/\/secure.gravatar.com\/avatar\/?s=96&d=mm&r=g\",\"caption\":\"Iv\u00e1n Garc\u00eda Marrero\"},\"url\":\"https:\/\/cronicasvinotinto.com\/en\/author\/igarcia\/\"}]}<\/script>\n<!-- \/ Yoast SEO plugin. -->","yoast_head_json":{"title":"Luis Mendoza \u201cMendocita\u201d el eterno 10 criollo - Cr\u00f3nicas Vinotinto","description":"A los 79 a\u00f1os de edad, Luis Mendoza, \u201cMendocita\u201d, \u00a0falleci\u00f3 y dej\u00f3 un legado eterno como uno de los mejores jugadores venezolanos.","robots":{"index":"index","follow":"follow","max-snippet":"max-snippet:-1","max-image-preview":"max-image-preview:large","max-video-preview":"max-video-preview:-1"},"canonical":"https:\/\/cronicasvinotinto.com\/en\/luis-mendoza-fallece\/","og_locale":"en_US","og_type":"article","og_title":"Luis Mendoza \u201cMendocita\u201d el eterno 10 criollo - Cr\u00f3nicas Vinotinto","og_description":"A los 79 a\u00f1os de edad, Luis Mendoza, \u201cMendocita\u201d, \u00a0falleci\u00f3 y dej\u00f3 un legado eterno como uno de los mejores jugadores venezolanos.","og_url":"https:\/\/cronicasvinotinto.com\/en\/luis-mendoza-fallece\/","og_site_name":"Cr\u00f3nicas Vinotinto","article_published_time":"2024-05-03T19:24:52+00:00","article_modified_time":"2024-05-04T16:40:24+00:00","og_image":[{"width":785,"height":442,"url":"https:\/\/cronicasvinotinto.com\/wp-content\/uploads\/2024\/05\/luis-mendoza-jpg-e1714763968278.webp","type":"image\/jpeg"}],"author":"Iv\u00e1n Garc\u00eda Marrero","twitter_card":"summary_large_image","twitter_creator":"@cronicasvinotin","twitter_site":"@cronicasvinotin","twitter_misc":{"Written by":"Iv\u00e1n Garc\u00eda Marrero","Est. reading time":"4 minutes"},"schema":{"@context":"https:\/\/schema.org","@graph":[{"@type":"Article","@id":"https:\/\/cronicasvinotinto.com\/luis-mendoza-fallece\/#article","isPartOf":{"@id":"https:\/\/cronicasvinotinto.com\/luis-mendoza-fallece\/"},"author":{"name":"Iv\u00e1n Garc\u00eda Marrero","@id":"https:\/\/cronicasvinotinto.com\/#\/schema\/person\/be2d07615170000c93d581a54dc532bc"},"headline":"Luis Mendoza \u201cMendocita\u201d el eterno 10 criollo","datePublished":"2024-05-03T19:24:52+00:00","dateModified":"2024-05-04T16:40:24+00:00","mainEntityOfPage":{"@id":"https:\/\/cronicasvinotinto.com\/luis-mendoza-fallece\/"},"wordCount":795,"commentCount":0,"publisher":{"@id":"https:\/\/cronicasvinotinto.com\/#organization"},"image":{"@id":"https:\/\/cronicasvinotinto.com\/luis-mendoza-fallece\/#primaryimage"},"thumbnailUrl":"https:\/\/cronicasvinotinto.com\/wp-content\/uploads\/2024\/05\/luis-mendoza-jpg-e1714763968278.webp","keywords":["venezuela","vinotinto"],"articleSection":["Ex Vinotintos"],"inLanguage":"en-US","potentialAction":[{"@type":"CommentAction","name":"Comment","target":["https:\/\/cronicasvinotinto.com\/luis-mendoza-fallece\/#respond"]}]},{"@type":"WebPage","@id":"https:\/\/cronicasvinotinto.com\/luis-mendoza-fallece\/","url":"https:\/\/cronicasvinotinto.com\/luis-mendoza-fallece\/","name":"Luis Mendoza \u201cMendocita\u201d el eterno 10 criollo - Cr\u00f3nicas Vinotinto","isPartOf":{"@id":"https:\/\/cronicasvinotinto.com\/#website"},"primaryImageOfPage":{"@id":"https:\/\/cronicasvinotinto.com\/luis-mendoza-fallece\/#primaryimage"},"image":{"@id":"https:\/\/cronicasvinotinto.com\/luis-mendoza-fallece\/#primaryimage"},"thumbnailUrl":"https:\/\/cronicasvinotinto.com\/wp-content\/uploads\/2024\/05\/luis-mendoza-jpg-e1714763968278.webp","datePublished":"2024-05-03T19:24:52+00:00","dateModified":"2024-05-04T16:40:24+00:00","description":"A los 79 a\u00f1os de edad, Luis Mendoza, \u201cMendocita\u201d, \u00a0falleci\u00f3 y dej\u00f3 un legado eterno como uno de los mejores jugadores venezolanos.","breadcrumb":{"@id":"https:\/\/cronicasvinotinto.com\/luis-mendoza-fallece\/#breadcrumb"},"inLanguage":"en-US","potentialAction":[{"@type":"ReadAction","target":["https:\/\/cronicasvinotinto.com\/luis-mendoza-fallece\/"]}]},{"@type":"ImageObject","inLanguage":"en-US","@id":"https:\/\/cronicasvinotinto.com\/luis-mendoza-fallece\/#primaryimage","url":"https:\/\/cronicasvinotinto.com\/wp-content\/uploads\/2024\/05\/luis-mendoza-jpg-e1714763968278.webp","contentUrl":"https:\/\/cronicasvinotinto.com\/wp-content\/uploads\/2024\/05\/luis-mendoza-jpg-e1714763968278.webp","width":785,"height":442,"caption":"FOTO BALONAZOS.COM"},{"@type":"BreadcrumbList","@id":"https:\/\/cronicasvinotinto.com\/luis-mendoza-fallece\/#breadcrumb","itemListElement":[{"@type":"ListItem","position":1,"name":"Portada","item":"https:\/\/cronicasvinotinto.com\/"},{"@type":"ListItem","position":2,"name":"Luis Mendoza \u201cMendocita\u201d el eterno 10 criollo"}]},{"@type":"WebSite","@id":"https:\/\/cronicasvinotinto.com\/#website","url":"https:\/\/cronicasvinotinto.com\/","name":"Cr\u00f3nicas Vinotinto","description":"Noticias, historias, opini\u00f3n y pasi\u00f3n por la Vinotinto en su camino hacia el Mundial.","publisher":{"@id":"https:\/\/cronicasvinotinto.com\/#organization"},"potentialAction":[{"@type":"SearchAction","target":{"@type":"EntryPoint","urlTemplate":"https:\/\/cronicasvinotinto.com\/?s={search_term_string}"},"query-input":{"@type":"PropertyValueSpecification","valueRequired":true,"valueName":"search_term_string"}}],"inLanguage":"en-US"},{"@type":"Organization","@id":"https:\/\/cronicasvinotinto.com\/#organization","name":"Cr\u00f3nicas Vinotinto","url":"https:\/\/cronicasvinotinto.com\/","logo":{"@type":"ImageObject","inLanguage":"en-US","@id":"https:\/\/cronicasvinotinto.com\/#\/schema\/logo\/image\/","url":"https:\/\/cronicasvinotinto.com\/wp-content\/uploads\/2023\/09\/cronicasvinotinto_logo_dia-1.png","contentUrl":"https:\/\/cronicasvinotinto.com\/wp-content\/uploads\/2023\/09\/cronicasvinotinto_logo_dia-1.png","width":601,"height":197,"caption":"Cr\u00f3nicas Vinotinto"},"image":{"@id":"https:\/\/cronicasvinotinto.com\/#\/schema\/logo\/image\/"},"sameAs":["https:\/\/x.com\/cronicasvinotin"]},{"@type":"Person","@id":"https:\/\/cronicasvinotinto.com\/#\/schema\/person\/be2d07615170000c93d581a54dc532bc","name":"Iv\u00e1n Garc\u00eda Marrero","image":{"@type":"ImageObject","inLanguage":"en-US","@id":"https:\/\/cronicasvinotinto.com\/#\/schema\/person\/image\/23494c9101089ad44ae88ce9d2f56aac","url":"https:\/\/secure.gravatar.com\/avatar\/?s=96&d=mm&r=g","contentUrl":"https:\/\/secure.gravatar.com\/avatar\/?s=96&d=mm&r=g","caption":"Iv\u00e1n Garc\u00eda Marrero"},"url":"https:\/\/cronicasvinotinto.com\/en\/author\/igarcia\/"}]}},"authors":[{"term_id":289,"user_id":3,"is_guest":0,"slug":"igarcia","display_name":"Iv\u00e1n Garc\u00eda Marrero","avatar_url":"https:\/\/secure.gravatar.com\/avatar\/?s=96&d=mm&r=g","author_category":"","user_url":"","last_name":"Garc\u00eda Marrero","first_name":"Iv\u00e1n","job_title":"","description":""}],"_links":{"self":[{"href":"https:\/\/cronicasvinotinto.com\/en\/wp-json\/wp\/v2\/posts\/6160","targetHints":{"allow":["GET"]}}],"collection":[{"href":"https:\/\/cronicasvinotinto.com\/en\/wp-json\/wp\/v2\/posts"}],"about":[{"href":"https:\/\/cronicasvinotinto.com\/en\/wp-json\/wp\/v2\/types\/post"}],"author":[{"embeddable":true,"href":"https:\/\/cronicasvinotinto.com\/en\/wp-json\/wp\/v2\/users\/3"}],"replies":[{"embeddable":true,"href":"https:\/\/cronicasvinotinto.com\/en\/wp-json\/wp\/v2\/comments?post=6160"}],"version-history":[{"count":1,"href":"https:\/\/cronicasvinotinto.com\/en\/wp-json\/wp\/v2\/posts\/6160\/revisions"}],"predecessor-version":[{"id":6162,"href":"https:\/\/cronicasvinotinto.com\/en\/wp-json\/wp\/v2\/posts\/6160\/revisions\/6162"}],"wp:featuredmedia":[{"embeddable":true,"href":"https:\/\/cronicasvinotinto.com\/en\/wp-json\/wp\/v2\/media\/6161"}],"wp:attachment":[{"href":"https:\/\/cronicasvinotinto.com\/en\/wp-json\/wp\/v2\/media?parent=6160"}],"wp:term":[{"taxonomy":"category","embeddable":true,"href":"https:\/\/cronicasvinotinto.com\/en\/wp-json\/wp\/v2\/categories?post=6160"},{"taxonomy":"post_tag","embeddable":true,"href":"https:\/\/cronicasvinotinto.com\/en\/wp-json\/wp\/v2\/tags?post=6160"},{"taxonomy":"author","embeddable":true,"href":"https:\/\/cronicasvinotinto.com\/en\/wp-json\/wp\/v2\/ppma_author?post=6160"}],"curies":[{"name":"wp","href":"https:\/\/api.w.org\/{rel}","templated":true}]}}